{"id":5164,"date":"2025-02-15T20:27:32","date_gmt":"2025-02-15T23:27:32","guid":{"rendered":"https:\/\/13.com.ar\/index.php\/grete-y-la-interpretacion-de-los-suenos\/"},"modified":"2025-02-15T20:27:32","modified_gmt":"2025-02-15T23:27:32","slug":"grete-y-la-interpretacion-de-los-suenos","status":"publish","type":"post","link":"https:\/\/13.com.ar\/index.php\/grete-y-la-interpretacion-de-los-suenos\/","title":{"rendered":"Grete y la interpretaci\u00f3n de los sue\u00f1os"},"content":{"rendered":"<p> <br \/>\n<br \/><img decoding=\"async\" src=\"https:\/\/13.com.ar\/wp-content\/uploads\/2025\/02\/Grete-y-la-interpretacion-de-los-suenos.jpg\" \/><\/p>\n<div>\n<p>Hay colaboraciones insospechadas que a veces terminan produciendo milagros. Italiano de nacimiento, exilado en Buenos Aires huyendo del fascismo de Mussolini, se convirti\u00f3 en precursor y referente de la sociolog\u00eda argentina y latinoamericana. Alemana de nacimiento, alejada de su pa\u00eds escapando de Hitler, por casamiento recal\u00f3 en Buenos Aires y produjo aqu\u00ed la mayor parte de su obra, que la consagr\u00f3 como una de las fundadoras de la fotograf\u00eda moderna en el pa\u00eds.<\/p>\n<\/div>\n<div>\n<p> En 1948, \u00e9l, Gino Germani, dirig\u00eda en Editorial Abril -fundada por tres compatriotas suyos-, el semanario Idilio, una \u201crevista del coraz\u00f3n\u201d dirigida al p\u00fablico femenino. A ella, Grete Stern, le ofrecieron entonces un trabajo inusual: fotografiar los sue\u00f1os de las lectoras, que \u00e9stas deb\u00edan enviar por carta contestando un cuestionario y que, bajo el seud\u00f3nimo de Profesor Richard Rest, Germani interpretar\u00eda junto a Enrique Butelman, fundador de la editorial Paid\u00f3s, en una columna titulada \u201cEl psicoan\u00e1lisis le ayudar\u00e1\u201d.<\/p>\n<\/div>\n<div>\n<p>La colaboraci\u00f3n, que se extendi\u00f3 por tres a\u00f1os, dio como resultado &#8220;La serie de los sue\u00f1os&#8221;, una extraordinaria obra de cerca de 150 fotomontajes, considerada clave en la vanguardia fotogr\u00e1fica argentina. Con una mezcla de sarcasmo y surrealismo, Stern plasm\u00f3, a trav\u00e9s de esas im\u00e1genes, su punto de vista sobre la opresi\u00f3n y la sumisi\u00f3n de las mujeres en la sociedad argentina de aquellos a\u00f1os. <\/p>\n<\/div>\n<div>\n<p>La carrera de Stern fue prol\u00edfica y variada: retrat\u00f3 desde la vida de abor\u00edgenes del norte argentino hasta escritores y artistas aqu\u00ed y en el mundo, con reconocimiento internacional, hasta que problemas en la vista la obligaron a dejar de trabajar con la c\u00e1mara. Ten\u00eda 95 a\u00f1os cuando muri\u00f3 en Buenos Aires el 24 de diciembre de 1999.<\/p>\n<\/div>\n<p><br \/>\n<br \/><a href=\"https:\/\/www.clarin.com\/opinion\/grete-interpretacion-suenos_0_nqbjICoB6r.html\">Fuente Clarin.com <\/a><\/p>\n","protected":false},"excerpt":{"rendered":"<p>Hay colaboraciones insospechadas que a veces terminan produciendo milagros. Italiano de nacimiento, exilado en Buenos Aires huyendo del fascismo de Mussolini, se convirti\u00f3 en precursor y referente de la sociolog\u00eda argentina y latinoamericana. Alemana de nacimiento, alejada de su pa\u00eds escapando de Hitler, por casamiento recal\u00f3 en Buenos Aires y produjo aqu\u00ed la mayor parte [&hellip;]<\/p>\n","protected":false},"author":1,"featured_media":5165,"comment_status":"open","ping_status":"open","sticky":false,"template":"","format":"standard","meta":{"footnotes":""},"categories":[2],"tags":[7139,7140,28,7141],"class_list":["post-5164","post","type-post","status-publish","format-standard","has-post-thumbnail","hentry","category-ultimas-noticias","tag-grete","tag-interpretacion","tag-los","tag-suenos"],"_links":{"self":[{"href":"https:\/\/13.com.ar\/index.php\/wp-json\/wp\/v2\/posts\/5164","targetHints":{"allow":["GET"]}}],"collection":[{"href":"https:\/\/13.com.ar\/index.php\/wp-json\/wp\/v2\/posts"}],"about":[{"href":"https:\/\/13.com.ar\/index.php\/wp-json\/wp\/v2\/types\/post"}],"author":[{"embeddable":true,"href":"https:\/\/13.com.ar\/index.php\/wp-json\/wp\/v2\/users\/1"}],"replies":[{"embeddable":true,"href":"https:\/\/13.com.ar\/index.php\/wp-json\/wp\/v2\/comments?post=5164"}],"version-history":[{"count":0,"href":"https:\/\/13.com.ar\/index.php\/wp-json\/wp\/v2\/posts\/5164\/revisions"}],"wp:featuredmedia":[{"embeddable":true,"href":"https:\/\/13.com.ar\/index.php\/wp-json\/wp\/v2\/media\/5165"}],"wp:attachment":[{"href":"https:\/\/13.com.ar\/index.php\/wp-json\/wp\/v2\/media?parent=5164"}],"wp:term":[{"taxonomy":"category","embeddable":true,"href":"https:\/\/13.com.ar\/index.php\/wp-json\/wp\/v2\/categories?post=5164"},{"taxonomy":"post_tag","embeddable":true,"href":"https:\/\/13.com.ar\/index.php\/wp-json\/wp\/v2\/tags?post=5164"}],"curies":[{"name":"wp","href":"https:\/\/api.w.org\/{rel}","templated":true}]}}