{"id":5163,"date":"2025-02-15T19:56:30","date_gmt":"2025-02-15T22:56:30","guid":{"rendered":"https:\/\/13.com.ar\/index.php\/el-gobierno-busca-protegerse-del-escandalo-por-la-criptomoneda-que-promociono-javier-milei\/"},"modified":"2025-02-15T19:56:30","modified_gmt":"2025-02-15T22:56:30","slug":"el-gobierno-busca-protegerse-del-escandalo-por-la-criptomoneda-que-promociono-javier-milei","status":"publish","type":"post","link":"https:\/\/13.com.ar\/index.php\/el-gobierno-busca-protegerse-del-escandalo-por-la-criptomoneda-que-promociono-javier-milei\/","title":{"rendered":"El Gobierno busca protegerse del esc\u00e1ndalo por la criptomoneda que promocion\u00f3 Javier Milei"},"content":{"rendered":"<p> <br \/>\n<br \/><img decoding=\"async\" src=\"https:\/\/13.com.ar\/wp-content\/uploads\/2025\/02\/\u00bfEs-un-delito-o-no-Juristas-referentes-cripto-y-opositores.jpg\" \/><\/p>\n<div id=\"cuerpo\">\n<div class=\"sc-80531b6b-0 chRIGJ container-text text-embed\">\n<p>El <strong>esc\u00e1ndalo por la criptomoneda $LIBRA <\/strong>que promocion\u00f3 el presidente Javier Milei en X y termin\u00f3 por desplomarse en cuesti\u00f3n de minutos arrastrando con p\u00e9rdidas a miles de inversores, amenaza con desordenar, pero no paralizar- los planes del oficialismo en el Congreso, que incluye la <strong>suspensi\u00f3n de las PASO, la leyes de reiterancia, juicio en ausencia y antimafia, ficha limpia y la votaci\u00f3n de Ariel Lijo<\/strong> para convertirse en juez de la Corte Suprema. En la presidencia del Senado se\u00f1alan que es demasiado prematuro para asegurar que la sesi\u00f3n prevista para el jueves se suspender\u00e1. En algunos de los bloques m\u00e1s opositores a Milei, incluso, descuentan que se sostendr\u00e1 la convocatoria, aunque todav\u00eda no fue oficializada y <strong>se desconoce el temario<\/strong>.<\/p>\n<\/div>\n<div class=\"sc-80531b6b-0 chRIGJ container-text text-embed\">\n<p>Las luces de alarma en el c\u00edrculo de m\u00e1xima confianza del mandatario se prendieron el mismo viernes por la noche, cuando la noticia cop\u00f3 los portales de noticias y fue el <strong>tema omnipresente en las redes sociales, <\/strong>tan caras para el mundo libertario que audita la conversaci\u00f3n digital.<\/p>\n<\/div>\n<div class=\"sc-80531b6b-0 chRIGJ container-text text-embed\">\n<p>El presidente de Diputados <strong>Mart\u00edn Menem y alfil de Karina Milei<\/strong> se comunic\u00f3 con algunos de los jefes de bloque oficialistas para tantear el estado de situaci\u00f3n. Algunos <strong>ni siquiera hab\u00edan tomado real magnitud del esc\u00e1ndalo<\/strong>. A algunos de ellos les transmiti\u00f3 las primeras l\u00edneas de la defensa discursiva del oficialismo que el Presidente explicit\u00f3 en X: la indignaci\u00f3n del arco opositor por el posible delito y la violencia de la ley de \u00e9tica p\u00fablica es en realidad &#8220;un ataque de la casta&#8221;.<\/p>\n<\/div>\n<div class=\"sc-80531b6b-0 chRIGJ container-text text-embed\">\n<p>El presidente <strong>tard\u00f3 tres minutos en publicitar el meme-coin<\/strong> desde su salida al mercado y <strong>casi cuatro horas en borrar el posteo<\/strong> y publicar una <strong>justificaci\u00f3n<\/strong>. En el medio, hubo silencio. Adem\u00e1s de la agenda legislativa, las acusaciones de la oposici\u00f3n y la defensa pol\u00edtica del mandatario amenazan con quitarle la centralidad a la agenda que suele controlar y digitar Santiago Caputo. En algunas de las oficinas m\u00e1s relevantes de la Rosada minimizan el impacto pol\u00edtico y prometen anuncios de alto voltaje para dar vuelta la p\u00e1gina. &#8220;Estamos en eso&#8221;, se\u00f1alan sin dar pistas.<\/p>\n<\/div>\n<div class=\"sc-80531b6b-0 chRIGJ container-text text-embed\">\n<p>De todos modos, en la mesa chica del Presidente analizan la conveniencia de que brinde en las pr\u00f3ximas horas -ser\u00eda el lunes- <strong>una entrevista con alguno de los periodistas con los que m\u00e1s habla<\/strong>.<\/p>\n<\/div>\n<div class=\"sc-80531b6b-0 chRIGJ container-text text-embed\">\n<p>Funcionarios importantes de Casa Rosada ensayaron los mismos argumentos que utilizaron para defender al jefe de Estado en sus diatribas contra el Congreso y gobernadores: <strong>una suerte de desdoblamiento entre el rol institucional de Milei como presidente<\/strong> y el de su car\u00e1cter de usuario de redes sociales. \u201cEl problema es que como ciudadano de a pie, tambi\u00e9n podr\u00eda haber un delito\u201d, consign\u00f3 una fuente libertaria que conoce el mundo de la criptomonedas. El abogado del Presidente en temas particulares, <strong>Francisco Oneto<\/strong>, enfatiz\u00f3 que en cualquier caso no hubo intencionalidad por parte del mandatario. <\/p>\n<\/div>\n<div class=\"sc-80531b6b-0 chRIGJ container-text text-embed\">\n<p>El esc\u00e1ndalo <strong>roza al Presidente, a su hermana<\/strong>, la secretaria general de Presidencia Karina Milei, y al vocero presidencial <strong>Manuel Adorni<\/strong>, que particip\u00f3 de una audiencia en octubre pasado con <strong>Juli\u00e1n Peh<\/strong>, el empresario de Singapur, que estar\u00eda detr\u00e1s de la $LIBRA, a trav\u00e9s de la empresa KIP Protocol. De ese encuentro particip\u00f3 tambi\u00e9n <strong>Mauricio Novelli, <\/strong>due\u00f1o de NW, una empresa de cursos financieros que promocionaba Milei antes de ser electo. El Presidente, adem\u00e1s, particip\u00f3 el a\u00f1o pasado como <strong>orador del Tech Forum<\/strong> que organiza Novelli y ten\u00eda planeado asistir a la pr\u00f3xima edici\u00f3n, el 5 de abril.<\/p>\n<\/div>\n<div class=\"sc-80531b6b-0 chRIGJ container-text text-embed\">\n<p>El bloque de senadores de UxP, que es fundamental para reunir los dos tercios que garanticen la nominaci\u00f3n de Lijo, difundi\u00f3 este s\u00e1bado un comunicado en el que insta a la C\u00e1mara Baja a impulsar un posible juicio pol\u00edtico al Presidente. \u201cDesde el Interbloque de Uni\u00f3n por la Patria instamos a que la C\u00e1mara de Diputados intervenga en este caso ejerciendo las atribuciones que le confiere la Carta Magna\u201d, se\u00f1alaron en el texto que sigui\u00f3 a las duras <strong>cr\u00edticas de Cristina Kirchner al mandatario<\/strong>.<\/p>\n<\/div>\n<div class=\"sc-80531b6b-0 chRIGJ container-text text-embed\">\n<p>El bloque de diputados del peronismo -tambi\u00e9n resquebrajado, como se not\u00f3 en la votaci\u00f3n de la suspensi\u00f3n de las PASO- recogi\u00f3 el guante. \u201c<strong>La participaci\u00f3n de Milei en un delito de estafa cripto es de enorme gravedad<\/strong>. Es un esc\u00e1ndalo sin precedentes. Nuestro bloque de diputados Nacionales decidi\u00f3 avanzar en la <strong>presentaci\u00f3n de un pedido de Juicio Pol\u00edtico contra el Presidente<\/strong>\u201d, prometieron.<\/p>\n<\/div>\n<div class=\"sc-80531b6b-0 chRIGJ container-text text-embed\">\n<p>En el <strong>PRO aportaron algo de tranquilidad<\/strong>, porque no apoyar\u00e1n en ning\u00fan caso un pedido de esa magnitud y garantizan un blindaje al mandatario. El jefe de bloque <strong>Cristian Ritondo<\/strong> -defendido por Milei cuando fue denunciado por supuestas propiedades sin declarar- carg\u00f3 contra el kirchnerismo y fue replicado por el presidente de la C\u00e1mara, con quien hab\u00eda hablado la noche anterior. &#8220;Los que fundieron la Argentina piden juicio pol\u00edtico. 20 a\u00f1os llev\u00e1ndose puesto todo y ahora se hacen los moralistas y los republicanos. No tienen verg\u00fcenza&#8221;, tuite\u00f3.<\/p>\n<\/div>\n<div class=\"sc-80531b6b-0 chRIGJ container-text text-embed\">\n<p>De todos modos, puertas adentro del bloque amarillo -que en la pr\u00e1ctica ya est\u00e1 partido entre <strong>bullrichistas, macristas y los que preparan el salto al mile\u00edsmo<\/strong>&#8211; hay voces que reclaman la posibilidad de conformar una comisi\u00f3n investigadora con el peronismo. El <strong>larretista \u00c1lvaro Gonz\u00e1lez y Silvia Lospennato<\/strong>, que siempre abraza una agenda institucionalista y de transparencia, reclaman alg\u00fan tipo de acci\u00f3n. No se descarta alg\u00fan tipo de comunicado partidario.<\/p>\n<\/div>\n<div class=\"sc-80531b6b-0 chRIGJ container-text text-embed\">\n<p>\u201cEs un cisne negro y la actividad parlamentaria se va a resentir. <strong>A Mauricio no le va a quedar m\u00e1s remedio que ayudarlo<\/strong> de todos modos aunque hoy se le haya escapado una sonrisa\u201d, destacan en el PRO. Los aliados ven con perplejidad el tropiezo presidencial. \u201c<strong>El problema de Milei fue, es y ser\u00e1 el propio Milei y sus excesos<\/strong>\u201d, analizaron.<\/p>\n<\/div>\n<div class=\"sc-80531b6b-0 chRIGJ container-text text-embed\">\n<p>El jefe de bloque en la legislatura porte\u00f1a del PRO <strong>Dar\u00edo Nieto<\/strong>, ex secretario privado de Macri durante su presidencia y activo promotor del mundo cripto, castig\u00f3 a Milei en redes. \u201cAnoche el Presidente desperdici\u00f3 todo ese potencial: <strong>se rode\u00f3 de los equivocados, dijo cualquier cosa, recomend\u00f3 un Ponzi y respondi\u00f3 atacando a la casta<\/strong>. Su principal activo es la confianza en su plan econ\u00f3mico y, con lo de ayer demostr\u00f3 que no tiene ni idea de este tema y que est\u00e1 muy mal asesorado Deber\u00eda \u201cejecutar\u201d inmediatamente a quienes lo juntaron con $Libra\u201d, recomend\u00f3. <\/p>\n<\/div>\n<div class=\"sc-80531b6b-0 chRIGJ container-text text-embed\">\n<p>El ministro de Econom\u00eda replic\u00f3 el posteo del Presidente y este domingo compartir\u00e1 un acto de afiliaci\u00f3n en la Ciudad con Karina Milei. <strong>\u00bfY si apareciera el jefe de Estado para sugerir que su imagen sigue intacta?<\/strong> En el Gobierno descartan esa chance. <\/p>\n<\/div>\n<div class=\"sc-80531b6b-0 chRIGJ container-text text-embed\">\n<p>Adem\u00e1s de Patricia Bullrich que minimiz\u00f3 la pol\u00e9mica, el intendente de General Pueyrred\u00f3n <strong>Guillermo Montenegro<\/strong> fue una de las voces m\u00e1s entusiastas para defender al Presidente y consign\u00f3 que no hubo delito. Se prueba en el traje de <strong>ministro de Justicia que hoy ostenta Mariano C\u00faneo Libarona<\/strong>, pero -para que eso ocurra- el Gobierno deber\u00eda cerrar primero el cap\u00edtulo judicial con los votos de Lijo, que el Gobierno dice tener, pero que <strong>desaparecen en el poroteo <\/strong>de varios aliados del oficialismo.<\/p>\n<\/div>\n<\/div>\n<p><br \/>\n<br \/><a href=\"https:\/\/www.clarin.com\/politica\/gobierno-busca-protegerse-escandalo-criptomoneda-promociono-javier-milei_0_CGz6bQ8Akk.html\">Fuente Clarin.com <\/a><\/p>\n","protected":false},"excerpt":{"rendered":"<p>El esc\u00e1ndalo por la criptomoneda $LIBRA que promocion\u00f3 el presidente Javier Milei en X y termin\u00f3 por desplomarse en cuesti\u00f3n de minutos arrastrando con p\u00e9rdidas a miles de inversores, amenaza con desordenar, pero no paralizar- los planes del oficialismo en el Congreso, que incluye la suspensi\u00f3n de las PASO, la leyes de reiterancia, juicio en [&hellip;]<\/p>\n","protected":false},"author":1,"featured_media":5138,"comment_status":"open","ping_status":"open","sticky":false,"template":"","format":"standard","meta":{"footnotes":""},"categories":[2],"tags":[672,7002,100,1711,71,273,77,142,7003,7138],"class_list":["post-5163","post","type-post","status-publish","format-standard","has-post-thumbnail","hentry","category-ultimas-noticias","tag-busca","tag-criptomoneda","tag-del","tag-escandalo","tag-gobierno","tag-javier","tag-milei","tag-por","tag-promociono","tag-protegerse"],"_links":{"self":[{"href":"https:\/\/13.com.ar\/index.php\/wp-json\/wp\/v2\/posts\/5163","targetHints":{"allow":["GET"]}}],"collection":[{"href":"https:\/\/13.com.ar\/index.php\/wp-json\/wp\/v2\/posts"}],"about":[{"href":"https:\/\/13.com.ar\/index.php\/wp-json\/wp\/v2\/types\/post"}],"author":[{"embeddable":true,"href":"https:\/\/13.com.ar\/index.php\/wp-json\/wp\/v2\/users\/1"}],"replies":[{"embeddable":true,"href":"https:\/\/13.com.ar\/index.php\/wp-json\/wp\/v2\/comments?post=5163"}],"version-history":[{"count":0,"href":"https:\/\/13.com.ar\/index.php\/wp-json\/wp\/v2\/posts\/5163\/revisions"}],"wp:featuredmedia":[{"embeddable":true,"href":"https:\/\/13.com.ar\/index.php\/wp-json\/wp\/v2\/media\/5138"}],"wp:attachment":[{"href":"https:\/\/13.com.ar\/index.php\/wp-json\/wp\/v2\/media?parent=5163"}],"wp:term":[{"taxonomy":"category","embeddable":true,"href":"https:\/\/13.com.ar\/index.php\/wp-json\/wp\/v2\/categories?post=5163"},{"taxonomy":"post_tag","embeddable":true,"href":"https:\/\/13.com.ar\/index.php\/wp-json\/wp\/v2\/tags?post=5163"}],"curies":[{"name":"wp","href":"https:\/\/api.w.org\/{rel}","templated":true}]}}