{"id":5161,"date":"2025-02-15T19:22:44","date_gmt":"2025-02-15T22:22:44","guid":{"rendered":"https:\/\/13.com.ar\/index.php\/el-gobierno-asegura-que-comenzo-una-investigacion-de-oficio-por-el-escandalo-de-la-cripto-que-promociono-milei\/"},"modified":"2025-02-15T19:22:44","modified_gmt":"2025-02-15T22:22:44","slug":"el-gobierno-asegura-que-comenzo-una-investigacion-de-oficio-por-el-escandalo-de-la-cripto-que-promociono-milei","status":"publish","type":"post","link":"https:\/\/13.com.ar\/index.php\/el-gobierno-asegura-que-comenzo-una-investigacion-de-oficio-por-el-escandalo-de-la-cripto-que-promociono-milei\/","title":{"rendered":"El Gobierno asegura que comenz\u00f3 una investigaci\u00f3n de oficio por el esc\u00e1ndalo de la cripto que promocion\u00f3 Milei"},"content":{"rendered":"<p> <br \/>\n<br \/><img decoding=\"async\" src=\"https:\/\/13.com.ar\/wp-content\/uploads\/2025\/02\/El-Gobierno-asegura-que-comenzo-una-investigacion-de-oficio-por.jpg\" \/><\/p>\n<div>\n<p>El Gobierno de Javier Milei acus\u00f3 el impacto del esc\u00e1ndalo que se desat\u00f3 en relaci\u00f3n con la criptomoneda que promocion\u00f3 el Presidente. Este s\u00e1bado, altas fuentes del Ejecutivo aseguraron que<strong> ya inici\u00f3 una investigaci\u00f3n de oficio en busca de irregularidades<\/strong> en el proyecto, que anunciaba como finalidad el financiamiento de peque\u00f1as empresas y startups argentinas.<\/p>\n<\/div>\n<div>\n<p>El jefe del Estado orden\u00f3 a su equipo el inicio de la investigaci\u00f3n horas despu\u00e9s de haber borrado de X el mensaje con el que recomendaba <strong>invertir en &#8220;Viva la Libertad Project&#8221;, <\/strong>con la cripto $LIBRA.<\/p>\n<\/div>\n<div>\n<p>El comienzo de la investigaci\u00f3n fue confirmado a <strong>Clar\u00edn<\/strong> por una alta fuente de Presidencia. Seg\u00fan se\u00f1alaron, Milei dio la orden de avanzar, pero se mantiene al margen de los detalles.<\/p>\n<\/div>\n<div>\n<p>En ese mismo sentido, insistieron en que el mensaje del jefe del Ejecutivo no reviste nada parecido a un delito. Se trata de la publicaci\u00f3n de X, que tambi\u00e9n sali\u00f3 en Instagram, en la que publicitaba el proyecto, presentaba la criptomoneda y refer\u00eda un enlace a la p\u00e1gina oficial de la iniciativa.<\/p>\n<\/div>\n<div>\n<p>&#8220;En cuanto <strong>empezaron a decir que pod\u00eda ser algo turbio<\/strong>, ante la duda lo sac\u00f3, y as\u00ed lo explic\u00f3&#8221;, se\u00f1alaron desde el entorno m\u00e1s cercano del jefe del Estado.<\/p>\n<\/div>\n<div>\n<p>Pasada la medianoche del viernes, Milei explic\u00f3 en sus redes sociales que &#8220;no estaba interiorizado de los pormenores del proyecto&#8221; y reci\u00e9n cuando lo hizo decidi\u00f3 borrar el mensaje.<\/p>\n<\/div>\n<div>\n<p>Hasta el momento, las dos empresas que quedaron en medio del esc\u00e1ndalo son KIP Network Inc, que es liderada por Julian Peh y trabaja con la Web3 y proyectos de Inteligencia Artificial (IA), y Kelsier Ventures, la compa\u00f1\u00eda que tiene como m\u00e1ximo responsable a Hayden Davis, el joven emprendedor que visit\u00f3 al mandatario en la Casa Rosada en enero pasado.<\/p>\n<\/div>\n<p><br \/>\n<br \/><a href=\"https:\/\/www.clarin.com\/politica\/gobierno-asegura-comenzo-investigacion-oficio-escandalo-cripto-promociono-milei_0_VXw8rEYWHj.html\">Fuente Clarin.com <\/a><\/p>\n","protected":false},"excerpt":{"rendered":"<p>El Gobierno de Javier Milei acus\u00f3 el impacto del esc\u00e1ndalo que se desat\u00f3 en relaci\u00f3n con la criptomoneda que promocion\u00f3 el Presidente. Este s\u00e1bado, altas fuentes del Ejecutivo aseguraron que ya inici\u00f3 una investigaci\u00f3n de oficio en busca de irregularidades en el proyecto, que anunciaba como finalidad el financiamiento de peque\u00f1as empresas y startups argentinas. [&hellip;]<\/p>\n","protected":false},"author":1,"featured_media":5162,"comment_status":"open","ping_status":"open","sticky":false,"template":"","format":"standard","meta":{"footnotes":""},"categories":[2],"tags":[1090,348,7005,1711,71,1362,77,7137,142,7003,73],"class_list":["post-5161","post","type-post","status-publish","format-standard","has-post-thumbnail","hentry","category-ultimas-noticias","tag-asegura","tag-comenzo","tag-cripto","tag-escandalo","tag-gobierno","tag-investigacion","tag-milei","tag-oficio","tag-por","tag-promociono","tag-una"],"_links":{"self":[{"href":"https:\/\/13.com.ar\/index.php\/wp-json\/wp\/v2\/posts\/5161","targetHints":{"allow":["GET"]}}],"collection":[{"href":"https:\/\/13.com.ar\/index.php\/wp-json\/wp\/v2\/posts"}],"about":[{"href":"https:\/\/13.com.ar\/index.php\/wp-json\/wp\/v2\/types\/post"}],"author":[{"embeddable":true,"href":"https:\/\/13.com.ar\/index.php\/wp-json\/wp\/v2\/users\/1"}],"replies":[{"embeddable":true,"href":"https:\/\/13.com.ar\/index.php\/wp-json\/wp\/v2\/comments?post=5161"}],"version-history":[{"count":0,"href":"https:\/\/13.com.ar\/index.php\/wp-json\/wp\/v2\/posts\/5161\/revisions"}],"wp:featuredmedia":[{"embeddable":true,"href":"https:\/\/13.com.ar\/index.php\/wp-json\/wp\/v2\/media\/5162"}],"wp:attachment":[{"href":"https:\/\/13.com.ar\/index.php\/wp-json\/wp\/v2\/media?parent=5161"}],"wp:term":[{"taxonomy":"category","embeddable":true,"href":"https:\/\/13.com.ar\/index.php\/wp-json\/wp\/v2\/categories?post=5161"},{"taxonomy":"post_tag","embeddable":true,"href":"https:\/\/13.com.ar\/index.php\/wp-json\/wp\/v2\/tags?post=5161"}],"curies":[{"name":"wp","href":"https:\/\/api.w.org\/{rel}","templated":true}]}}