{"id":5149,"date":"2025-02-15T18:01:03","date_gmt":"2025-02-15T21:01:03","guid":{"rendered":"https:\/\/13.com.ar\/index.php\/en-medio-del-escandalo-cripto-economia-sale-en-x-a-hablar-de-la-baja-de-inflacion-y-la-agenda-macro\/"},"modified":"2025-02-15T18:01:03","modified_gmt":"2025-02-15T21:01:03","slug":"en-medio-del-escandalo-cripto-economia-sale-en-x-a-hablar-de-la-baja-de-inflacion-y-la-agenda-macro","status":"publish","type":"post","link":"https:\/\/13.com.ar\/index.php\/en-medio-del-escandalo-cripto-economia-sale-en-x-a-hablar-de-la-baja-de-inflacion-y-la-agenda-macro\/","title":{"rendered":"En medio del esc\u00e1ndalo cripto, Econom\u00eda sale en X a hablar de la baja de inflaci\u00f3n y la agenda macro"},"content":{"rendered":"<p> <br \/>\n<br \/><img decoding=\"async\" src=\"https:\/\/13.com.ar\/wp-content\/uploads\/2025\/02\/El-enojo-del-ministro-Luis-Caputo-con-un-banco-de.jpg\" \/><\/p>\n<div>\n<p>Este s\u00e1bado, temprano, Pablo Quirno, secretario de Finanzas, escribi\u00f3 <em>\u201cQue la gente crea porque tiene con qu\u00e9 (y por qu\u00e9) creer\u201d. Y enumer\u00f3: \u201cReducci\u00f3n del gasto interanual de la Administraci\u00f3n Nacional 14,2% en t\u00e9rminos reales a Enero 2024, inflaci\u00f3n en un continuo descenso, salarios gan\u00e1ndole a la inflaci\u00f3n por 8 meses consecutivos, cobertura de 100,7% de la Canasta B\u00e1sica Alimentaria (desde 50 y pico% en Nov 23), pobreza bajando casi 20 puntos porcentuales a 35,8%\u201d<\/em>.<\/p>\n<\/div>\n<div>\n<p>Al rato Federico Furiase, asesor del ministerio, agreg\u00f3: <em>\u201cclave lo que marca @pabloquirno. Desplome de la inflaci\u00f3n y recuperaci\u00f3n econ\u00f3mica en &#8220;V&#8221; a tan solo 1 a\u00f1o de la peor herencia macro de la historia. Con orden fiscal y monetario, corrigiendo precios relativos, bajando deuda p\u00fablica relevante a pib y con compras de reservas r\u00e9cord del BCRA. VLLC!\u201d<\/em>.<\/p>\n<\/div>\n<div>\n<p>Y m\u00e1s tarde Felipe N\u00fa\u00f1ez, tambi\u00e9n economista del Palacio de Hacienda, mencion\u00f3 tres anclas del modelo. <em>\u201cAncla Cambiaria: sinceramiento del TC en medio de un realineamiento de precios relativos y crawling del 2%. Ancla Fiscal: equilibrio fiscal en medio del ajuste mas grande de la historia y baja de impuestos cuando se consiguiera el super\u00e1vit con la recuperaci\u00f3n de la actividad y de la recaudaci\u00f3n. Ancla Monetaria: baja de tasas de los pasivos remunerados y posterior eliminaci\u00f3n y fase 2: emisi\u00f3n 0% (BMA congelada)\u201d<\/em>.<\/p>\n<\/div>\n<div>\n<p>El esc\u00e1ndalo de las cripto abre dos interrogantes de cara el escenario econ\u00f3mico que viene. Uno en lo inmediato, otro de m\u00e1s largo alcance.<\/p>\n<\/div>\n<div>\n<p>El primero tendr\u00e1 que ver con la apertura del mercado el lunes y c\u00f3mo reaccionan las variables ante los pedidos de juicio pol\u00edtico al Presidente que har\u00e1 la oposici\u00f3n seg\u00fan el s\u00e1bado ya hab\u00eda empezado a trascender. Todas las miradas en las pantallas estar\u00e1n puestas en los tipos de cambio alternativos y tambi\u00e9n en el Merval.<\/p>\n<\/div>\n<div>\n<p>Econom\u00eda anhelar\u00e1 que la discusi\u00f3n y el debate se reencaucen lo m\u00e1s r\u00e1pido posible a las pol\u00edticas fiscal, monetaria y cambiaria que viene llevando para estabilizar la econom\u00eda y que en definitiva es la que debate con el FMI. Pero ahora la conversaci\u00f3n parece estar en las criptomonedas y el tuit del Presidente Javier Milei.<\/p>\n<\/div>\n<p><br \/>\n<br \/><a href=\"https:\/\/www.clarin.com\/economia\/medio-escandalo-cripto-economia-sale-x-hablar-baja-inflacion-agenda-macro_0_9hLz7JngS0.html\">Fuente Clarin.com <\/a><\/p>\n","protected":false},"excerpt":{"rendered":"<p>Este s\u00e1bado, temprano, Pablo Quirno, secretario de Finanzas, escribi\u00f3 \u201cQue la gente crea porque tiene con qu\u00e9 (y por qu\u00e9) creer\u201d. Y enumer\u00f3: \u201cReducci\u00f3n del gasto interanual de la Administraci\u00f3n Nacional 14,2% en t\u00e9rminos reales a Enero 2024, inflaci\u00f3n en un continuo descenso, salarios gan\u00e1ndole a la inflaci\u00f3n por 8 meses consecutivos, cobertura de 100,7% [&hellip;]<\/p>\n","protected":false},"author":1,"featured_media":1164,"comment_status":"open","ping_status":"open","sticky":false,"template":"","format":"standard","meta":{"footnotes":""},"categories":[2],"tags":[472,524,7005,100,3104,1711,76,1544,7128,1224,449],"class_list":["post-5149","post","type-post","status-publish","format-standard","has-post-thumbnail","hentry","category-ultimas-noticias","tag-agenda","tag-baja","tag-cripto","tag-del","tag-economia","tag-escandalo","tag-hablar","tag-inflacion","tag-macro","tag-medio","tag-sale"],"_links":{"self":[{"href":"https:\/\/13.com.ar\/index.php\/wp-json\/wp\/v2\/posts\/5149","targetHints":{"allow":["GET"]}}],"collection":[{"href":"https:\/\/13.com.ar\/index.php\/wp-json\/wp\/v2\/posts"}],"about":[{"href":"https:\/\/13.com.ar\/index.php\/wp-json\/wp\/v2\/types\/post"}],"author":[{"embeddable":true,"href":"https:\/\/13.com.ar\/index.php\/wp-json\/wp\/v2\/users\/1"}],"replies":[{"embeddable":true,"href":"https:\/\/13.com.ar\/index.php\/wp-json\/wp\/v2\/comments?post=5149"}],"version-history":[{"count":0,"href":"https:\/\/13.com.ar\/index.php\/wp-json\/wp\/v2\/posts\/5149\/revisions"}],"wp:featuredmedia":[{"embeddable":true,"href":"https:\/\/13.com.ar\/index.php\/wp-json\/wp\/v2\/media\/1164"}],"wp:attachment":[{"href":"https:\/\/13.com.ar\/index.php\/wp-json\/wp\/v2\/media?parent=5149"}],"wp:term":[{"taxonomy":"category","embeddable":true,"href":"https:\/\/13.com.ar\/index.php\/wp-json\/wp\/v2\/categories?post=5149"},{"taxonomy":"post_tag","embeddable":true,"href":"https:\/\/13.com.ar\/index.php\/wp-json\/wp\/v2\/tags?post=5149"}],"curies":[{"name":"wp","href":"https:\/\/api.w.org\/{rel}","templated":true}]}}