{"id":5097,"date":"2025-02-15T11:50:09","date_gmt":"2025-02-15T14:50:09","guid":{"rendered":"https:\/\/13.com.ar\/index.php\/que-dijo-jannik-sinner-el-tenista-numero-1-del-mundo-tras-ser-suspendido-por-doping-soy-responsable\/"},"modified":"2025-02-15T11:50:09","modified_gmt":"2025-02-15T14:50:09","slug":"que-dijo-jannik-sinner-el-tenista-numero-1-del-mundo-tras-ser-suspendido-por-doping-soy-responsable","status":"publish","type":"post","link":"https:\/\/13.com.ar\/index.php\/que-dijo-jannik-sinner-el-tenista-numero-1-del-mundo-tras-ser-suspendido-por-doping-soy-responsable\/","title":{"rendered":"Qu\u00e9 dijo Jannik Sinner, el tenista n\u00famero 1 del mundo, tras ser suspendido por doping: &#8220;Soy responsable&#8230;&#8221;"},"content":{"rendered":"<p> <br \/>\n<br \/><img decoding=\"async\" src=\"https:\/\/13.com.ar\/wp-content\/uploads\/2025\/02\/Que-dijo-Jannik-Sinner-el-tenista-numero-1-del-mundo.jpg\" \/><\/p>\n<div>\n<p><em>\u201cSiempre he aceptado que <\/em><strong><em>soy responsable de mi equipo y me doy cuenta de que las estrictas normas de la AMA<\/em><\/strong><em> son una protecci\u00f3n importante para el deporte que amo. Sobre esta base, he aceptado la propuesta de resolver este procedimiento con una sanci\u00f3n de tres meses\u201d<\/em>, explic\u00f3 Sinner en un comunicado facilitado por su equipo de prensa.<\/p>\n<\/div>\n<div>\n<p>El jugador que <strong>ocupa el primer puesto en el ranking de la Asociaci\u00f3n de Tenistas Profesionales (ATP)<\/strong> dio positivo por una sustancia llamada clostebol en un control que se le realiz\u00f3 en marzo de 2024, durante el Masters 1000 de Indian Wells.<\/p>\n<\/div>\n<div>\n<p>El motivo del resultado positivo que arroj\u00f3 el control fue, seg\u00fan argument\u00f3 oportunamente el tenista, fue <strong><em>un masaje realizado sin guantes por su fisioterapeuta<\/em><\/strong>, quien en ese momento se estaba curando una herida en uno de sus dedos con un medicamento que conten\u00eda la sustancia prohibida.<\/p>\n<\/div>\n<div>\n<p>Despu\u00e9s de haber sido declarado inocente por la Agencia Internacional de Integridad del Tenis (ITIA), la Agencia Mundial Antidopaje (AMA) reabri\u00f3 el caso y ahora ha llegado finalmente al acuerdo con el tenista,<strong> por el cual deber\u00e1 permanecer inactivo hasta el 4 de mayo.<\/strong><\/p>\n<\/div>\n<div>\n<p>Sinner, seg\u00fan inform\u00f3 su equipo el comunicado oficial, reconoci\u00f3 su <strong>\u201cresponsabilidad parcial en los errores cometidos por su equipo\u201d<\/strong>, pero puntualiz\u00f3 que la investigaci\u00f3n de la AMA hab\u00eda llegado a la conclusi\u00f3n de que \u00e9l no hab\u00eda tenido ninguna intenci\u00f3n ni hab\u00eda obtenido ventaja competitiva alguna de los dos resultados positivos detectados en su organismo.<\/p>\n<\/div>\n<div>\n<p>El n\u00famero 1 del mundo justific\u00f3 el acuerdo, pese a que siempre ha defendido su inocencia:<strong><em> \u201cEste caso ha estado sobre m\u00ed durante casi un a\u00f1o y el proceso todav\u00eda ten\u00eda mucho tiempo por delante y la decisi\u00f3n no se tomar\u00eda hasta finales de a\u00f1o\u201d<\/em><\/strong>.<\/p>\n<\/div>\n<div>\n<p>En caso de no haber llegado a un acuerdo, los d\u00edas 16 y 17 de abril se hubiera celebrado una audiencia para dictaminar su culpabilidad o inocencia. La sanci\u00f3n, en caso de haber sido declarado culpable, habr\u00eda sido mucho mayor.<\/p>\n<\/div>\n<div>\n<p>Como consecuencia de este acuerdo y de la suspensi\u00f3n por tres meses, Sinner no podr\u00e1 participar, entre otros, de los Masters 1000 de Indian Wells, Miami, Montecarlo y Madrid, y podr\u00e1 regresar en el Masters 1000 de Roma, que comenzar\u00e1 el 7 de mayo.<\/p>\n<\/div>\n<p><br \/>\n<br \/><a href=\"https:\/\/www.clarin.com\/deportes\/dijo-jannik-sinner-tenista-numero-1-mundo-suspendido-doping-responsable_0_tgepvec9Wx.html\">Fuente Clarin.com <\/a><\/p>\n","protected":false},"excerpt":{"rendered":"<p>\u201cSiempre he aceptado que soy responsable de mi equipo y me doy cuenta de que las estrictas normas de la AMA son una protecci\u00f3n importante para el deporte que amo. Sobre esta base, he aceptado la propuesta de resolver este procedimiento con una sanci\u00f3n de tres meses\u201d, explic\u00f3 Sinner en un comunicado facilitado por su [&hellip;]<\/p>\n","protected":false},"author":1,"featured_media":5098,"comment_status":"open","ping_status":"open","sticky":false,"template":"","format":"standard","meta":{"footnotes":""},"categories":[2],"tags":[100,1572,7077,7057,143,3570,142,286,3628,1234,7058,4008,1394,1980,312],"class_list":["post-5097","post","type-post","status-publish","format-standard","has-post-thumbnail","hentry","category-ultimas-noticias","tag-del","tag-dijo","tag-doping","tag-jannik","tag-mundo","tag-numero","tag-por","tag-que","tag-responsable","tag-ser","tag-sinner","tag-soy","tag-suspendido","tag-tenista","tag-tras"],"_links":{"self":[{"href":"https:\/\/13.com.ar\/index.php\/wp-json\/wp\/v2\/posts\/5097","targetHints":{"allow":["GET"]}}],"collection":[{"href":"https:\/\/13.com.ar\/index.php\/wp-json\/wp\/v2\/posts"}],"about":[{"href":"https:\/\/13.com.ar\/index.php\/wp-json\/wp\/v2\/types\/post"}],"author":[{"embeddable":true,"href":"https:\/\/13.com.ar\/index.php\/wp-json\/wp\/v2\/users\/1"}],"replies":[{"embeddable":true,"href":"https:\/\/13.com.ar\/index.php\/wp-json\/wp\/v2\/comments?post=5097"}],"version-history":[{"count":0,"href":"https:\/\/13.com.ar\/index.php\/wp-json\/wp\/v2\/posts\/5097\/revisions"}],"wp:featuredmedia":[{"embeddable":true,"href":"https:\/\/13.com.ar\/index.php\/wp-json\/wp\/v2\/media\/5098"}],"wp:attachment":[{"href":"https:\/\/13.com.ar\/index.php\/wp-json\/wp\/v2\/media?parent=5097"}],"wp:term":[{"taxonomy":"category","embeddable":true,"href":"https:\/\/13.com.ar\/index.php\/wp-json\/wp\/v2\/categories?post=5097"},{"taxonomy":"post_tag","embeddable":true,"href":"https:\/\/13.com.ar\/index.php\/wp-json\/wp\/v2\/tags?post=5097"}],"curies":[{"name":"wp","href":"https:\/\/api.w.org\/{rel}","templated":true}]}}