{"id":5090,"date":"2025-02-15T10:58:42","date_gmt":"2025-02-15T13:58:42","guid":{"rendered":"https:\/\/13.com.ar\/index.php\/los-mensajes-que-israel-y-hamas-se-enviaron-a-traves-de-los-rehenes-y-presos-liberados\/"},"modified":"2025-02-15T10:58:42","modified_gmt":"2025-02-15T13:58:42","slug":"los-mensajes-que-israel-y-hamas-se-enviaron-a-traves-de-los-rehenes-y-presos-liberados","status":"publish","type":"post","link":"https:\/\/13.com.ar\/index.php\/los-mensajes-que-israel-y-hamas-se-enviaron-a-traves-de-los-rehenes-y-presos-liberados\/","title":{"rendered":"los mensajes que Israel y Hamas se enviaron a trav\u00e9s de los rehenes y presos liberados"},"content":{"rendered":"<p> <br \/>\n<\/p>\n<div id=\"cuerpo\">\n<div class=\"sc-80531b6b-0 chRIGJ container-text text-embed\">\n<p>Despu\u00e9s de una semana en que pareci\u00f3 que la fr\u00e1gil tregua alcanzada entre<strong> Israel y Hamas<\/strong> para intercambiar rehenes y presos y sostener un alto el fuego en <strong>Franja de Gaza<\/strong> naufragaba, en medio de amenazas de ambas partes y de una descabellada propuesta del presidente de Estados Unidos, Donald Trump, este s\u00e1bado el plan trazado hace semanas entre las partes en conflicto sigui\u00f3 su marcha.<\/p>\n<\/div>\n<div class=\"sc-80531b6b-0 chRIGJ container-text text-embed\">\n<p>As\u00ed, tres hombres que Hamas hab\u00eda secuestrado el 7 de octubre de 2023, cuando sus milicianos ingresaron a territorio israel\u00ed y mataron a cientos de civiles <strong>volvieron a Israel<\/strong>. A cambio, las autoridades jud\u00edas liberaron a 369 presos palestinos que ingresaron a sus c\u00e1rceles tras el comienzo de la guerra.<\/p>\n<\/div>\n<div class=\"sc-80531b6b-0 chRIGJ container-text text-embed\">\n<p>El de este s\u00e1bado es el <strong>sexto intercambio<\/strong> que se celebra entre Israel y Hamas desde el 19 de enero, cuando comenz\u00f3 este proceso. Pero a diferencia de los anteriores, esta vez ambas partes usaron las liberaciones para <strong>enviar -o enviarse- mensajes<\/strong>.<\/p>\n<\/div>\n<div class=\"sc-80531b6b-0 chRIGJ container-text text-embed\">\n<p>Por un lado, los milicianos de Hamas entregaron a tres rehenes en una ceremonia en la Franja Gaza menos ca\u00f3tica que las anteriores, pero utilizaron a uno de ellos -el argentino Iair Horn- como correo para llevar un mensaje que puede ser interpretado como advertencia o como amenaza.<\/p>\n<\/div>\n<div class=\"sc-198be8ec-0 cynXbu image-embed  image-embed \"><picture class=\"sc-198be8ec-1 kOjRiQ\"><source media=\"(min-width: 975px)\" width=\"720\" height=\"480\" \/><img alt=\"El reloj de arena, en el centro de la mesa entre una representante de Cruz Roja y un miliciano de Hamas. Foto: EFE\/Haitham Imad.\" loading=\"lazy\" width=\"720\" height=\"480\" decoding=\"async\" data-nimg=\"1\" style=\"color:transparent\" src=\"https:\/\/13.com.ar\/wp-content\/uploads\/2025\/02\/los-mensajes-que-Israel-y-Hamas-se-enviaron-a-traves.jpg\"\/><span class=\"epigraphe\">El reloj de arena, en el centro de la mesa entre una representante de Cruz Roja y un miliciano de Hamas. Foto: EFE\/Haitham Imad.<\/span><span class=\"bkg\"\/><span class=\"picture-open\"><button class=\"open-image\" aria-label=\"Open Image\"\/><\/span><\/picture><\/div>\n<div class=\"sc-80531b6b-0 chRIGJ container-text text-embed\">\n<p>Durante la ceremonia, celebrada en <strong>Kahn Younis<\/strong> ante decenas de milicianos palestinos enmascarados y armados con fusiles y sobre un escenario donde se le\u00edan frases como <strong>&#8220;No habr\u00e1 migraci\u00f3n, salvo a Jerusal\u00e9n&#8221;<\/strong>, uno de los milicianos entreg\u00f3 a Iair Horn un reloj de arena, que seg\u00fan medios \u00e1rabes va dirigido a Einav Zangauker, una de las portavoces de las familias de los rehenes y madre de Matan, cautivo en Gaza.<\/p>\n<\/div>\n<div class=\"sc-80531b6b-0 chRIGJ container-text text-embed\">\n<p>En el reloj, que pudo verse en el centro de la mesa situada sobre el escenario donde estaban los rehenes, <strong>se pod\u00eda leer la frase &#8220;El tiempo se est\u00e1 agotando&#8221;<\/strong>.<\/p>\n<\/div>\n<p><h2>La promesa israel\u00ed, estampada en las chaquetas de los presos<\/h2>\n<\/p>\n<div class=\"sc-80531b6b-0 chRIGJ container-text text-embed\">\n<p>Desde el otro bando, el mensaje enviado fue m\u00e1s una promesa de que el recuerdo de lo sucedido no morir\u00e1. Ni tampoco se perdonar\u00e1.<\/p>\n<\/div>\n<div class=\"sc-80531b6b-0 chRIGJ container-text text-embed\">\n<p>El Servicio de Prisiones israel\u00ed decidi\u00f3 vestir este s\u00e1bado a varios de los presos palestinos liberados con <strong>chaquetas en las que pod\u00eda leerse la frase &#8220;No olvidaremos ni perdonaremos&#8221;<\/strong>, junto a la estrella de David.<\/p>\n<\/div>\n<div class=\"sc-198be8ec-0 cynXbu image-embed  image-embed \"><picture class=\"sc-198be8ec-1 kOjRiQ\"><source media=\"(min-width: 975px)\" width=\"720\" height=\"480\" \/><img alt=\"&quot;No olvidaremos ni perdonaremos&quot;, junto a la estrella de David.Foto: EFE\/Servicio de Prisiones de Israel.\" loading=\"lazy\" width=\"720\" height=\"480\" decoding=\"async\" data-nimg=\"1\" style=\"color:transparent\" src=\"https:\/\/13.com.ar\/wp-content\/uploads\/2025\/02\/1739627922_189_los-mensajes-que-Israel-y-Hamas-se-enviaron-a-traves.jpg\"\/><span class=\"epigraphe\">&#8220;No olvidaremos ni perdonaremos&#8221;, junto a la estrella de David.Foto: EFE\/Servicio de Prisiones de Israel.<\/span><span class=\"bkg\"\/><span class=\"picture-open\"><button class=\"open-image\" aria-label=\"Open Image\"\/><\/span><\/picture><\/div>\n<div class=\"sc-80531b6b-0 chRIGJ container-text text-embed\">\n<p>El propio Servicio de Prisiones envi\u00f3 a trav\u00e9s de su canal de Whatsapp im\u00e1genes de presos arrodillados en una celda para mostrar la<strong> frase serigrafiada en \u00e1rabe en negro en la espalda de sus chaquetas<\/strong> de color gris.<\/p>\n<\/div>\n<div class=\"sc-80531b6b-0 chRIGJ container-text text-embed\">\n<p>Seg\u00fan medios israel\u00edes, la decisi\u00f3n fue tomada por el director de prisiones, el comisario Kobi Yaakobi, investigado en Israel por posible abuso de autoridad en un caso relacionado con el exministro ultranacionalista de Segurdad Nacional Itamar Ben Gvir.<\/p>\n<\/div>\n<div class=\"sc-80531b6b-0 chRIGJ container-text text-embed\">\n<p>Est\u00e1 previsto que Israel libere este s\u00e1bado en Gaza a 333 presos gazat\u00edes arrestados tras el comienzo de la guerra, adem\u00e1s de nueve presos palestinos en Cisjordania ocupada y dos en Jerusal\u00e9n Este. Otros 24 presos ser\u00e1n deportados a Egipto, y de ah\u00ed previsiblemente a otros pa\u00edses.<\/p>\n<\/div>\n<div class=\"sc-198be8ec-0 cynXbu image-embed  image-embed \"><picture class=\"sc-198be8ec-1 kOjRiQ\"><source media=\"(min-width: 975px)\" width=\"720\" height=\"480\" \/><img alt=\"El Servicio de Prisiones israel\u00ed visti\u00f3 este s\u00e1bado a presos palestinos liberados con chaquetas con la frase &quot;No olvidaremos ni perdonaremos&quot;. Foto: EFE\/ Servicio de Prisiones de Israel.\" loading=\"lazy\" width=\"720\" height=\"480\" decoding=\"async\" data-nimg=\"1\" style=\"color:transparent\" src=\"https:\/\/13.com.ar\/wp-content\/uploads\/2025\/02\/1739627922_539_los-mensajes-que-Israel-y-Hamas-se-enviaron-a-traves.jpg\"\/><span class=\"epigraphe\">El Servicio de Prisiones israel\u00ed visti\u00f3 este s\u00e1bado a presos palestinos liberados con chaquetas con la frase &#8220;No olvidaremos ni perdonaremos&#8221;. Foto: EFE\/ Servicio de Prisiones de Israel.<\/span><span class=\"bkg\"\/><span class=\"picture-open\"><button class=\"open-image\" aria-label=\"Open Image\"\/><\/span><\/picture><\/div>\n<div class=\"sc-80531b6b-0 chRIGJ container-text text-embed\">\n<p>Entre los liberados en Ramallah no se ve\u00eda ninguna chaqueta como la de la fotograf\u00eda. Todos llevaban abrigo y algunos ten\u00edan kufiyas (el pa\u00f1uelo tradicional palestino) que les cubr\u00edan el cuello.<\/p>\n<\/div>\n<\/div>\n<p><br \/>\n<br \/><a href=\"https:\/\/www.clarin.com\/mundo\/chaquetas-serigrafiadas-reloj-arena-mensajes-israel-hamas-enviaron-traves-rehenes-presos-liberados_0_rikRDc9ST9.html\">Fuente Clarin.com <\/a><\/p>\n","protected":false},"excerpt":{"rendered":"<p>Despu\u00e9s de una semana en que pareci\u00f3 que la fr\u00e1gil tregua alcanzada entre Israel y Hamas para intercambiar rehenes y presos y sostener un alto el fuego en Franja de Gaza naufragaba, en medio de amenazas de ambas partes y de una descabellada propuesta del presidente de Estados Unidos, Donald Trump, este s\u00e1bado el plan [&hellip;]<\/p>\n","protected":false},"author":1,"featured_media":5091,"comment_status":"open","ping_status":"open","sticky":false,"template":"","format":"standard","meta":{"footnotes":""},"categories":[2],"tags":[7073,1461,22,1541,28,2957,2285,1538,2025],"class_list":["post-5090","post","type-post","status-publish","format-standard","has-post-thumbnail","hentry","category-ultimas-noticias","tag-enviaron","tag-hamas","tag-israel","tag-liberados","tag-los","tag-mensajes","tag-presos","tag-rehenes","tag-traves"],"_links":{"self":[{"href":"https:\/\/13.com.ar\/index.php\/wp-json\/wp\/v2\/posts\/5090","targetHints":{"allow":["GET"]}}],"collection":[{"href":"https:\/\/13.com.ar\/index.php\/wp-json\/wp\/v2\/posts"}],"about":[{"href":"https:\/\/13.com.ar\/index.php\/wp-json\/wp\/v2\/types\/post"}],"author":[{"embeddable":true,"href":"https:\/\/13.com.ar\/index.php\/wp-json\/wp\/v2\/users\/1"}],"replies":[{"embeddable":true,"href":"https:\/\/13.com.ar\/index.php\/wp-json\/wp\/v2\/comments?post=5090"}],"version-history":[{"count":0,"href":"https:\/\/13.com.ar\/index.php\/wp-json\/wp\/v2\/posts\/5090\/revisions"}],"wp:featuredmedia":[{"embeddable":true,"href":"https:\/\/13.com.ar\/index.php\/wp-json\/wp\/v2\/media\/5091"}],"wp:attachment":[{"href":"https:\/\/13.com.ar\/index.php\/wp-json\/wp\/v2\/media?parent=5090"}],"wp:term":[{"taxonomy":"category","embeddable":true,"href":"https:\/\/13.com.ar\/index.php\/wp-json\/wp\/v2\/categories?post=5090"},{"taxonomy":"post_tag","embeddable":true,"href":"https:\/\/13.com.ar\/index.php\/wp-json\/wp\/v2\/tags?post=5090"}],"curies":[{"name":"wp","href":"https:\/\/api.w.org\/{rel}","templated":true}]}}