{"id":5088,"date":"2025-02-15T10:38:45","date_gmt":"2025-02-15T13:38:45","guid":{"rendered":"https:\/\/13.com.ar\/index.php\/cerundolo-va-por-la-final-ante-el-espanol-pedro-martinez-pero-antes-fonseca-choca-con-el-serbio-djere\/"},"modified":"2025-02-15T10:38:45","modified_gmt":"2025-02-15T13:38:45","slug":"cerundolo-va-por-la-final-ante-el-espanol-pedro-martinez-pero-antes-fonseca-choca-con-el-serbio-djere","status":"publish","type":"post","link":"https:\/\/13.com.ar\/index.php\/cerundolo-va-por-la-final-ante-el-espanol-pedro-martinez-pero-antes-fonseca-choca-con-el-serbio-djere\/","title":{"rendered":"Cer\u00fandolo va por la final ante el espa\u00f1ol Pedro Mart\u00ednez, pero antes Fonseca choca con el serbio Djere"},"content":{"rendered":"<p> <br \/>\n<br \/><img decoding=\"async\" src=\"https:\/\/13.com.ar\/wp-content\/uploads\/2025\/02\/Cerundolo-va-por-la-final-ante-el-espanol-Pedro-Martinez.jpg\" \/><\/p>\n<div>\n<p>Si el clima no plantea dificultades como lo hizo el viernes, <strong>el Argentina Open conocer\u00e1 este s\u00e1bado a la tarde a los hombres que el domingo procurar\u00e1n quedarse con el t\u00edtulo<\/strong>. Con el atractivo principal de la presencia de <strong>Francisco Cer\u00fandolo<\/strong>, se disputar\u00e1n las semifinales del certamen que se juega sobre el polvo de ladrillo del <strong>Buenos Aires Lawn Tennis Club<\/strong> y que reparte 658.390 d\u00f3lares en premios.<\/p>\n<\/div>\n<div>\n<p>El primer duelo de las semifinales comenzar\u00e1 a las 16 en el estadio Guillermo Vilas de Palermo y tendr\u00e1 como protagonistas a la gran sensaci\u00f3n de este certamen, <strong>el brasile\u00f1o Jo\u00e3o Fonseca<\/strong>, y al experimentado serbio Laslo Djere, un habitu\u00e9 de este torneo (est\u00e1 participando por sexta vez consecutiva).<\/p>\n<\/div>\n<div>\n<p>Fonseca, de apenas 18 a\u00f1os, venci\u00f3 por 3-6, 6-4 y 7-5 a Mariano Navone en los cuartos de final tras levantar dos match points en el tercer set y as\u00ed accedi\u00f3 por primera vez a las semifinales de un torneo ATP. El jugador nacido en R\u00edo de Janeiro inici\u00f3 la semana en el 99\u00b0 puesto del ranking, pero con su actuaci\u00f3n hasta aqu\u00ed ya se asegur\u00f3 aparecer 82\u00b0 el lunes y trepar\u00e1 otros nueve escalones si gana este s\u00e1bado.<\/p>\n<\/div>\n<div>\n<p>Para eso tendr\u00e1 que superar a Djere, de 29 a\u00f1os y 112\u00b0 en el ranking, quien el viernes derrot\u00f3 al brasile\u00f1o Thiago Seyboth Wild por 7-6 (7-3) y 6-3 en 98 minutos de actividad para alcanzar su 20\u00aa semifinal en el ATP Tour. El balc\u00e1nico ya se garantiz\u00f3 su reingreso al Top-100 del escalaf\u00f3n mundial la pr\u00f3xima semana, pero no se conformar\u00e1 solo con ello.<\/p>\n<\/div>\n<div>\n<p><strong>Tras ese encuentro y no antes de las 18<\/strong>, el \u00faltimo argentino que contin\u00faa en carrera en el cuadro de singles, <strong>Francisco Cer\u00fandolo (28\u00b0), se medir\u00e1 con el espa\u00f1ol Pedro Mart\u00ednez (41\u00b0)<\/strong>, quien se vio beneficiado por la lesi\u00f3n del italiano Lorenzo Musetti y accedi\u00f3 a esta instancia sin tener que jugar su partido de los cuartos de final.<\/p>\n<\/div>\n<div>\n<p>Cer\u00fandolo, en cambio, debi\u00f3 laborar dos horas y 12 minutos para batir por 3-6, 6-3 y 6-2 el viernes al alem\u00e1n Alexander Zverev, primer preclasificado del torneo y segundo en el ranking mundial, en un partido en que tuvo que remontar una desventaja de un set y un break, y que se vio interrumpido por la tormenta.<\/p>\n<\/div>\n<div>\n<p>Este s\u00e1bado tambi\u00e9n se jugar\u00e1n las semifinales del torneo de dobles con buena presencia argentina. En el partido que abrir\u00e1 la jornada en Palermo, desde las 13.30, Guido Andreozzi y el franc\u00e9s Theo Arribage se enfrentar\u00e1n con el austr\u00edaco Alexander Erler y el alem\u00e1n Constantin Frantzen. Y despu\u00e9s de la segunda semi del singles, Francisco Cer\u00fandolo volver\u00e1 a la cancha junto a Tom\u00e1s Mart\u00edn Etcheverry para desafiar a los brasile\u00f1os Rafael Matos y Marcelo Melo.<\/p>\n<\/div>\n<p><br \/>\n<br \/><a href=\"https:\/\/www.clarin.com\/deportes\/argentina-open-dia-6-cerundolo-va-final-espanol-pedro-martinez-fonseca-choca-serbio-djere_0_EajcSQsnNF.html\">Fuente Clarin.com <\/a><\/p>\n","protected":false},"excerpt":{"rendered":"<p>Si el clima no plantea dificultades como lo hizo el viernes, el Argentina Open conocer\u00e1 este s\u00e1bado a la tarde a los hombres que el domingo procurar\u00e1n quedarse con el t\u00edtulo. Con el atractivo principal de la presencia de Francisco Cer\u00fandolo, se disputar\u00e1n las semifinales del certamen que se juega sobre el polvo de ladrillo [&hellip;]<\/p>\n","protected":false},"author":1,"featured_media":5089,"comment_status":"open","ping_status":"open","sticky":false,"template":"","format":"standard","meta":{"footnotes":""},"categories":[2],"tags":[2759,733,6204,7070,18,7072,6552,477,6203,1288,302,265,142,7071],"class_list":["post-5088","post","type-post","status-publish","format-standard","has-post-thumbnail","hentry","category-ultimas-noticias","tag-ante","tag-antes","tag-cerundolo","tag-choca","tag-con","tag-djere","tag-espanol","tag-final","tag-fonseca","tag-martinez","tag-pedro","tag-pero","tag-por","tag-serbio"],"_links":{"self":[{"href":"https:\/\/13.com.ar\/index.php\/wp-json\/wp\/v2\/posts\/5088","targetHints":{"allow":["GET"]}}],"collection":[{"href":"https:\/\/13.com.ar\/index.php\/wp-json\/wp\/v2\/posts"}],"about":[{"href":"https:\/\/13.com.ar\/index.php\/wp-json\/wp\/v2\/types\/post"}],"author":[{"embeddable":true,"href":"https:\/\/13.com.ar\/index.php\/wp-json\/wp\/v2\/users\/1"}],"replies":[{"embeddable":true,"href":"https:\/\/13.com.ar\/index.php\/wp-json\/wp\/v2\/comments?post=5088"}],"version-history":[{"count":0,"href":"https:\/\/13.com.ar\/index.php\/wp-json\/wp\/v2\/posts\/5088\/revisions"}],"wp:featuredmedia":[{"embeddable":true,"href":"https:\/\/13.com.ar\/index.php\/wp-json\/wp\/v2\/media\/5089"}],"wp:attachment":[{"href":"https:\/\/13.com.ar\/index.php\/wp-json\/wp\/v2\/media?parent=5088"}],"wp:term":[{"taxonomy":"category","embeddable":true,"href":"https:\/\/13.com.ar\/index.php\/wp-json\/wp\/v2\/categories?post=5088"},{"taxonomy":"post_tag","embeddable":true,"href":"https:\/\/13.com.ar\/index.php\/wp-json\/wp\/v2\/tags?post=5088"}],"curies":[{"name":"wp","href":"https:\/\/api.w.org\/{rel}","templated":true}]}}