{"id":5076,"date":"2025-02-15T09:03:23","date_gmt":"2025-02-15T12:03:23","guid":{"rendered":"https:\/\/13.com.ar\/index.php\/cuando-es-donde-y-quienes-son-los-principales-artistas-convocados\/"},"modified":"2025-02-15T09:03:23","modified_gmt":"2025-02-15T12:03:23","slug":"cuando-es-donde-y-quienes-son-los-principales-artistas-convocados","status":"publish","type":"post","link":"https:\/\/13.com.ar\/index.php\/cuando-es-donde-y-quienes-son-los-principales-artistas-convocados\/","title":{"rendered":"cu\u00e1ndo es, d\u00f3nde y qui\u00e9nes son los principales artistas convocados"},"content":{"rendered":"<p> <br \/>\n<br \/><img decoding=\"async\" src=\"https:\/\/13.com.ar\/wp-content\/uploads\/2025\/02\/cuando-es-donde-y-quienes-son-los-principales-artistas-convocados.jpg\" \/><\/p>\n<div>\n<p>La m\u00fasica se har\u00e1 escuchar en <strong>Buenos Aires<\/strong> con un evento muy especial: el <strong>Festival por la Patagonia<\/strong>. Este <strong>festival solidario<\/strong> tiene como objetivo ayudar a los afectados por los <strong>incendios en el sur<\/strong> del pa\u00eds, al tiempo que ofrece una jornada llena de <strong>artistas nacionales<\/strong>.<\/p>\n<\/div>\n<div>\n<p>Si te pregunt\u00e1s cu\u00e1ndo es, d\u00f3nde y qu\u00e9 <strong>principales artistas<\/strong> estar\u00e1n presentes, segu\u00ed leyendo para conocer todos los detalles de este evento que promete <strong>grandes shows<\/strong>, y tiene una excelente y noble causa detr\u00e1s, como lo es <strong>ayudar a la Patagonia<\/strong>, ya que lo recaudado ir\u00e1 directamente a la ayuda de las v\u00edctimas de los incendios en <strong>Chubut<\/strong>, <strong>R\u00edo Negro<\/strong> y <strong>Neuqu\u00e9n<\/strong>.<\/p>\n<\/div>\n<div>\n<p>El evento, &#8220;<strong>Buenos Aires le canta a la Patagonia<\/strong>&#8220;, se llevar\u00e1 a cabo este <strong>domingo 16 de febrero<\/strong>, a partir de las <strong>13 horas<\/strong>, en <strong>Camping<\/strong>, un ic\u00f3nico <strong>espacio al aire libre<\/strong> ubicado en <strong>Avenida Libertador 999<\/strong>.<\/p>\n<\/div>\n<div>\n<p>Este <strong>festival<\/strong>, que busca recaudar fondos para las v\u00edctimas de los devastadores incendios que afectan la <strong>regi\u00f3n sur de Argentina<\/strong>, promete una jornada \u00fanica llena de m\u00fasica y solidaridad. Estos fondos mencionados, ir\u00e1n destinados al Centro Cultural Antu Quillen.<\/p>\n<\/div>\n<div>\n<p>El <strong>festival <\/strong>se extender\u00e1 durante toda la tarde, ofreciendo una variedad de g\u00e9neros y estilos para todos los gustos. Desde artistas consagrados hasta nuevas propuestas, el evento ser\u00e1 una celebraci\u00f3n de la m\u00fasica nacional con un fuerte mensaje de apoyo hacia los habitantes de <strong>Chubut<\/strong>, <strong>R\u00edo Negro<\/strong> y <strong>Neuqu\u00e9n<\/strong>, las <strong>provincias<\/strong> m\u00e1s golpeadas por los <strong>incendios<\/strong>.<\/p>\n<\/div>\n<div>\n<p>Entre los<strong> principales artistas que dar\u00e1n vida al festival<\/strong> se encuentran algunos de los nombres m\u00e1s reconocidos de la escena indie argentina. El evento contar\u00e1 con la participaci\u00f3n de:<\/p>\n<\/div>\n<div>\n<p>A estos se suman otras bandas y artistas de gran renombre como <strong>Mujercitas Terror<\/strong>, <strong>Luciana Jury<\/strong>, <strong>Sofia Viola<\/strong>, <strong>Jazm\u00edn Esquivel<\/strong> y muchos m\u00e1s. La diversidad de estilos y la calidad de los <strong>artistas<\/strong> promete una <strong>experiencia musical completa<\/strong> y enriquecedora.<\/p>\n<\/div>\n<div>\n<p>Las <strong>entradas<\/strong> para el <strong>evento<\/strong> a realizar en <strong>Buenos Aires<\/strong> est\u00e1n disponibles a trav\u00e9s de la plataforma oficial <strong>campingtickets.boleteria.online<\/strong>. Lo interesante de este festival es que el precio de las entradas es flexible y tambi\u00e9n pod\u00e9s optar por opciones sin tickets, para simplemente <strong>ayudar a la Patagonia<\/strong> y los damnificados.<\/p>\n<\/div>\n<p><br \/>\n<br \/><a href=\"https:\/\/www.clarin.com\/informacion-general\/festival-patagonia-principales-artistas-convocados_0_qeXWxGGXzI.html\">Fuente Clarin.com <\/a><\/p>\n","protected":false},"excerpt":{"rendered":"<p>La m\u00fasica se har\u00e1 escuchar en Buenos Aires con un evento muy especial: el Festival por la Patagonia. Este festival solidario tiene como objetivo ayudar a los afectados por los incendios en el sur del pa\u00eds, al tiempo que ofrece una jornada llena de artistas nacionales. Si te pregunt\u00e1s cu\u00e1ndo es, d\u00f3nde y qu\u00e9 principales [&hellip;]<\/p>\n","protected":false},"author":1,"featured_media":5077,"comment_status":"open","ping_status":"open","sticky":false,"template":"","format":"standard","meta":{"footnotes":""},"categories":[2],"tags":[702,7062,677,743,28,2428,1784,406],"class_list":["post-5076","post","type-post","status-publish","format-standard","has-post-thumbnail","hentry","category-ultimas-noticias","tag-artistas","tag-convocados","tag-cuando","tag-donde","tag-los","tag-principales","tag-quienes","tag-son"],"_links":{"self":[{"href":"https:\/\/13.com.ar\/index.php\/wp-json\/wp\/v2\/posts\/5076","targetHints":{"allow":["GET"]}}],"collection":[{"href":"https:\/\/13.com.ar\/index.php\/wp-json\/wp\/v2\/posts"}],"about":[{"href":"https:\/\/13.com.ar\/index.php\/wp-json\/wp\/v2\/types\/post"}],"author":[{"embeddable":true,"href":"https:\/\/13.com.ar\/index.php\/wp-json\/wp\/v2\/users\/1"}],"replies":[{"embeddable":true,"href":"https:\/\/13.com.ar\/index.php\/wp-json\/wp\/v2\/comments?post=5076"}],"version-history":[{"count":0,"href":"https:\/\/13.com.ar\/index.php\/wp-json\/wp\/v2\/posts\/5076\/revisions"}],"wp:featuredmedia":[{"embeddable":true,"href":"https:\/\/13.com.ar\/index.php\/wp-json\/wp\/v2\/media\/5077"}],"wp:attachment":[{"href":"https:\/\/13.com.ar\/index.php\/wp-json\/wp\/v2\/media?parent=5076"}],"wp:term":[{"taxonomy":"category","embeddable":true,"href":"https:\/\/13.com.ar\/index.php\/wp-json\/wp\/v2\/categories?post=5076"},{"taxonomy":"post_tag","embeddable":true,"href":"https:\/\/13.com.ar\/index.php\/wp-json\/wp\/v2\/tags?post=5076"}],"curies":[{"name":"wp","href":"https:\/\/api.w.org\/{rel}","templated":true}]}}