{"id":5074,"date":"2025-02-15T08:52:42","date_gmt":"2025-02-15T11:52:42","guid":{"rendered":"https:\/\/13.com.ar\/index.php\/la-chicana-de-gustavo-petro-a-javier-milei-tras-la-polemica-por-una-criptomoneda-que-promociono-y-luego-se-desplomo\/"},"modified":"2025-02-15T08:52:42","modified_gmt":"2025-02-15T11:52:42","slug":"la-chicana-de-gustavo-petro-a-javier-milei-tras-la-polemica-por-una-criptomoneda-que-promociono-y-luego-se-desplomo","status":"publish","type":"post","link":"https:\/\/13.com.ar\/index.php\/la-chicana-de-gustavo-petro-a-javier-milei-tras-la-polemica-por-una-criptomoneda-que-promociono-y-luego-se-desplomo\/","title":{"rendered":"la chicana de Gustavo Petro a Javier Milei tras la pol\u00e9mica por una criptomoneda que promocion\u00f3 y luego se desplom\u00f3"},"content":{"rendered":"<p> <br \/>\n<br \/><img decoding=\"async\" src=\"https:\/\/13.com.ar\/wp-content\/uploads\/2025\/02\/la-chicana-de-Gustavo-Petro-a-Javier-Milei-tras-la.jpg\" \/><\/p>\n<div>\n<p>Tras la pol\u00e9mica por una criptomoneda que promocion\u00f3 Javier Milei en sus redes y luego se desplom\u00f3, el presidente de Colombia, <strong>Gustavo Petro<\/strong>, se sum\u00f3 a las cr\u00edticas de su par argentino y lo chicane\u00f3 con que <strong>invierta en &#8220;caf\u00e9 colombiano&#8221; <\/strong>que &#8220;no lo hacen magnates estafadores, sino el campesinado&#8221;.<\/p>\n<\/div>\n<div>\n<p>&#8220;Invierte presidente, en caf\u00e9 colombiano est\u00e1 creciendo de precio internacional como nunca antes. Y se vende tambi\u00e9n por Libras&#8221;, apunt\u00f3 Petro a trav\u00e9s de un posteo en sus redes sociales. <\/p>\n<\/div>\n<div>\n<p>Acto seguido, el mandatario colombiano sentenci\u00f3: &#8220;<strong>No lo hacen magnates estafadores, sino el campesinado de mi tierra<\/strong>, es muy bueno, sabe a paz, tiene aroma de belleza y decencia&#8221;.<\/p>\n<\/div>\n<div>\n<p>El esc\u00e1ndalo se gener\u00f3 con un posteo de Milei en sus redes sociales a las 7 de la tarde. El Presidente promocion\u00f3 un proyecto de inversi\u00f3n en criptomonedas para &#8220;fondear&#8221; a peque\u00f1as empresas. La criptomoneda se llama Libra y comenz\u00f3 a funcionar tambi\u00e9n a las 19. El apoyo presidencial provoc\u00f3 un furor fugaz y gener\u00f3 incertidumbre y fuertes cr\u00edticas.<\/p>\n<\/div>\n<div>\n<p>&#8220;La Argentina Liberal crece!!! Este proyecto privado se dedicar\u00e1 a incentivar el crecimiento de la econom\u00eda argentina, fondeando peque\u00f1as empresas y emprendimientos argentinos. El mundo quiere invertir en Argentina&#8221;, escribi\u00f3 Milei, a las 19.01, en su cuenta de X. Despu\u00e9s de que la cripto se desplomara, el Presidente borr\u00f3 el tuit original en el que le daba publicidad a la iniciativa de la criptomoneda Libra.<\/p>\n<\/div>\n<p><br \/>\n<br \/><a href=\"https:\/\/www.clarin.com\/politica\/invierte-cafe-colombiano-chicana-gustavo-petro-javier-milei-polemica-criptomoneda-promociono-luego-desplomo_0_RYlvs4xaDV.html\">Fuente Clarin.com <\/a><\/p>\n","protected":false},"excerpt":{"rendered":"<p>Tras la pol\u00e9mica por una criptomoneda que promocion\u00f3 Javier Milei en sus redes y luego se desplom\u00f3, el presidente de Colombia, Gustavo Petro, se sum\u00f3 a las cr\u00edticas de su par argentino y lo chicane\u00f3 con que invierta en &#8220;caf\u00e9 colombiano&#8221; que &#8220;no lo hacen magnates estafadores, sino el campesinado&#8221;. &#8220;Invierte presidente, en caf\u00e9 colombiano [&hellip;]<\/p>\n","protected":false},"author":1,"featured_media":5075,"comment_status":"open","ping_status":"open","sticky":false,"template":"","format":"standard","meta":{"footnotes":""},"categories":[2],"tags":[1586,7002,5723,2745,273,1875,77,4507,814,142,7003,312,73],"class_list":["post-5074","post","type-post","status-publish","format-standard","has-post-thumbnail","hentry","category-ultimas-noticias","tag-chicana","tag-criptomoneda","tag-desplomo","tag-gustavo","tag-javier","tag-luego","tag-milei","tag-petro","tag-polemica","tag-por","tag-promociono","tag-tras","tag-una"],"_links":{"self":[{"href":"https:\/\/13.com.ar\/index.php\/wp-json\/wp\/v2\/posts\/5074","targetHints":{"allow":["GET"]}}],"collection":[{"href":"https:\/\/13.com.ar\/index.php\/wp-json\/wp\/v2\/posts"}],"about":[{"href":"https:\/\/13.com.ar\/index.php\/wp-json\/wp\/v2\/types\/post"}],"author":[{"embeddable":true,"href":"https:\/\/13.com.ar\/index.php\/wp-json\/wp\/v2\/users\/1"}],"replies":[{"embeddable":true,"href":"https:\/\/13.com.ar\/index.php\/wp-json\/wp\/v2\/comments?post=5074"}],"version-history":[{"count":0,"href":"https:\/\/13.com.ar\/index.php\/wp-json\/wp\/v2\/posts\/5074\/revisions"}],"wp:featuredmedia":[{"embeddable":true,"href":"https:\/\/13.com.ar\/index.php\/wp-json\/wp\/v2\/media\/5075"}],"wp:attachment":[{"href":"https:\/\/13.com.ar\/index.php\/wp-json\/wp\/v2\/media?parent=5074"}],"wp:term":[{"taxonomy":"category","embeddable":true,"href":"https:\/\/13.com.ar\/index.php\/wp-json\/wp\/v2\/categories?post=5074"},{"taxonomy":"post_tag","embeddable":true,"href":"https:\/\/13.com.ar\/index.php\/wp-json\/wp\/v2\/tags?post=5074"}],"curies":[{"name":"wp","href":"https:\/\/api.w.org\/{rel}","templated":true}]}}