{"id":5063,"date":"2025-02-15T07:18:51","date_gmt":"2025-02-15T10:18:51","guid":{"rendered":"https:\/\/13.com.ar\/index.php\/cuando-cobro-la-jubilacion-de-febrero-si-mi-dni-termina-en-5\/"},"modified":"2025-02-15T07:18:51","modified_gmt":"2025-02-15T10:18:51","slug":"cuando-cobro-la-jubilacion-de-febrero-si-mi-dni-termina-en-5","status":"publish","type":"post","link":"https:\/\/13.com.ar\/index.php\/cuando-cobro-la-jubilacion-de-febrero-si-mi-dni-termina-en-5\/","title":{"rendered":"cu\u00e1ndo cobro la jubilaci\u00f3n de febrero si mi DNI termina en 5"},"content":{"rendered":"<p> <br \/>\n<br \/><img decoding=\"async\" src=\"https:\/\/13.com.ar\/wp-content\/uploads\/2025\/02\/1739017772_342_cuando-cobro-la-asignacion-de-febrero-si-mi-DNI-termina.jpg\" \/><\/p>\n<div>\n<p>La <strong>Administraci\u00f3n Nacional de la Seguridad Social (ANSeS)<\/strong> dio a conocer el calendario de pagos para febrero de 2025, incluyendo una nueva actualizaci\u00f3n en los montos destinados a jubilados, pensionados y beneficiarios de asignaciones sociales. Este incremento responde a la variaci\u00f3n del \u00cdndice de Precios al Consumidor (IPC) de diciembre. <strong>\u00bfCu\u00e1ndo corresponde el cobro a quienes tienen DNI finalizado en 2?<\/strong><\/p>\n<\/div>\n<div>\n<p>Adem\u00e1s, se confirm\u00f3 la continuidad del bono de hasta $70.000 que se entrega como refuerzo desde marzo del a\u00f1o pasado. Aunque el importe no sufrir\u00e1 cambios, sigue siendo un apoyo importante para quienes perciben los haberes m\u00e1s bajos.<\/p>\n<\/div>\n<div>\n<p>Seg\u00fan lo publicado en el Bolet\u00edn Oficial, el haber m\u00ednimo se elevar\u00e1 a $273.086,49, mientras que el m\u00e1ximo alcanzar\u00e1 los $1.837.613,60, lo que implica un incremento del 2,7%.<\/p>\n<\/div>\n<div>\n<p>Los beneficiarios de ANSeS pueden conocer su fecha y lugar de cobro a trav\u00e9s de su sitio web oficial, www.anses.gob.ar. Los usuarios deben ingresar a la secci\u00f3n \u201cMi ANSeS\u201d utilizando su n\u00famero de CUIL y su Clave de la Seguridad Social. En caso de no tener la clave, es posible generarla en el momento siguiendo las indicaciones proporcionadas en la plataforma.<\/p>\n<\/div>\n<div>\n<p>De acuerdo al \u00faltimo calendario de pagos publicado por el organismo, l<strong>os jubilados que ganan la m\u00ednima y cuyo DNI culmine con el n\u00famero 5, cobrar\u00e1n los haberes el lunes 17 de febrero<\/strong>. En cambio, los jubilados y pensionados que cobren m\u00e1s de la m\u00ednima contar\u00e1n con sus haberes el mi\u00e9rcoles 26 de febrero de 2025. Este es el calendario completo de pagos.<\/p>\n<\/div>\n<p><br \/>\n<br \/><a href=\"https:\/\/www.clarin.com\/informacion-general\/anses-cobro-jubilacion-febrero-dni-termina-5_0_7f7slTpQHV.html\">Fuente Clarin.com <\/a><\/p>\n","protected":false},"excerpt":{"rendered":"<p>La Administraci\u00f3n Nacional de la Seguridad Social (ANSeS) dio a conocer el calendario de pagos para febrero de 2025, incluyendo una nueva actualizaci\u00f3n en los montos destinados a jubilados, pensionados y beneficiarios de asignaciones sociales. Este incremento responde a la variaci\u00f3n del \u00cdndice de Precios al Consumidor (IPC) de diciembre. \u00bfCu\u00e1ndo corresponde el cobro a [&hellip;]<\/p>\n","protected":false},"author":1,"featured_media":3067,"comment_status":"open","ping_status":"open","sticky":false,"template":"","format":"standard","meta":{"footnotes":""},"categories":[2],"tags":[1554,677,3956,1823,1515,3957],"class_list":["post-5063","post","type-post","status-publish","format-standard","has-post-thumbnail","hentry","category-ultimas-noticias","tag-cobro","tag-cuando","tag-dni","tag-febrero","tag-jubilacion","tag-termina"],"_links":{"self":[{"href":"https:\/\/13.com.ar\/index.php\/wp-json\/wp\/v2\/posts\/5063","targetHints":{"allow":["GET"]}}],"collection":[{"href":"https:\/\/13.com.ar\/index.php\/wp-json\/wp\/v2\/posts"}],"about":[{"href":"https:\/\/13.com.ar\/index.php\/wp-json\/wp\/v2\/types\/post"}],"author":[{"embeddable":true,"href":"https:\/\/13.com.ar\/index.php\/wp-json\/wp\/v2\/users\/1"}],"replies":[{"embeddable":true,"href":"https:\/\/13.com.ar\/index.php\/wp-json\/wp\/v2\/comments?post=5063"}],"version-history":[{"count":0,"href":"https:\/\/13.com.ar\/index.php\/wp-json\/wp\/v2\/posts\/5063\/revisions"}],"wp:featuredmedia":[{"embeddable":true,"href":"https:\/\/13.com.ar\/index.php\/wp-json\/wp\/v2\/media\/3067"}],"wp:attachment":[{"href":"https:\/\/13.com.ar\/index.php\/wp-json\/wp\/v2\/media?parent=5063"}],"wp:term":[{"taxonomy":"category","embeddable":true,"href":"https:\/\/13.com.ar\/index.php\/wp-json\/wp\/v2\/categories?post=5063"},{"taxonomy":"post_tag","embeddable":true,"href":"https:\/\/13.com.ar\/index.php\/wp-json\/wp\/v2\/tags?post=5063"}],"curies":[{"name":"wp","href":"https:\/\/api.w.org\/{rel}","templated":true}]}}