{"id":5061,"date":"2025-02-15T06:56:56","date_gmt":"2025-02-15T09:56:56","guid":{"rendered":"https:\/\/13.com.ar\/index.php\/hamas-puso-en-libertad-a-iair-horn-uno-de-los-argentinos-que-figuraba-en-el-listado-de-rehenes\/"},"modified":"2025-02-15T06:56:56","modified_gmt":"2025-02-15T09:56:56","slug":"hamas-puso-en-libertad-a-iair-horn-uno-de-los-argentinos-que-figuraba-en-el-listado-de-rehenes","status":"publish","type":"post","link":"https:\/\/13.com.ar\/index.php\/hamas-puso-en-libertad-a-iair-horn-uno-de-los-argentinos-que-figuraba-en-el-listado-de-rehenes\/","title":{"rendered":"Hamas puso en libertad a Iair Horn, uno de los argentinos que figuraba en el listado de rehenes"},"content":{"rendered":"<p> <br \/>\n<br \/><img decoding=\"async\" src=\"https:\/\/13.com.ar\/wp-content\/uploads\/2025\/02\/Hamas-puso-en-libertad-a-Iair-Horn-uno-de-los.jpg\" \/><\/p>\n<div>\n<p>El argentino Iair Horn fue puesto en libertad este s\u00e1bado por el grupo terrorista Hamas, como parte de una nueva entrega de rehenes que incluy\u00f3 tambi\u00e9n el rusoisrael\u00ed Alexander Trufanov; y Sagui Dekel-Chen, de ascendencia estadounidense.<\/p>\n<\/div>\n<div>\n<p>La ceremonia de liberaci\u00f3n organizada por Hamas se celebr\u00f3 en un escenario <strong>emplazado en una zona devastada de Gaza<\/strong>, donde se ven\u00edan carteles con frases como &#8220;No habr\u00e1 migraci\u00f3n, salvo a Jerusal\u00e9n&#8221; o &#8220;Cruzamos r\u00e1pidamente&#8221; (en referencia al ataque del 7 de octubre en territorio israel\u00ed).<\/p>\n<\/div>\n<div>\n<p>Despu\u00e9s de que una trabajadora de la Cruz Roja firmara los documentos de liberaci\u00f3n de manos de un miliciano de Hamas, los rehenes subieron al escenario, <strong>ubicado a pocos metros de la casa de Yahya Sinwar<\/strong>, uno de los l\u00edderes del grupo terrorista y cerebro de los ataques del 7 de octubre, que muri\u00f3 en un enfrentamiento con las fuerzas israel\u00edes en octubre de 2024.<\/p>\n<\/div>\n<div>\n<p>Sobre \u00e9l, los rehenes dieron discursos pidiendo al Gobierno israel\u00ed que<strong> mantenga la tregua<\/strong>, tras lo que fueron conducidos a los veh\u00edculos de la Cruz Roja camino a territorio israel\u00ed.<\/p>\n<\/div>\n<div>\n<p>Iair Horn tiene 46 a\u00f1os y <strong>se fue a Israel con la crisis del 2000<\/strong>. Su hermano Eitan tambi\u00e9n fue secuestrado el 7 de octubre de 2023 del kibutz Nir Oz, en Israel, pero \u00e9l <strong>no figura en el listado de rehenes pr\u00f3ximos a liberar<\/strong>.<\/p>\n<\/div>\n<div>\n<p>Se espera que Israel <strong>libere en las pr\u00f3ximas horas a 369 presos palestinos<\/strong> a cambio de los tres rehenes, aunque el Gobierno israel\u00ed todav\u00eda no se ha pronunciado al respecto.<\/p>\n<\/div>\n<div>\n<p>El grupo islamista dijo en un comunicado que la liberaci\u00f3n &#8220;confirma que no hay otra manera de poner en libertad (a los rehenes en Gaza) que no sea a trav\u00e9s de las negociaciones y (&#8230;) el acuerdo de alto el fuego&#8221;.<\/p>\n<\/div>\n<div>\n<p>Hamas anunci\u00f3 ayer los nombres de los tres rehenes tras <strong>amenazar a principios de semana con pausar la liberaci\u00f3n<\/strong> por las repetidas &#8220;violaciones&#8221; israel\u00edes del acuerdo, entre las que cit\u00f3 impedimentos a la entrada de ayuda humanitaria.<\/p>\n<\/div>\n<div>\n<p>Israel, por su parte, <strong>amenaz\u00f3 con retomar la guerra en Gaza<\/strong> si Ham\u00e1s no liberaba hoy a los rehenes, sin aclarar a cu\u00e1ntos, aprovechando un mensaje ambiguo del presidente estadounidense, Donald Trump, que amenaz\u00f3 con un &#8220;infierno&#8221; en Gaza si Ham\u00e1s no liberaba a &#8220;todos los rehenes&#8221; antes del s\u00e1bado a mediod\u00eda.<\/p>\n<\/div>\n<p><br \/>\n<br \/><a href=\"https:\/\/www.clarin.com\/mundo\/hamas-puso-libertad-iair-horn-argentinos-figuraba-listado-rehenes_0_KjTTGAiA8c.html\">Fuente Clarin.com <\/a><\/p>\n","protected":false},"excerpt":{"rendered":"<p>El argentino Iair Horn fue puesto en libertad este s\u00e1bado por el grupo terrorista Hamas, como parte de una nueva entrega de rehenes que incluy\u00f3 tambi\u00e9n el rusoisrael\u00ed Alexander Trufanov; y Sagui Dekel-Chen, de ascendencia estadounidense. La ceremonia de liberaci\u00f3n organizada por Hamas se celebr\u00f3 en un escenario emplazado en una zona devastada de Gaza, [&hellip;]<\/p>\n","protected":false},"author":1,"featured_media":5062,"comment_status":"open","ping_status":"open","sticky":false,"template":"","format":"standard","meta":{"footnotes":""},"categories":[2],"tags":[671,6835,1461,6834,6833,1792,6836,28,1625,1538,1013],"class_list":["post-5061","post","type-post","status-publish","format-standard","has-post-thumbnail","hentry","category-ultimas-noticias","tag-argentinos","tag-figuraba","tag-hamas","tag-horn","tag-iair","tag-libertad","tag-listado","tag-los","tag-puso","tag-rehenes","tag-uno"],"_links":{"self":[{"href":"https:\/\/13.com.ar\/index.php\/wp-json\/wp\/v2\/posts\/5061","targetHints":{"allow":["GET"]}}],"collection":[{"href":"https:\/\/13.com.ar\/index.php\/wp-json\/wp\/v2\/posts"}],"about":[{"href":"https:\/\/13.com.ar\/index.php\/wp-json\/wp\/v2\/types\/post"}],"author":[{"embeddable":true,"href":"https:\/\/13.com.ar\/index.php\/wp-json\/wp\/v2\/users\/1"}],"replies":[{"embeddable":true,"href":"https:\/\/13.com.ar\/index.php\/wp-json\/wp\/v2\/comments?post=5061"}],"version-history":[{"count":0,"href":"https:\/\/13.com.ar\/index.php\/wp-json\/wp\/v2\/posts\/5061\/revisions"}],"wp:featuredmedia":[{"embeddable":true,"href":"https:\/\/13.com.ar\/index.php\/wp-json\/wp\/v2\/media\/5062"}],"wp:attachment":[{"href":"https:\/\/13.com.ar\/index.php\/wp-json\/wp\/v2\/media?parent=5061"}],"wp:term":[{"taxonomy":"category","embeddable":true,"href":"https:\/\/13.com.ar\/index.php\/wp-json\/wp\/v2\/categories?post=5061"},{"taxonomy":"post_tag","embeddable":true,"href":"https:\/\/13.com.ar\/index.php\/wp-json\/wp\/v2\/tags?post=5061"}],"curies":[{"name":"wp","href":"https:\/\/api.w.org\/{rel}","templated":true}]}}