{"id":5057,"date":"2025-02-15T06:44:27","date_gmt":"2025-02-15T09:44:27","guid":{"rendered":"https:\/\/13.com.ar\/index.php\/manteles-servilletas-cortinas-sabanas-y-frazadas-todo-vale-a-la-hora-de-disenar\/"},"modified":"2025-02-15T06:44:27","modified_gmt":"2025-02-15T09:44:27","slug":"manteles-servilletas-cortinas-sabanas-y-frazadas-todo-vale-a-la-hora-de-disenar","status":"publish","type":"post","link":"https:\/\/13.com.ar\/index.php\/manteles-servilletas-cortinas-sabanas-y-frazadas-todo-vale-a-la-hora-de-disenar\/","title":{"rendered":"Manteles, servilletas, cortinas, s\u00e1banas y frazadas, todo vale a la hora de dise\u00f1ar"},"content":{"rendered":"<p> <br \/>\n<\/p>\n<div id=\"cuerpo\">\n<p><h3><strong>Moda dom\u00e9stica, otra oportunidad para los textiles de la casa<\/strong><\/h3>\n<\/p>\n<div class=\"sc-198be8ec-0 cynXbu image-embed  image-embed \"><picture class=\"sc-198be8ec-1 kOjRiQ\"><source media=\"(min-width: 975px)\" width=\"720\" height=\"480\" \/><img alt=\"DAM se dedica a hacer ropa con delantales, repasadores y s\u00e1banas.&#10;Foto: Gentileza DAM.\" loading=\"lazy\" width=\"720\" height=\"480\" decoding=\"async\" data-nimg=\"1\" style=\"color:transparent\" src=\"https:\/\/13.com.ar\/wp-content\/uploads\/2025\/02\/Manteles-servilletas-cortinas-sabanas-y-frazadas-todo-vale-a-la.jpg\"\/><span class=\"epigraphe\">DAM se dedica a hacer ropa con delantales, repasadores y s\u00e1banas.<br \/>\nFoto: Gentileza DAM.<\/span><span class=\"bkg\"\/><span class=\"picture-open\"><button class=\"open-image\" aria-label=\"Open Image\"\/><\/span><\/picture><\/div>\n<div class=\"sc-80531b6b-0 chRIGJ container-text text-embed\">\n<p>Adem\u00e1s de haber sido <strong>pionera en<\/strong> instalarse en <strong>Palermo <\/strong>cuando empez\u00f3 a transformarse en un barrio de moda en los inicios de los a\u00f1os 2000, DAM es la tienda -actualmente en formato online y en reuniones de venta espor\u00e1dicas- que se volvi\u00f3 de culto para quienes la siguen,<strong> <\/strong>desde hace m\u00e1s de dos d\u00e9cadas<strong>.<\/strong><\/p>\n<\/div>\n<div class=\"sc-80531b6b-0 chRIGJ container-text text-embed\">\n<p>Tambi\u00e9n <strong>Carola Besasso<\/strong>, la dise\u00f1adora y fundadora de la firma, es <strong>referente al momento de hablar del upcycling<\/strong>, el recurso que consiste en desarrollar prendas que como base tienen otras ya existentes, ahora resignificadas para un nuevo uso.<\/p>\n<\/div>\n<div class=\"sc-80531b6b-0 chRIGJ container-text text-embed\">\n<p>Ese modo luego se volvi\u00f3 expansivo a otras telas que ni siquiera hay que salir a buscar porque son parte del escenario cotidiano de todos los hogares, incluso en diferentes pa\u00edses.<\/p>\n<\/div>\n<div class=\"sc-80531b6b-0 chRIGJ container-text text-embed\">\n<p>\u201cDesde el principio trabaj\u00e9 con esos materiales, pero no me animaba a ponerlos a la venta en el local\u201d<strong>, <\/strong>reconoce Besasso, quien reci\u00e9n se atrevi\u00f3 a darle visibilidad a esas piezas durante la pandemia. \u00bfCu\u00e1l fue la primera que hizo?<strong> <\/strong>Un saquito que en la pechera llevaba aplicada una agarradera de cocina tejida a mano<strong>.<\/strong> Ese fue el puntapi\u00e9 para comenzar a <strong>hacer dise\u00f1os con otros textiles provenientes de la casa;<\/strong> <strong>repasadores, s\u00e1banas, delantales, los llamados trapo rejilla y de piso, incluidos. <\/strong><\/p>\n<\/div>\n<div class=\"sc-80531b6b-0 chRIGJ container-text text-embed\">\n<p>\u00bfEl beneficio? Seg\u00fan su autora, esta manera de hacer es sobre todo emocional, porque est\u00e1 indefectiblemente ligada a las personas que los donaron y a las que reciben la <strong>nueva versi\u00f3n<\/strong>. \u201cSe termina de cerrar el c\u00edrculo virtuoso cuando alguien elige esa prenda y le alarga la vida con su propia historia\u201d, sintetiza. <\/p>\n<\/div>\n<div class=\"sc-80531b6b-0 chRIGJ container-text text-embed\">\n<p><strong>Este proceso no forma parte del sistema de contaminaci\u00f3n que genera la industria de la moda.<\/strong> Al mismo tiempo, hay algo m\u00e1s que tiene que ver con la narrativa de la marca y que el p\u00fablico que lo elige se conecta con el relato.<strong> <\/strong><\/p>\n<\/div>\n<div class=\"sc-80531b6b-0 chRIGJ container-text text-embed\">\n<p><strong>\u201cMe encargo de contarles siempre de d\u00f3nde viene esa prenda y todo el amor que conlleva el recorrido\u201d, <\/strong>se\u00f1ala.<strong> <\/strong>En contraste con un presente donde est\u00e1 todo globalizado y estandarizado, para Besasso son cada vez m\u00e1s las personas que se corren del paradigma de consumo masivo.<\/p>\n<\/div>\n<p><h3><strong>Abrigos que son frazadas<\/strong><\/h3>\n<\/p>\n<div class=\"sc-198be8ec-0 cynXbu image-embed  image-embed \"><picture class=\"sc-198be8ec-1 kOjRiQ\"><source media=\"(min-width: 975px)\" width=\"720\" height=\"480\" \/><img alt=\"Las prendas de Lindor no tienen g\u00e9nero. Las dise\u00f1adoras ense\u00f1an a convertir en abrigos las  frazadas.&#10;Foto: Lindor\" loading=\"lazy\" width=\"720\" height=\"480\" decoding=\"async\" data-nimg=\"1\" style=\"color:transparent\" src=\"https:\/\/13.com.ar\/wp-content\/uploads\/2025\/02\/1739612667_351_Manteles-servilletas-cortinas-sabanas-y-frazadas-todo-vale-a-la.jpg\"\/><span class=\"epigraphe\">Las prendas de Lindor no tienen g\u00e9nero. Las dise\u00f1adoras ense\u00f1an a convertir en abrigos las  frazadas.<br \/>\nFoto: Lindor<\/span><span class=\"bkg\"\/><span class=\"picture-open\"><button class=\"open-image\" aria-label=\"Open Image\"\/><\/span><\/picture><\/div>\n<div class=\"sc-80531b6b-0 chRIGJ container-text text-embed\">\n<p>Amigas desde muy chicas, l<strong>as dise\u00f1adoras Leonor Barreiro y Lourdes Chicco Ruiz siempre se sintieron atra\u00eddas por las frazadas,<\/strong> tanto por las estampas, como por los colores, las texturas y por la protecci\u00f3n que brindan. En esos elementos encontraron el material para desarrollar abrigos hechos en base a esos productos. A la cuesti\u00f3n est\u00e9tica le sumaron un componente afectivo, ya que, adem\u00e1s, se relacionan con el hogar, los recuerdos, los objetos de apego y de inspiraci\u00f3n.<\/p>\n<\/div>\n<div class=\"sc-80531b6b-0 chRIGJ container-text text-embed\">\n<p><strong>\u201cNos despiertan algo l\u00fadico\u201d, <\/strong>indican sobre esos art\u00edculos a partir de los cuales juegan a encontrar la forma que le va a cada cuerpo. \u00bfC\u00f3mo lo hacen? Primero doblan y desdoblan la frazada hasta que toman la decisi\u00f3n de cortarla, despu\u00e9s la cosen a mano con extremo cuidado porque se trata de materiales que, aunque pueden tener apariencia robusta, no dejan de ser muy delicados. <\/p>\n<\/div>\n<div class=\"sc-80531b6b-0 chRIGJ container-text text-embed\">\n<p><strong>A su vez, las prendas no tienen ni accesorios ni av\u00edos.<\/strong> Pueden ser piezas que las clientas tengan en su casa y las lleven para ser desarrolladas por las dise\u00f1adoras. Otra posibilidad es participar del taller \u201cTra\u00e9 tu frazada, juntos hacemos tu Lindor\u201d, para el que no hace falta tener conocimientos previos, por el contrario, ah\u00ed les ense\u00f1an a cortar y los puntos de costura y remiendo necesarios para armar la ropa. <\/p>\n<\/div>\n<div class=\"sc-80531b6b-0 chRIGJ container-text text-embed\">\n<p>Tambi\u00e9n<strong> <\/strong>apuestan a la tendencia de liberar los patrones para que los clientes aprendan a hacerlas, algo as\u00ed como un creative commons de la moda.<strong> \u201cCompartimos el modelo principal para quien lo desee, lo pueda descargar y realizar su propio Lindor\u201d<\/strong>, expresan. \u201cCon el fin de democratizar el acceso y promover alternativas sustentables\u201d, agregan.<\/p>\n<\/div>\n<div class=\"sc-80531b6b-0 chRIGJ container-text text-embed\">\n<p>\u00bfA qu\u00e9 p\u00fablico apuntan? <strong>\u201cSon prendas sin g\u00e9nero\u201d,<\/strong> aclaran. \u201cReversibles, con cortes y tama\u00f1os que vienen de alg\u00fan modo determinados por el textil con el que estamos trabajando\u201d, a\u00f1aden.<strong> Esto quiere decir que<\/strong> <strong>no hay talles preestablecidos y son indumentos b\u00e1sicos.<\/strong> A algunos les interesan por la singularidad y el dise\u00f1o, a otros porque quieren recuperar alguna tela de anta\u00f1o, tambi\u00e9n est\u00e1n los que fomentan el \u201ch\u00e1galo usted mismo\u201d.<\/p>\n<\/div>\n<p><h3><strong>Ropa hecha con manteles<\/strong><\/h3>\n<\/p>\n<div class=\"sc-198be8ec-0 cynXbu image-embed  image-embed \"><picture class=\"sc-198be8ec-1 kOjRiQ\"><source media=\"(min-width: 975px)\" width=\"720\" height=\"480\" \/><img alt=\"Florencia Alvian y Julieta Licandro Meta, dise\u00f1adoras sub 30, desarrollaron el Proyecto Sobremesa se present\u00f3 en la c\u00e1tedra de la UBA, dirigida por Andrea Saltzman. \" loading=\"lazy\" width=\"720\" height=\"480\" decoding=\"async\" data-nimg=\"1\" style=\"color:transparent\" src=\"https:\/\/13.com.ar\/wp-content\/uploads\/2025\/02\/1739612667_239_Manteles-servilletas-cortinas-sabanas-y-frazadas-todo-vale-a-la.jpg\"\/><span class=\"epigraphe\">Florencia Alvian y Julieta Licandro Meta, dise\u00f1adoras sub 30, desarrollaron el Proyecto Sobremesa se present\u00f3 en la c\u00e1tedra de la UBA, dirigida por Andrea Saltzman. <\/span><span class=\"bkg\"\/><span class=\"picture-open\"><button class=\"open-image\" aria-label=\"Open Image\"\/><\/span><\/picture><\/div>\n<div class=\"sc-80531b6b-0 chRIGJ container-text text-embed\">\n<p>Flamantes graduadas de la carrera de Dise\u00f1o de Indumentaria y Textil por la Facultad de Arquitectura, Dise\u00f1o y Urbanismo de la UBA, <strong>dieron a conocer su idea en el marco de la muestra \u201cTransitando la incertidumbre\u201d<\/strong> que este a\u00f1o present\u00f3 la c\u00e1tedra dirigida por Andrea Saltzman en PROA21.<\/p>\n<\/div>\n<div class=\"sc-80531b6b-0 chRIGJ container-text text-embed\">\n<p><strong>As\u00ed, Florencia Alvian y Julieta Licandro Meta, <\/strong>dise\u00f1adoras sub 30, oriundas de R\u00edo Negro y Buenos Aires, respectivamente, <strong>lograron un viaje al pasado a partir de los archivos de sus ancestros.<\/strong> Esa fue su <strong>principal fuente de inter\u00e9s<\/strong> con foco en la sobremesa, <strong>las an\u00e9cdotas y el rol de las abuelas de ambas.<\/strong> <\/p>\n<\/div>\n<div class=\"sc-80531b6b-0 chRIGJ container-text text-embed\">\n<p>\u201cNuestro mayor desaf\u00edo fue plasmar este sentimiento de ternura y dulzura en una familia de prendas que dialogue entre s\u00ed\u201d, reconocen. Estas fueron pensadas para conformar un retrato que pueda contar una historia<strong>.<\/strong> \u201cCasi como<strong> vestuario de fantas\u00eda que inventamos para nuestros recuerdos<\/strong>\u201d, indican. <\/p>\n<\/div>\n<div class=\"sc-80531b6b-0 chRIGJ container-text text-embed\">\n<p>\u00bfCu\u00e1l fue el proceso creativo para perge\u00f1ar la vestimenta? Trabajaron de manera bastante espont\u00e1nea y el \u00e9nfasis estuvo en el ensayo y error hasta que finalmente encontraron la forma que quer\u00edan darle. Para ello <strong>tuvieron que imaginar el universo a donde iban a destinar la ropa que estaban dise\u00f1ando<\/strong>; c\u00f3mo ser\u00eda esa mesa, qui\u00e9nes se iban a sentar a su alrededor, cu\u00e1les ser\u00edan los olores y los sabores, y al mismo tiempo, c\u00f3mo iba a caer la tela del mantel y c\u00f3mo se ajusta el delantal de cocina. Esas fueron algunas de las preguntas que se plantearon al inicio<strong>,<\/strong> hasta que lograron un m\u00e9todo para poder desarrollar las tipolog\u00edas. <\/p>\n<\/div>\n<div class=\"sc-80531b6b-0 chRIGJ container-text text-embed\">\n<p>\u00bfC\u00f3mo creen que ser\u00e1 la moda en los pr\u00f3ximos a\u00f1os? <strong>\u201cCreemos estar construyendo ese futuro<\/strong> y esperamos que este proyecto sea de inspiraci\u00f3n para muchos, como otros trabajos lo fueron para nosotras\u201d, reconocen. <strong>\u201cNada se tira\u201d, <\/strong>insisten, y al retomar esa expresi\u00f3n ponen en valor algo que para sus abuelas era una norma. <strong>\u201cPodemos crear mundos infinitos y bellos con trapos, manteles y descarte\u201d, confirman.<\/strong><\/p>\n<\/div>\n<p><h3><strong>Dise\u00f1os con esencia de hogar<\/strong><\/h3>\n<\/p>\n<div class=\"sc-198be8ec-0 cynXbu image-embed  image-embed \"><picture class=\"sc-198be8ec-1 kOjRiQ\"><source media=\"(min-width: 975px)\" width=\"720\" height=\"480\" \/><img alt=\"Juliana Garc\u00eda Bello trabaja con materiales dom\u00e9sticos.&#10;Foto: Gentileza de las marcas y dise\u00f1adores.\" loading=\"lazy\" width=\"720\" height=\"480\" decoding=\"async\" data-nimg=\"1\" style=\"color:transparent\" src=\"https:\/\/13.com.ar\/wp-content\/uploads\/2025\/02\/1739612667_51_Manteles-servilletas-cortinas-sabanas-y-frazadas-todo-vale-a-la.jpg\"\/><span class=\"epigraphe\">Juliana Garc\u00eda Bello trabaja con materiales dom\u00e9sticos.<br \/>\nFoto: Gentileza de las marcas y dise\u00f1adores.<\/span><span class=\"bkg\"\/><span class=\"picture-open\"><button class=\"open-image\" aria-label=\"Open Image\"\/><\/span><\/picture><\/div>\n<div class=\"sc-80531b6b-0 chRIGJ container-text text-embed\">\n<p>Graduada de la carrera de Dise\u00f1o de Indumentaria y textil por la Universidad de Buenos Aires, <strong>Juliana Garc\u00eda Bello ya lleva m\u00e1s de una d\u00e9cada trabajando en el mundo de la moda con experiencia en pasarelas internacionales <\/strong>y con prendas de l\u00ednea simple, confeccionadas artesanalmente y de uso genderless. Y hace al menos cinco a\u00f1os que opt\u00f3 por comenzar a desarrollar <strong>indumentaria con manteles, servilletas y otros textiles hogare\u00f1os.<\/strong> <\/p>\n<\/div>\n<div class=\"sc-80531b6b-0 chRIGJ container-text text-embed\">\n<p>Esa decisi\u00f3n fue profundizada durante el tiempo que vivi\u00f3 en Arnhem, Pa\u00edses Bajos, en coincidencia con el momento en el que fue premiada en Hong Kong por sus dise\u00f1os sustentables. Ahora, desde hace unos meses, est\u00e1 de regreso, instalada en R\u00edo Grande, Tierra del Fuego, su lugar de origen.<\/p>\n<\/div>\n<div class=\"sc-80531b6b-0 chRIGJ container-text text-embed\">\n<p>\u00bfQu\u00e9 representa trabajar con materiales dom\u00e9sticos? <strong>\u201cUna conexi\u00f3n profunda con lo cotidiano y lo familiar\u201d, expresa.<\/strong> Algo que se cristaliza en productos que contienen memoria. Para ella, darle una nueva vida a trav\u00e9s del upcycling es un acto de sostenibilidad y tambi\u00e9n un homenaje a esos objetos que fueron parte de la vida diaria. <\/p>\n<\/div>\n<div class=\"sc-80531b6b-0 chRIGJ container-text text-embed\">\n<p>Lo entiende como una manera de honrar lo que ya existe y de explorar la creatividad desde lo cercano.<strong> \u201cDe transformar lo ordinario en algo extraordinario, \u00fanico y cargado de significado\u201d, explica.<\/strong> Cuando comenz\u00f3, esta manera de hacer era todav\u00eda novedosa, pero con el paso del tiempo, el cambio se volvi\u00f3 significativo y la conciencia sobre el impacto ambiental que tiene la moda creci\u00f3 exponencialmente.<strong> <\/strong><\/p>\n<\/div>\n<div class=\"sc-80531b6b-0 chRIGJ container-text text-embed\">\n<p><strong>\u201cLo que antes era un nicho, ahora se est\u00e1 convirtiendo en una tendencia global\u201d,<\/strong> analiza y agrega: \u201cMe enorgullece haber sido parte de ese movimiento desde el principio\u201d. <\/p>\n<\/div>\n<div class=\"sc-80531b6b-0 chRIGJ container-text text-embed\">\n<p>\u00bfAlguna prenda para destacar? Un chaleco que a\u00fan forma parte del Archivo de Fundaci\u00f3n IDA, creado en colaboraci\u00f3n con su abuela Dora. Para hacerlo reutiliz\u00f3 camisas de sus vecinos y un acolchado. Esta prenda adem\u00e1s da cuenta de la relaci\u00f3n familiar mantenida a lo largo de 3.000 kil\u00f3metros de distancia con su familia, desde La Plata hasta Tierra del Fuego.<\/p>\n<\/div>\n<\/div>\n<p><br \/>\n<br \/><a href=\"https:\/\/www.clarin.com\/viva\/manteles-servilletas-cortinas-sabanas-frazadas-vale-hora-disenar_0_6yn8gkqSA7.html\">Fuente Clarin.com <\/a><\/p>\n","protected":false},"excerpt":{"rendered":"<p>Moda dom\u00e9stica, otra oportunidad para los textiles de la casa DAM se dedica a hacer ropa con delantales, repasadores y s\u00e1banas. Foto: Gentileza DAM. Adem\u00e1s de haber sido pionera en instalarse en Palermo cuando empez\u00f3 a transformarse en un barrio de moda en los inicios de los a\u00f1os 2000, DAM es la tienda -actualmente en [&hellip;]<\/p>\n","protected":false},"author":1,"featured_media":5058,"comment_status":"open","ping_status":"open","sticky":false,"template":"","format":"standard","meta":{"footnotes":""},"categories":[2],"tags":[7049,6116,7051,713,7047,7050,7048,24,2518],"class_list":["post-5057","post","type-post","status-publish","format-standard","has-post-thumbnail","hentry","category-ultimas-noticias","tag-cortinas","tag-disenar","tag-frazadas","tag-hora","tag-manteles","tag-sabanas","tag-servilletas","tag-todo","tag-vale"],"_links":{"self":[{"href":"https:\/\/13.com.ar\/index.php\/wp-json\/wp\/v2\/posts\/5057","targetHints":{"allow":["GET"]}}],"collection":[{"href":"https:\/\/13.com.ar\/index.php\/wp-json\/wp\/v2\/posts"}],"about":[{"href":"https:\/\/13.com.ar\/index.php\/wp-json\/wp\/v2\/types\/post"}],"author":[{"embeddable":true,"href":"https:\/\/13.com.ar\/index.php\/wp-json\/wp\/v2\/users\/1"}],"replies":[{"embeddable":true,"href":"https:\/\/13.com.ar\/index.php\/wp-json\/wp\/v2\/comments?post=5057"}],"version-history":[{"count":0,"href":"https:\/\/13.com.ar\/index.php\/wp-json\/wp\/v2\/posts\/5057\/revisions"}],"wp:featuredmedia":[{"embeddable":true,"href":"https:\/\/13.com.ar\/index.php\/wp-json\/wp\/v2\/media\/5058"}],"wp:attachment":[{"href":"https:\/\/13.com.ar\/index.php\/wp-json\/wp\/v2\/media?parent=5057"}],"wp:term":[{"taxonomy":"category","embeddable":true,"href":"https:\/\/13.com.ar\/index.php\/wp-json\/wp\/v2\/categories?post=5057"},{"taxonomy":"post_tag","embeddable":true,"href":"https:\/\/13.com.ar\/index.php\/wp-json\/wp\/v2\/tags?post=5057"}],"curies":[{"name":"wp","href":"https:\/\/api.w.org\/{rel}","templated":true}]}}