{"id":5055,"date":"2025-02-15T06:41:43","date_gmt":"2025-02-15T09:41:43","guid":{"rendered":"https:\/\/13.com.ar\/index.php\/cosquin-rock-2025-y-todo-lo-que-hay-que-saber-para-los-dos-dias-a-toda-musica-mapa-grilla-comidas\/"},"modified":"2025-02-15T06:41:43","modified_gmt":"2025-02-15T09:41:43","slug":"cosquin-rock-2025-y-todo-lo-que-hay-que-saber-para-los-dos-dias-a-toda-musica-mapa-grilla-comidas","status":"publish","type":"post","link":"https:\/\/13.com.ar\/index.php\/cosquin-rock-2025-y-todo-lo-que-hay-que-saber-para-los-dos-dias-a-toda-musica-mapa-grilla-comidas\/","title":{"rendered":"Cosqu\u00edn Rock 2025 y todo lo que hay que saber para los dos d\u00edas a toda m\u00fasica: mapa, grilla, comidas"},"content":{"rendered":"<p> <br \/>\n<\/p>\n<div id=\"cuerpo\">\n<div class=\"sc-80531b6b-0 chRIGJ container-text text-embed\">\n<p>Este s\u00e1bado a las 14:30 dar\u00e1 comienzo la edici\u00f3n 25\u00b0 aniversario del festival <strong>Cosqu\u00edn Rock<\/strong> en el aer\u00f3dromo de Santa Mar\u00eda de Punilla, C\u00f3rdoba. Durar\u00e1 toda una larga jornada y luego todo el domingo.<\/p>\n<\/div>\n<div class=\"sc-80531b6b-0 chRIGJ container-text text-embed\">\n<p>Ya se anunci\u00f3 que se agotaron las entradas para el D\u00eda 1, y que el record de ventas confirma a esta edici\u00f3n como la m\u00e1s convocante en su larga historia.<\/p>\n<\/div>\n<div class=\"sc-198be8ec-0 cynXbu image-embed  image-embed \"><picture class=\"sc-198be8ec-1 kOjRiQ\"><source media=\"(min-width: 975px)\" width=\"720\" height=\"480\" \/><img alt=\"Divididos: Ricardo Mollo Diego Arnedo y Catriel Ciavarella. Ser\u00e1n uno de los n\u00fameros fuertes del Cosqu\u00edn Rock 2025. Foto gentileza Nacho Arnedo\" loading=\"lazy\" width=\"720\" height=\"480\" decoding=\"async\" data-nimg=\"1\" style=\"color:transparent\" src=\"https:\/\/13.com.ar\/wp-content\/uploads\/2025\/02\/Cosquin-Rock-2025-y-todo-lo-que-hay-que-saber.jpg\"\/><span class=\"epigraphe\">Divididos: Ricardo Mollo Diego Arnedo y Catriel Ciavarella. Ser\u00e1n uno de los n\u00fameros fuertes del Cosqu\u00edn Rock 2025. Foto gentileza Nacho Arnedo<\/span><span class=\"bkg\"\/><span class=\"picture-open\"><button class=\"open-image\" aria-label=\"Open Image\"\/><\/span><\/picture><\/div>\n<div class=\"sc-80531b6b-0 chRIGJ container-text text-embed\">\n<p>Solamente se encuentran disponibles los <strong>\u00faltimos abonos y entradas para el D\u00eda 2<\/strong>, domingo 16 de febrero. Se pueden comprar a trav\u00e9s de<em> www.cosquinrock.net<\/em> o en los puntos de venta oficiales. Aceptan todos los medios de pago y se mantiene vigente la promoci\u00f3n de 12 cuotas sin inter\u00e9s con tarjetas BBVA, comprando con MODO.<\/p>\n<\/div>\n<p><h2>Un desfile de artistas<\/h2>\n<\/p>\n<div class=\"sc-80531b6b-0 chRIGJ container-text text-embed\">\n<p>A lo largo de las dos jornadas habr\u00e1 figuras de diferentes g\u00e9neros que son populares entre el p\u00fablico de rock, como el pop, el blues, el heavy y la m\u00fasica urbana. De hecho, este a\u00f1o <strong>ser\u00e1 el debut en el escenario de Cosqu\u00edn de Nicki Nicole y Luck Ra.<\/strong><\/p>\n<\/div>\n<div class=\"sc-198be8ec-0 cynXbu image-embed  image-embed \"><picture class=\"sc-198be8ec-1 kOjRiQ\"><source media=\"(min-width: 975px)\" width=\"720\" height=\"480\" \/><img alt=\"Dillom estar\u00e1 en la edici\u00f3n 25 de Cosqu\u00edn Rock.\" loading=\"lazy\" width=\"720\" height=\"480\" decoding=\"async\" data-nimg=\"1\" style=\"color:transparent\" src=\"https:\/\/13.com.ar\/wp-content\/uploads\/2025\/02\/1739612503_533_Cosquin-Rock-2025-y-todo-lo-que-hay-que-saber.jpg\"\/><span class=\"epigraphe\">Dillom estar\u00e1 en la edici\u00f3n 25 de Cosqu\u00edn Rock.<\/span><span class=\"bkg\"\/><span class=\"picture-open\"><button class=\"open-image\" aria-label=\"Open Image\"\/><\/span><\/picture><\/div>\n<div class=\"sc-80531b6b-0 chRIGJ container-text text-embed\">\n<p>El listado de grandes artistas incluye a <strong>Los Piojos, Divididos, Dillom, No Te Va Gustar, Wos, Ratones Paranoicos, Babas\u00f3nicos, Airbag, Los Aut\u00e9nticos Decadentes, Las Pelotas, Skay y los Fakires, Peces Raros, Zoe Gotusso y Conociendo Rusia<\/strong>. Habr\u00e1 m\u00e1s de 100 artistas y 7 escenarios.<\/p>\n<\/div>\n<p><h2>El mapa del predio<\/h2>\n<\/p>\n<div class=\"sc-80531b6b-0 chRIGJ container-text text-embed\">\n<p>El enorme predio en Santa Mar\u00eda de Punilla tendr\u00e1 dos escenarios grandes (Norte y Sur), uno mediano (Monta\u00f1a\/Disney) y otros m\u00e1s chicos (Boomerang\/Paraguay y La Casita del Blues). Como atracciones, habr\u00e1 una tirolesa de 150 metros en el stand de Red Bull.<\/p>\n<\/div>\n<div class=\"sc-198be8ec-0 cynXbu image-embed  image-embed \"><picture class=\"sc-198be8ec-1 kOjRiQ\"><source media=\"(min-width: 975px)\" width=\"720\" height=\"480\" \/><img alt=\"El mapa del predio del festival Cosqu\u00edn Rock, edici\u00f3n 2025.\" loading=\"lazy\" width=\"720\" height=\"480\" decoding=\"async\" data-nimg=\"1\" style=\"color:transparent\" src=\"https:\/\/13.com.ar\/wp-content\/uploads\/2025\/02\/1739612503_525_Cosquin-Rock-2025-y-todo-lo-que-hay-que-saber.jpg\"\/><span class=\"epigraphe\">El mapa del predio del festival Cosqu\u00edn Rock, edici\u00f3n 2025.<\/span><span class=\"bkg\"\/><span class=\"picture-open\"><button class=\"open-image\" aria-label=\"Open Image\"\/><\/span><\/picture><\/div>\n<p><h2>Comidas<\/h2>\n<\/p>\n<div class=\"sc-80531b6b-0 chRIGJ container-text text-embed\">\n<p>Como es habitual en este tipo de festivales multitudinarios, hay <strong>una enorme ofrerta de gastronom\u00eda<\/strong>, con stands y food-trucks.<\/p>\n<\/div>\n<div class=\"sc-80531b6b-0 chRIGJ container-text text-embed\">\n<p>La modalidad <strong>PocketCash <\/strong>es la preferida por el p\u00fablico para evitar largas colas. La pulsera se puede cargar con plata en efectivo en cualquiera de los puestos. Incluso se puede ingresar dinero antes de llegar al predio, en <em>cosquinrock.net<\/em><\/p>\n<\/div>\n<p><h2>C\u00f3mo ver todo en TV<\/h2>\n<\/p>\n<div class=\"sc-80531b6b-0 chRIGJ container-text text-embed\">\n<p>El s\u00e1bado 15 y domingo 16 de febrero, <strong>Disney+<\/strong> transmitir\u00e1 en exclusiva el festival Cosqu\u00edn Rock 2025, en vivo y en directo desde el Aer\u00f3dromo Santa Mar\u00eda de Punilla en C\u00f3rdoba, para toda la audiencia de habla hispana de Latinoam\u00e9rica.<\/p>\n<\/div>\n<div class=\"sc-80531b6b-0 chRIGJ container-text text-embed\">\n<p>En ambas jornadas, a partir de las 14 hs, la audiencia de la plataforma Disney+ podr\u00e1 disfrutar, desde la primera fila del festival, de una grilla completa con reconocidos artistas nacionales e internacionales de m\u00faltiples g\u00e9neros musicales, quienes dir\u00e1n presente sobre los escenarios Monta\u00f1a, Sur y Norte, e invitar\u00e1 a los suscriptores a elegir entre los diferentes shows para vibrar con sus m\u00fasicos favoritos. <\/p>\n<\/div>\n<div class=\"sc-198be8ec-0 cynXbu image-embed  image-embed \"><picture class=\"sc-198be8ec-1 kOjRiQ\"><source media=\"(min-width: 975px)\" width=\"720\" height=\"480\" \/><img alt=\"Bebe Contepomi ser\u00e1 uno de los conductores de la transmisi\u00f3n televisiva. Foto: Guillermo Rodr\u00edguez Adami\" loading=\"lazy\" width=\"720\" height=\"480\" decoding=\"async\" data-nimg=\"1\" style=\"color:transparent\" src=\"https:\/\/13.com.ar\/wp-content\/uploads\/2025\/02\/1739612503_595_Cosquin-Rock-2025-y-todo-lo-que-hay-que-saber.jpg\"\/><span class=\"epigraphe\">Bebe Contepomi ser\u00e1 uno de los conductores de la transmisi\u00f3n televisiva. Foto: Guillermo Rodr\u00edguez Adami<\/span><span class=\"bkg\"\/><span class=\"picture-open\"><button class=\"open-image\" aria-label=\"Open Image\"\/><\/span><\/picture><\/div>\n<div class=\"sc-80531b6b-0 chRIGJ container-text text-embed\">\n<p>A su vez, desde las 17 hs. durante los dos d\u00edas del Cosqu\u00edn Rock 2025 y de la mano de los hosts <strong>Bebe Contepomi, Ayel\u00e9n Vel\u00e1zquez y Manu Buscalia<\/strong>, la audiencia podr\u00e1 acceder informaci\u00f3n del festival y entrevistas exclusivas con las bandas.<\/p>\n<\/div>\n<p><h2>Los artistas, horarios y grilla completa<\/h2>\n<\/p>\n<div class=\"sc-80531b6b-0 chRIGJ container-text text-embed\">\n<p><strong>Las Pelotas<\/strong>, una leyenda de nuestro rock argentino, ser\u00e1 parte nuevamente del festival, marcando una asistencia de manera ininterrumpida, a lo largo de los 25 a\u00f1os de #CR25<\/p>\n<\/div>\n<div class=\"sc-80531b6b-0 chRIGJ container-text text-embed\">\n<p><strong>Divididos <\/strong>ya son piedras fundacionales de este festival y de la historia de la m\u00fasica.<\/p>\n<\/div>\n<div class=\"sc-198be8ec-0 cynXbu image-embed  image-embed \"><picture class=\"sc-198be8ec-1 kOjRiQ\"><source media=\"(min-width: 975px)\" width=\"720\" height=\"480\" \/><img alt=\"Airbag en V\u00e9lez, viernes 20 de diciembre 2024. Foto de prensa gentileza Mazza\/Irish Su\u00e1rez\" loading=\"lazy\" width=\"720\" height=\"480\" decoding=\"async\" data-nimg=\"1\" style=\"color:transparent\" src=\"https:\/\/13.com.ar\/wp-content\/uploads\/2025\/02\/1739612503_970_Cosquin-Rock-2025-y-todo-lo-que-hay-que-saber.jpg\"\/><span class=\"epigraphe\">Airbag en V\u00e9lez, viernes 20 de diciembre 2024. Foto de prensa gentileza Mazza\/Irish Su\u00e1rez<\/span><span class=\"bkg\"\/><span class=\"picture-open\"><button class=\"open-image\" aria-label=\"Open Image\"\/><\/span><\/picture><\/div>\n<div class=\"sc-80531b6b-0 chRIGJ container-text text-embed\">\n<p><strong>Airbag, Ratones Paranoicos<\/strong> y <strong>No te va Gustar<\/strong>, en medio de sus giras que est\u00e1n convocando a multitudes, har\u00e1n los grandes \u00e9xitos que los llevaron a ser las grandes bandas que son hoy en d\u00eda.<\/p>\n<\/div>\n<div class=\"sc-80531b6b-0 chRIGJ container-text text-embed\">\n<p>Consagrados artistas argentinos, que han escrito la historia de nuestra m\u00fasica volver\u00e1n a pisar este glorioso escenario: <strong>Skay y Los Fakires, Los Aut\u00e9nticos Decadentes, Babas\u00f3nicos, Guasones, Emmanuel Horvilleur, Turf, Los Tipitos, Massacre<\/strong>, entre muchos otros. <\/p>\n<\/div>\n<div class=\"sc-80531b6b-0 chRIGJ container-text text-embed\">\n<p>Junto a una generaci\u00f3n extraordinaria que viene llevando el pulso con la bandera bien en alto como <strong>El Mato a un Polic\u00eda Motorizado, Conociendo Rusia, Peces Raros, La Delio Valdez, Cruzando el Charco, B\u00e1ndalos Chinos, El Plan de la Mariposa<\/strong>, y una selecci\u00f3n imbatible de m\u00fasica emergente que da vida al under m\u00e1s puro del rock nacional.<\/p>\n<\/div>\n<div class=\"sc-80531b6b-0 chRIGJ container-text text-embed\">\n<p>El movimiento urbano que est\u00e1 revolucionando la m\u00fasica tambi\u00e9n se har\u00e1 presente con embajadores que est\u00e1n teniendo \u00e9xito internacionalmente, as\u00ed la talentosa <strong>Nicki Nicole <\/strong>debutar\u00e1 por primera vez en el festival, en una potente grilla que incluye a <strong>Wos, Dillom, Ca7riel y Paco Amoroso<\/strong> con sus nuevos materiales e impactantes shows.<\/p>\n<\/div>\n<div class=\"sc-198be8ec-0 cynXbu image-embed  image-embed \"><picture class=\"sc-198be8ec-1 kOjRiQ\"><source media=\"(min-width: 975px)\" width=\"720\" height=\"480\" \/><img alt=\"Paco Amoroso y Ca7riel en la trastienda del Tiny Desk grabado en la National Public Radio de Washington.\" loading=\"lazy\" width=\"720\" height=\"480\" decoding=\"async\" data-nimg=\"1\" style=\"color:transparent\" src=\"https:\/\/13.com.ar\/wp-content\/uploads\/2025\/02\/1739612503_238_Cosquin-Rock-2025-y-todo-lo-que-hay-que-saber.jpg\"\/><span class=\"epigraphe\">Paco Amoroso y Ca7riel en la trastienda del Tiny Desk grabado en la National Public Radio de Washington.<\/span><span class=\"bkg\"\/><span class=\"picture-open\"><button class=\"open-image\" aria-label=\"Open Image\"\/><\/span><\/picture><\/div>\n<div class=\"sc-80531b6b-0 chRIGJ container-text text-embed\">\n<p>Otras de las sorpresas de esta programaci\u00f3n aniversario es sin dudas la participaci\u00f3n de <strong>Deadmau5<\/strong>. El reconocido DJ canadiense llevar\u00e1 al Valle de Punilla su explosivo set de canciones. Y a la selecta presencia house y techno del Cosqu\u00edn se sumar\u00e1 la figura en ascenso de <strong>Mariano Mellino<\/strong>.<\/p>\n<\/div>\n<div class=\"sc-80531b6b-0 chRIGJ container-text text-embed\">\n<p>El cuarteto y la gran fiesta llegar\u00e1 con la primera vez de <strong>Luck Ra<\/strong> en el festival, una de las revelaciones de la m\u00fasica popular argentina de las \u00faltimas temporadas.<\/p>\n<\/div>\n<div class=\"sc-80531b6b-0 chRIGJ container-text text-embed\">\n<p>Por otro lado, a la seguidilla de novedades de esta edici\u00f3n especial se sumar\u00e1n las acciones vinculadas a Desembarco Cosqu\u00edn Rock, una serie de presentaciones en formato despojado y ac\u00fastico de queridos artistas que acompa\u00f1aron durante estos 25 a\u00f1os de camino.<\/p>\n<\/div>\n<div class=\"sc-80531b6b-0 chRIGJ container-text text-embed\">\n<p>Adem\u00e1s, estar\u00e1 una de las vueltas que est\u00e1 revolucionando al p\u00fablico: <strong>Los Piojos <\/strong>eligieron regresar al festival luego de agotar 7 estadios en diciembre del a\u00f1o pasado, en lo que ser\u00e1 su primer encuentro con los fans por el interior de la argentina y uno de los momentos \u00e9picos de esta pr\u00f3xima edici\u00f3n<\/p>\n<\/div>\n<div class=\"sc-80531b6b-0 chRIGJ container-text text-embed\">\n<p>Aqu\u00ed, <strong>los horarios y los escenarios<\/strong> de los dos d\u00edas del festival que seguramente convocar\u00e1 en total m\u00e1s de 200 mil personas.<\/p>\n<\/div>\n<p><h2>S\u00e1bado 15<\/h2>\n<\/p>\n<div class=\"sc-80531b6b-0 chRIGJ container-text text-embed\">\n<p>0.40 &#8211; LOS AUT\u00c9NTICOS DECADENTES<\/p>\n<\/div>\n<div class=\"sc-198be8ec-0 cynXbu image-embed  image-embed \"><picture class=\"sc-198be8ec-1 kOjRiQ\"><source media=\"(min-width: 975px)\" width=\"720\" height=\"480\" \/><img alt=\"La banda Airbag ser\u00e1 uno de los platos fuertes de la primera noche del Cosqu\u00edn Rock.\" loading=\"lazy\" width=\"720\" height=\"480\" decoding=\"async\" data-nimg=\"1\" style=\"color:transparent\" src=\"https:\/\/13.com.ar\/wp-content\/uploads\/2025\/02\/1739384788_250_se-agotaron-las-entradas-del-Dia-1-y-hay-una.jpg\"\/><span class=\"epigraphe\">La banda Airbag ser\u00e1 uno de los platos fuertes de la primera noche del Cosqu\u00edn Rock.<\/span><span class=\"bkg\"\/><span class=\"picture-open\"><button class=\"open-image\" aria-label=\"Open Image\"\/><\/span><\/picture><\/div>\n<div class=\"sc-80531b6b-0 chRIGJ container-text text-embed\">\n<p>17.50 &#8211; EL MAT\u00d3 A UN POLIC\u00cdA MOTORIZADO<\/p>\n<\/div>\n<div class=\"sc-80531b6b-0 chRIGJ container-text text-embed\">\n<p>16.30 &#8211; HILDA CANTA A CHARLY<\/p>\n<\/div>\n<div class=\"sc-80531b6b-0 chRIGJ container-text text-embed\">\n<p>0.30 &#8211; RATONES PARANOICOS<\/p>\n<\/div>\n<div class=\"sc-80531b6b-0 chRIGJ container-text text-embed\">\n<p>23.10 &#8211; LAS PASTILLAS DEL ABUELO<\/p>\n<\/div>\n<div class=\"sc-198be8ec-0 cynXbu image-embed  image-embed \"><picture class=\"sc-198be8ec-1 kOjRiQ\"><source media=\"(min-width: 975px)\" width=\"720\" height=\"480\" \/><img alt=\"Guasones, en el show que dieron en octubre pasado en Rosario. Ahora lo har\u00e1n en Cosqu\u00edn. Foto Mart\u00edn Bonetto\" loading=\"lazy\" width=\"720\" height=\"480\" decoding=\"async\" data-nimg=\"1\" style=\"color:transparent\" src=\"https:\/\/13.com.ar\/wp-content\/uploads\/2025\/02\/1739384788_539_se-agotaron-las-entradas-del-Dia-1-y-hay-una.jpg\"\/><span class=\"epigraphe\">Guasones, en el show que dieron en octubre pasado en Rosario. Ahora lo har\u00e1n en Cosqu\u00edn. Foto Mart\u00edn Bonetto<\/span><span class=\"bkg\"\/><span class=\"picture-open\"><button class=\"open-image\" aria-label=\"Open Image\"\/><\/span><\/picture><\/div>\n<div class=\"sc-80531b6b-0 chRIGJ container-text text-embed\">\n<p>15.20 &#8211; J\u00d3VENES PORDIOSEROS<\/p>\n<\/div>\n<div class=\"sc-80531b6b-0 chRIGJ container-text text-embed\">\n<p> 02.00 &#8211; POPOF B2B SPACE 92<\/p>\n<\/div>\n<div class=\"sc-80531b6b-0 chRIGJ container-text text-embed\">\n<p>17.10 &#8211; CRUZANDO EL CHARCO<\/p>\n<\/div>\n<div class=\"sc-80531b6b-0 chRIGJ container-text text-embed\">\n<p>21.30 &#8211; EL PLAN DE LA MARIPOSA<\/p>\n<\/div>\n<div class=\"sc-198be8ec-0 cynXbu image-embed  image-embed \"><picture class=\"sc-198be8ec-1 kOjRiQ\"><source media=\"(min-width: 975px)\" width=\"720\" height=\"480\" \/><img alt=\"El Plan de la Mariposa, la banda que tuvo un crecimiento fenomenal el a\u00f1o pasado.\" loading=\"lazy\" width=\"720\" height=\"480\" decoding=\"async\" data-nimg=\"1\" style=\"color:transparent\" src=\"https:\/\/13.com.ar\/wp-content\/uploads\/2025\/02\/1739384788_252_se-agotaron-las-entradas-del-Dia-1-y-hay-una.jpg\"\/><span class=\"epigraphe\">El Plan de la Mariposa, la banda que tuvo un crecimiento fenomenal el a\u00f1o pasado.<\/span><span class=\"bkg\"\/><span class=\"picture-open\"><button class=\"open-image\" aria-label=\"Open Image\"\/><\/span><\/picture><\/div>\n<div class=\"sc-80531b6b-0 chRIGJ container-text text-embed\">\n<p>20.30 &#8211; EMMANUEL HORVILLEUR<\/p>\n<\/div>\n<div class=\"sc-80531b6b-0 chRIGJ container-text text-embed\">\n<p><strong>Escenario La Casita del Blues<\/strong><\/p>\n<\/div>\n<div class=\"sc-80531b6b-0 chRIGJ container-text text-embed\">\n<p>22.40 &#8211; TRIBUTO A PAPPO CON CELESTE CARBALLO<\/p>\n<\/div>\n<div class=\"sc-80531b6b-0 chRIGJ container-text text-embed\">\n<p>21.15 &#8211; MEMPHIS LA BLUSERA<\/p>\n<\/div>\n<div class=\"sc-80531b6b-0 chRIGJ container-text text-embed\">\n<p>20.10 &#8211; CLAUDIA SETTE Y TOYO BAGOSO<\/p>\n<\/div>\n<div class=\"sc-80531b6b-0 chRIGJ container-text text-embed\">\n<p>16.55 &#8211; YULIE Y VANE RUTH<\/p>\n<\/div>\n<div class=\"sc-80531b6b-0 chRIGJ container-text text-embed\">\n<p>16.00 &#8211; THE GINGER HEARTS<\/p>\n<\/div>\n<div class=\"sc-80531b6b-0 chRIGJ container-text text-embed\">\n<p><strong>Escenario Hangar club discoteca<\/strong><\/p>\n<\/div>\n<p><h2>Domingo 16<\/h2>\n<\/p>\n<div class=\"sc-198be8ec-0 cynXbu image-embed  image-embed \"><picture class=\"sc-198be8ec-1 kOjRiQ\"><source media=\"(min-width: 975px)\" width=\"720\" height=\"480\" \/><img alt=\"Nicki Nicole en el Buenos Aires Trap, que se realiz\u00f3 en el Parque de la Ciudad. Foto Emmanuel Fern\u00e1ndez\" loading=\"lazy\" width=\"720\" height=\"480\" decoding=\"async\" data-nimg=\"1\" style=\"color:transparent\" src=\"https:\/\/13.com.ar\/wp-content\/uploads\/2025\/02\/1739384788_993_se-agotaron-las-entradas-del-Dia-1-y-hay-una.jpg\"\/><span class=\"epigraphe\">Nicki Nicole en el Buenos Aires Trap, que se realiz\u00f3 en el Parque de la Ciudad. Foto Emmanuel Fern\u00e1ndez<\/span><span class=\"bkg\"\/><span class=\"picture-open\"><button class=\"open-image\" aria-label=\"Open Image\"\/><\/span><\/picture><\/div>\n<div class=\"sc-80531b6b-0 chRIGJ container-text text-embed\">\n<p>17.50 &#8211; CA7RIEL Y PACO AMOROSO<\/p>\n<\/div>\n<div class=\"sc-80531b6b-0 chRIGJ container-text text-embed\">\n<p>15.20 &#8211; AGUSFORTNITE2008 &amp; STIFFY<\/p>\n<\/div>\n<div class=\"sc-80531b6b-0 chRIGJ container-text text-embed\">\n<p>20.30 &#8211; SKAY Y LOS FAKIRES<\/p>\n<\/div>\n<div class=\"sc-80531b6b-0 chRIGJ container-text text-embed\">\n<p>17.10 &#8211; SILVESTRE Y LA NARANJA<\/p>\n<\/div>\n<div class=\"sc-80531b6b-0 chRIGJ container-text text-embed\">\n<p>23.30 &#8211; HIJOS DE LA TORMENTA<\/p>\n<\/div>\n<div class=\"sc-80531b6b-0 chRIGJ container-text text-embed\">\n<p>19.00 &#8211; VAPORS OF MORPHINE<\/p>\n<\/div>\n<div class=\"sc-80531b6b-0 chRIGJ container-text text-embed\">\n<p>14.20 &#8211; FONSO Y LAS PARITARIAS<\/p>\n<\/div>\n<div class=\"sc-80531b6b-0 chRIGJ container-text text-embed\">\n<p><strong>Escenario La Casita del blues<\/strong><\/p>\n<\/div>\n<div class=\"sc-80531b6b-0 chRIGJ container-text text-embed\">\n<p>22.45 &#8211; LOS B\u00daFALOS SEDIENTOS<\/p>\n<\/div>\n<div class=\"sc-80531b6b-0 chRIGJ container-text text-embed\">\n<p>21.45 &#8211; IVAN SINGH &amp; SHERYL YOUNGBLOOD<\/p>\n<\/div>\n<div class=\"sc-80531b6b-0 chRIGJ container-text text-embed\">\n<p>19.25 &#8211; THE RHYTHM GAMBLERS<\/p>\n<\/div>\n<div class=\"sc-80531b6b-0 chRIGJ container-text text-embed\">\n<p>18.20 &#8211; C\u00c9SAR VALDOMIR BLUES BAND<\/p>\n<\/div>\n<div class=\"sc-80531b6b-0 chRIGJ container-text text-embed\">\n<p>15.25 &#8211; MARLENE SUCHY &amp; THE SUPER SAX<\/p>\n<\/div>\n<div class=\"sc-80531b6b-0 chRIGJ container-text text-embed\">\n<p>14.30 &#8211; PAPI CHIMI ROMERO &amp; BROSSOUL<\/p>\n<\/div>\n<\/div>\n<p><br \/>\n<br \/><a href=\"https:\/\/www.clarin.com\/espectaculos\/cosquin-rock-2025-saber-dias-toda-musica-mapa-grilla-comidas_0_1D9gDJVERx.html\">Fuente Clarin.com <\/a><\/p>\n","protected":false},"excerpt":{"rendered":"<p>Este s\u00e1bado a las 14:30 dar\u00e1 comienzo la edici\u00f3n 25\u00b0 aniversario del festival Cosqu\u00edn Rock en el aer\u00f3dromo de Santa Mar\u00eda de Punilla, C\u00f3rdoba. Durar\u00e1 toda una larga jornada y luego todo el domingo. Ya se anunci\u00f3 que se agotaron las entradas para el D\u00eda 1, y que el record de ventas confirma a esta [&hellip;]<\/p>\n","protected":false},"author":1,"featured_media":5056,"comment_status":"open","ping_status":"open","sticky":false,"template":"","format":"standard","meta":{"footnotes":""},"categories":[2],"tags":[7046,394,500,59,7045,942,28,7044,175,16,1015,2835,3773,24],"class_list":["post-5055","post","type-post","status-publish","format-standard","has-post-thumbnail","hentry","category-ultimas-noticias","tag-comidas","tag-cosquin","tag-dias","tag-dos","tag-grilla","tag-hay","tag-los","tag-mapa","tag-musica","tag-para","tag-rock","tag-saber","tag-toda","tag-todo"],"_links":{"self":[{"href":"https:\/\/13.com.ar\/index.php\/wp-json\/wp\/v2\/posts\/5055","targetHints":{"allow":["GET"]}}],"collection":[{"href":"https:\/\/13.com.ar\/index.php\/wp-json\/wp\/v2\/posts"}],"about":[{"href":"https:\/\/13.com.ar\/index.php\/wp-json\/wp\/v2\/types\/post"}],"author":[{"embeddable":true,"href":"https:\/\/13.com.ar\/index.php\/wp-json\/wp\/v2\/users\/1"}],"replies":[{"embeddable":true,"href":"https:\/\/13.com.ar\/index.php\/wp-json\/wp\/v2\/comments?post=5055"}],"version-history":[{"count":0,"href":"https:\/\/13.com.ar\/index.php\/wp-json\/wp\/v2\/posts\/5055\/revisions"}],"wp:featuredmedia":[{"embeddable":true,"href":"https:\/\/13.com.ar\/index.php\/wp-json\/wp\/v2\/media\/5056"}],"wp:attachment":[{"href":"https:\/\/13.com.ar\/index.php\/wp-json\/wp\/v2\/media?parent=5055"}],"wp:term":[{"taxonomy":"category","embeddable":true,"href":"https:\/\/13.com.ar\/index.php\/wp-json\/wp\/v2\/categories?post=5055"},{"taxonomy":"post_tag","embeddable":true,"href":"https:\/\/13.com.ar\/index.php\/wp-json\/wp\/v2\/tags?post=5055"}],"curies":[{"name":"wp","href":"https:\/\/api.w.org\/{rel}","templated":true}]}}