{"id":5016,"date":"2025-02-14T23:46:29","date_gmt":"2025-02-15T02:46:29","guid":{"rendered":"https:\/\/13.com.ar\/index.php\/el-arroz-se-renueva-con-nuevas-semillas-de-calidad-sanidad-y-mas-rinde\/"},"modified":"2025-02-14T23:46:29","modified_gmt":"2025-02-15T02:46:29","slug":"el-arroz-se-renueva-con-nuevas-semillas-de-calidad-sanidad-y-mas-rinde","status":"publish","type":"post","link":"https:\/\/13.com.ar\/index.php\/el-arroz-se-renueva-con-nuevas-semillas-de-calidad-sanidad-y-mas-rinde\/","title":{"rendered":"El arroz se renueva con nuevas semillas de calidad, sanidad y m\u00e1s rinde"},"content":{"rendered":"<p> <br \/>\n<br \/><img decoding=\"async\" src=\"https:\/\/13.com.ar\/wp-content\/uploads\/2025\/02\/El-arroz-se-renueva-con-nuevas-semillas-de-calidad-sanidad.jpg\" \/><\/p>\n<div id=\"cuerpo\">\n<div class=\"sc-80531b6b-0 chRIGJ container-text text-embed\">\n<p>Organizado por la Asociaci\u00f3n Correntina de Plantadores de Arroz (ACPA) y el INTA, este jueves se llev\u00f3 a cabo en la ciudad de Mercedes, la Apertura Oficial de la Cosecha de Arroz de la Provincia de Corrientes. <\/p>\n<\/div>\n<div class=\"sc-80531b6b-0 chRIGJ container-text text-embed\">\n<p>La jornada se desarroll\u00f3 en dos etapas. Durante la ma\u00f1ana, en el sal\u00f3n principal de la EEA INTA Mercedes, se realiz\u00f3 el acto de apertura con la presencia de destacadas autoridades: la intendenta de Mercedes, Cdra. J<strong>uana Gauto<\/strong>; el director de la EEA INTA Mercedes, Ing. Agr. <strong>Jacques Kraemer<\/strong>; el presidente de ACPA, Cdor. <strong>Jorge Borsatto<\/strong>; y el ministro de Producci\u00f3n de Corrientes, Ing. <strong>Claudio Anselmo<\/strong>.<\/p>\n<\/div>\n<div class=\"sc-80531b6b-0 chRIGJ container-text text-embed\">\n<p>En este inmejorable marco, se formaliz\u00f3 la firma de una carta de intenci\u00f3n entre INTA y la empresa COPRA, destinada a la multiplicaci\u00f3n comercial de las variedades de arroz Alfredo INTA y Vicente INTA, recientemente desarrolladas. <\/p>\n<\/div>\n<div class=\"sc-80531b6b-0 chRIGJ container-text text-embed\">\n<p>De esta manera se marca un nuevo hito en los m\u00e1s de veinte a\u00f1os de trabajo conjunto entre la EEA Corrientes y COPRA S.A, relacionamiento celebrado tanto por la Ing. Agr. <strong>Silvina Esparza<\/strong>, directora de esta estaci\u00f3n experimental, as\u00ed como por el doctor <strong>Jos\u00e9 Antonio Aranda<\/strong>, presidente de COPRA, presente en toda la jornada.<\/p>\n<\/div>\n<p><h2>Ciclo de charlas t\u00e9cnicas<\/h2>\n<\/p>\n<div class=\"sc-80531b6b-0 chRIGJ container-text text-embed\">\n<p>A continuaci\u00f3n, especialistas del sector ofrecieron una serie de disertaciones t\u00e9cnicas:<\/p>\n<\/div>\n<div class=\"sc-80531b6b-0 chRIGJ container-text text-embed\">\n<p>\u2022\tIng. Agr. <strong>Jorge Fedre<\/strong> (ACPA): present\u00f3 el &#8220;Relevamiento Arrocero Nacional&#8221;, un estudio conjunto entre INTA, ACPA y la Bolsa de Cereales de Entre R\u00edos.<\/p>\n<\/div>\n<div class=\"sc-80531b6b-0 chRIGJ container-text text-embed\">\n<p>\u2022\t<strong>Guillermo Pensotti <\/strong>(MachVision): expuso sobre la transformaci\u00f3n digital en la industria arrocera, destacando el uso de visi\u00f3n artificial en el control de calidad y automatizaci\u00f3n.<\/p>\n<\/div>\n<div class=\"sc-80531b6b-0 chRIGJ container-text text-embed\">\n<p>\u2022\t<strong>Diego Nieto <\/strong>(KRAH Am\u00e9rica Latina): present\u00f3 la utilizaci\u00f3n de tuber\u00edas de polietileno ECOLINE, aplicadas a alcantarillado e impulsi\u00f3n de fluidos.<\/p>\n<\/div>\n<div class=\"sc-80531b6b-0 chRIGJ container-text text-embed\">\n<p>\u2022\t<strong>Exequiel Marchesi y Emmanuel Rista<\/strong> (Agronorte &#8211; John Deere): disertaron sobre la conectividad en la cosecha.<\/p>\n<\/div>\n<div class=\"sc-80531b6b-0 chRIGJ container-text text-embed\">\n<p>\u2022\t<strong>Diego Barata<\/strong> (Sindarroz &#8211; Brasil): cerr\u00f3 el ciclo con un an\u00e1lisis sobre las perspectivas del mercado arrocero internacional, un tema de gran inter\u00e9s para los productores presentes.<\/p>\n<\/div>\n<p><h2>Almuerzo y apertura oficial de la cosecha<\/h2>\n<\/p>\n<div class=\"sc-80531b6b-0 chRIGJ container-text text-embed\">\n<p>Tras las exposiciones, los asistentes se trasladaron a Estancia El Roc\u00edo (COPRA S.A.), donde compartieron un almuerzo de camarader\u00eda. Luego, se llev\u00f3 a cabo la ceremonia oficial de apertura de la cosecha.<\/p>\n<\/div>\n<div class=\"sc-80531b6b-0 chRIGJ container-text text-embed\">\n<p>Las palabras de bienvenida estuvieron a cargo del Ing. Agr. <strong>Christian Jetter<\/strong>, gerente de COPRA S.A.. Luego, dirigieron mensajes a los presentes Borsatto, la vicepresidenta del INTA, Ing. Agr. <strong>Pilu Giraudo<\/strong>, y Anselmo.<\/p>\n<\/div>\n<div class=\"sc-80531b6b-0 chRIGJ container-text text-embed\">\n<p>El acto cont\u00f3 con la presencia del vicegobernador de Corrientes, <strong>Dr. Pedro Braillard Poccard<\/strong>, quien, junto con el ministro de Producci\u00f3n, dio inicio formal a la cosecha sobre un lote con 20 a\u00f1os de historia arrocera, ubicado junto al predio donde se efectu\u00f3 el acto.<\/p>\n<\/div>\n<p><h2>Corrientes: l\u00edder en la producci\u00f3n arrocera del pa\u00eds<\/h2>\n<\/p>\n<div class=\"sc-80531b6b-0 chRIGJ container-text text-embed\">\n<p>Corrientes se consolida como la principal provincia arrocera de Argentina, con 109.000 hect\u00e1reas sembradas y un crecimiento interanual del 13,6%. Este cultivo representa m\u00e1s del 60% de las exportaciones provinciales, generando ingresos cercanos a U$D 200 millones anuales.<\/p>\n<\/div>\n<div class=\"sc-80531b6b-0 chRIGJ container-text text-embed\">\n<p>Adem\u00e1s de su impacto econ\u00f3mico, el arroz es un motor de desarrollo en la provincia:<\/p>\n<\/div>\n<div class=\"sc-80531b6b-0 chRIGJ container-text text-embed\">\n<p>\u2022\tImpulsa la generaci\u00f3n de empleo y dinamiza una amplia red de servicios.<\/p>\n<\/div>\n<div class=\"sc-80531b6b-0 chRIGJ container-text text-embed\">\n<p>\u2022\tFomenta la integraci\u00f3n con la ganader\u00eda, promoviendo la siembra de pasturas y cultivos forrajeros.<\/p>\n<\/div>\n<div class=\"sc-80531b6b-0 chRIGJ container-text text-embed\">\n<p>\u2022\tEl 65% del costo de producci\u00f3n anual se reinvierte en la regi\u00f3n, fortaleciendo la econom\u00eda local.<\/p>\n<\/div>\n<div class=\"sc-80531b6b-0 chRIGJ container-text text-embed\">\n<p>\u2022\tSe han realizado inversiones en infraestructura y tecnolog\u00eda por un valor cercano a U$D 350 millones, consolidando al sector como un pilar del desarrollo provincial.<\/p>\n<\/div>\n<div class=\"sc-80531b6b-0 chRIGJ container-text text-embed\">\n<p>Este evento refleja la importancia de la articulaci\u00f3n entre el sector productivo y las instituciones p\u00fablicas, clave para el crecimiento sostenible de la provincia.<\/p>\n<\/div>\n<p><h2>Panel de expertos en mejoramiento y manejo del cultivo<\/h2>\n<\/p>\n<div class=\"sc-80531b6b-0 chRIGJ container-text text-embed\">\n<p>Como cierre de la jornada, se realiz\u00f3 un panel t\u00e9cnico con la participaci\u00f3n de destacados especialistas en mejoramiento gen\u00e9tico y manejo del arroz:<\/p>\n<\/div>\n<div class=\"sc-80531b6b-0 chRIGJ container-text text-embed\">\n<p>\u2022\tIng. Agr. <strong>Mar\u00eda In\u00e9s Pachecoy<\/strong> (INTA EEA Corrientes): obtentora de las variedades Alfredo INTA y Vicente INTA.<\/p>\n<\/div>\n<div class=\"sc-80531b6b-0 chRIGJ container-text text-embed\">\n<p>\u2022\tLic. <strong>Jos\u00e9 Colazo<\/strong> (INTA EEA Concepci\u00f3n del Uruguay): mejorador del cultivo.<\/p>\n<\/div>\n<div class=\"sc-80531b6b-0 chRIGJ container-text text-embed\">\n<p>\u2022\tIng. Agr. <strong>Rodolfo Vicino<\/strong> (Ministerio de Producci\u00f3n de Santa Fe): especialista en mejoramiento gen\u00e9tico.<\/p>\n<\/div>\n<div class=\"sc-80531b6b-0 chRIGJ container-text text-embed\">\n<p>\u2022\tIng. Agr. <strong>Luciana Herber<\/strong>: especialista en nutrici\u00f3n del cultivo.<\/p>\n<\/div>\n<div class=\"sc-80531b6b-0 chRIGJ container-text text-embed\">\n<p>\u2022\tIng. Agr. <strong>Pabla Pizzio <\/strong>(COPRA S.A.): responsable del semillero El Roc\u00edo.<\/p>\n<\/div>\n<div class=\"sc-80531b6b-0 chRIGJ container-text text-embed\">\n<p>\u2022\tIng. Agr. <strong>Mauricio Mucchut<\/strong> (BASF): encargado de ensayos de fertilizantes.<\/p>\n<\/div>\n<div class=\"sc-80531b6b-0 chRIGJ container-text text-embed\">\n<p>La jornada concluy\u00f3 con el intercambio de conocimientos y experiencias entre productores, t\u00e9cnicos y referentes del sector, reafirmando el compromiso con la innovaci\u00f3n y el desarrollo sostenible de la industria arrocera en Corrientes<\/p>\n<\/div>\n<\/div>\n<p><br \/>\n<br \/><a href=\"https:\/\/www.clarin.com\/rural\/arroz-renueva-nuevas-semillas-calidad-sanidad-rinde_0_MBRdP7Yqb9.html\">Fuente Clarin.com <\/a><\/p>\n","protected":false},"excerpt":{"rendered":"<p>Organizado por la Asociaci\u00f3n Correntina de Plantadores de Arroz (ACPA) y el INTA, este jueves se llev\u00f3 a cabo en la ciudad de Mercedes, la Apertura Oficial de la Cosecha de Arroz de la Provincia de Corrientes. La jornada se desarroll\u00f3 en dos etapas. Durante la ma\u00f1ana, en el sal\u00f3n principal de la EEA INTA [&hellip;]<\/p>\n","protected":false},"author":1,"featured_media":5017,"comment_status":"open","ping_status":"open","sticky":false,"template":"","format":"standard","meta":{"footnotes":""},"categories":[2],"tags":[7008,760,18,155,2193,7009,2343,7010,5579],"class_list":["post-5016","post","type-post","status-publish","format-standard","has-post-thumbnail","hentry","category-ultimas-noticias","tag-arroz","tag-calidad","tag-con","tag-mas","tag-nuevas","tag-renueva","tag-rinde","tag-sanidad","tag-semillas"],"_links":{"self":[{"href":"https:\/\/13.com.ar\/index.php\/wp-json\/wp\/v2\/posts\/5016","targetHints":{"allow":["GET"]}}],"collection":[{"href":"https:\/\/13.com.ar\/index.php\/wp-json\/wp\/v2\/posts"}],"about":[{"href":"https:\/\/13.com.ar\/index.php\/wp-json\/wp\/v2\/types\/post"}],"author":[{"embeddable":true,"href":"https:\/\/13.com.ar\/index.php\/wp-json\/wp\/v2\/users\/1"}],"replies":[{"embeddable":true,"href":"https:\/\/13.com.ar\/index.php\/wp-json\/wp\/v2\/comments?post=5016"}],"version-history":[{"count":0,"href":"https:\/\/13.com.ar\/index.php\/wp-json\/wp\/v2\/posts\/5016\/revisions"}],"wp:featuredmedia":[{"embeddable":true,"href":"https:\/\/13.com.ar\/index.php\/wp-json\/wp\/v2\/media\/5017"}],"wp:attachment":[{"href":"https:\/\/13.com.ar\/index.php\/wp-json\/wp\/v2\/media?parent=5016"}],"wp:term":[{"taxonomy":"category","embeddable":true,"href":"https:\/\/13.com.ar\/index.php\/wp-json\/wp\/v2\/categories?post=5016"},{"taxonomy":"post_tag","embeddable":true,"href":"https:\/\/13.com.ar\/index.php\/wp-json\/wp\/v2\/tags?post=5016"}],"curies":[{"name":"wp","href":"https:\/\/api.w.org\/{rel}","templated":true}]}}