{"id":5006,"date":"2025-02-14T21:39:34","date_gmt":"2025-02-15T00:39:34","guid":{"rendered":"https:\/\/13.com.ar\/index.php\/la-inclusion-del-pliego-de-lijo-amenaza-con-complicar-la-sesion-por-la-suspension-de-las-paso-en-el-senado\/"},"modified":"2025-02-14T21:39:34","modified_gmt":"2025-02-15T00:39:34","slug":"la-inclusion-del-pliego-de-lijo-amenaza-con-complicar-la-sesion-por-la-suspension-de-las-paso-en-el-senado","status":"publish","type":"post","link":"https:\/\/13.com.ar\/index.php\/la-inclusion-del-pliego-de-lijo-amenaza-con-complicar-la-sesion-por-la-suspension-de-las-paso-en-el-senado\/","title":{"rendered":"La inclusi\u00f3n del pliego de Lijo amenaza con complicar la sesi\u00f3n por la suspensi\u00f3n de las PASO en el Senado"},"content":{"rendered":"<p> <br \/>\n<br \/><img decoding=\"async\" src=\"https:\/\/13.com.ar\/wp-content\/uploads\/2025\/02\/La-inclusion-del-pliego-de-Lijo-amenaza-con-complicar-la.jpg\" \/><\/p>\n<div id=\"cuerpo\">\n<div class=\"sc-80531b6b-0 chRIGJ container-text text-embed\">\n<p>La sorpresa inicial que gener\u00f3 la noticia de que el pliego de Ariel Lijo para la Corte Suprema hab\u00eda conseguido dictamen dio ahora paso a la <strong>confusi\u00f3n en el Senado<\/strong>. Calculadora en mano, el oficialismo todav\u00eda no confirma que ese tema se incluya en la sesi\u00f3n del jueves -prevista para votar la suspensi\u00f3n de las PASO- pero entre los cr\u00edticos m\u00e1s f\u00e9rreos de Lijo <strong>hacen correr la amenaza de no dar quorum si La Libertad Avanza introduce la designaci\u00f3n del juez en el temario<\/strong>.<\/p>\n<\/div>\n<div class=\"sc-80531b6b-0 chRIGJ container-text text-embed\">\n<p>&#8220;Que le den quorum los K y despu\u00e9s yo me siento&#8221;, le dijo a <strong>Clar\u00edn<\/strong> el formose\u00f1o Francisco Paoltroni, quien en televisi\u00f3n ya hab\u00eda planteado lo mismo.<\/p>\n<\/div>\n<div class=\"sc-80531b6b-0 chRIGJ container-text text-embed\">\n<p>El libertario fue expulsado del bloque oficialista por hacer campa\u00f1a en contra de Lijo y tampoco quiere que se eliminen las Primarias, que es el otro proyecto que est\u00e1 en el temario: &#8220;Es servir a todos los que tienen patrones&#8221;, dijo.<\/p>\n<\/div>\n<div class=\"sc-80531b6b-0 chRIGJ container-text text-embed\">\n<p>&#8220;Es una idea de Paoltroni y tambi\u00e9n de varios m\u00e1s&#8221;, reconoce una fuente del radicalismo. &#8220;Todav\u00eda no lo hablamos, pero puede ser. Haremos lo que sea para que Lijo no entre en la Corte&#8221;, agrega.<\/p>\n<\/div>\n<div class=\"sc-80531b6b-0 chRIGJ container-text text-embed\">\n<p>El kirchnerismo, mientras tanto,<strong> entr\u00f3 en un estado de profundo hermetismo sobre el tema<\/strong>. En Diputados no dieron quorum para tratar la suspensi\u00f3n de las PASO, aunque al momento de votar votaron divididos: algunos por el s\u00ed, otros por el no y otros se abstuvieron.<\/p>\n<\/div>\n<div class=\"sc-80531b6b-0 chRIGJ container-text text-embed\">\n<p>El peronismo del Senado no adelanta ninguna definici\u00f3n. &#8220;Si damos quorum para la sesi\u00f3n de las PASO va a ser una decisi\u00f3n que tomaremos cuando se confirme si el pliego de Lijo entra o no&#8221;, afirm\u00f3 una legisladora de peso en el kirchnerismo.<\/p>\n<\/div>\n<div class=\"sc-80531b6b-0 chRIGJ container-text text-embed\">\n<p>Desde la bancada K de la C\u00e1mara Alta insisten en que no hubo un acuerdo: ellos ven\u00edan exigiendo designar una jueza para cubrir la segunda vacante en la Corte Suprema, discutir el Procurador General de la Naci\u00f3n o los 150 pliegos de jueces y fiscales pendientes. <strong>&#8220;Lijo no es nuestro, aunque puede haber tenido un pasado m\u00e1s cercano al peronismo&#8221;<\/strong>, aclara un legislador de ese sector.<\/p>\n<\/div>\n<div class=\"sc-80531b6b-0 chRIGJ container-text text-embed\">\n<p>Pero es sabido que las negociaciones no van por espacio, sino senador por senador. Cerca de Cristina Kirchner -que conduce a un grupo de los legisladores- <strong>aclaran que nadie habla en su nombre y no adelantan una directiva<\/strong>.<\/p>\n<\/div>\n<div class=\"sc-80531b6b-0 chRIGJ container-text text-embed\">\n<p>Lo cierto es que el momento en el que se present\u00f3 el pliego de Lijo hizo presentir al bloque de La Libertad Avanza que se le pod\u00edan complicar el resto de los debates.<\/p>\n<\/div>\n<div class=\"sc-80531b6b-0 chRIGJ container-text text-embed\">\n<p>Incluso resurgieron las denuncias de sectores, como la Coalici\u00f3n C\u00edvica, que<strong> hablan de un &#8220;pacto de impunidad&#8221; entre Milei y Cristina<\/strong>: que el Gobierno est\u00e1 dispuesto a frenar Ficha Limpia a cambio de que el PJ vote a Lijo.<\/p>\n<\/div>\n<div class=\"sc-80531b6b-0 chRIGJ container-text text-embed\">\n<p>El proyecto de Ficha Limpia -que impide ser candidatos a las personas con condena confirmada en segunda instancia, como Cristina Kirchner- se discutir\u00e1 en comisi\u00f3n este mi\u00e9rcoles en el Senado y el jueves est\u00e1 prevista la sesi\u00f3n por las Suspensi\u00f3n de PASO, que obtuvo despacho de comisi\u00f3n esta semana y que ya tiene media sanci\u00f3n en Diputados.<\/p>\n<\/div>\n<div class=\"sc-80531b6b-0 chRIGJ container-text text-embed\">\n<p>En la Comisi\u00f3n, el proyecto para suspender las elecciones primarias consigui\u00f3 11 firmas, dos m\u00e1s de las necesarias. Seg\u00fan cont\u00f3 <strong>Clar\u00edn<\/strong>, hubo radicales que priorizaron no obstruir el avance del proyecto y firmaron en disidencia, aunque aclararon que en el recinto no votar\u00e1n a favor.<\/p>\n<\/div>\n<p><h2>Voto a voto<\/h2>\n<\/p>\n<div class=\"sc-80531b6b-0 chRIGJ container-text text-embed\">\n<p>Como se trata de un cambio en el r\u00e9gimen electoral, se necesitan 37 votos afirmativos para que la ley se apruebe en el recinto del Senado. Por eso, el oficialismo necesita que <strong>cada baja de un aliado sea compensada por una fuga del peronismo. <\/strong><\/p>\n<\/div>\n<div class=\"sc-80531b6b-0 chRIGJ container-text text-embed\">\n<p>La UCR est\u00e1 dividida por el tema y no todos quieren adelantar su postura. &#8220;Lo tenemos que discutir fino en la provincia para definir&#8221;, dice uno de los senadores del bloque. Hasta ahora est\u00e1n en contra de la suspensi\u00f3n el fueguino Pablo Blanco, la santafesina Carolina Losada, el bonaerense Maximiliano Abad y el porte\u00f1o Mart\u00edn Lousteau.<\/p>\n<\/div>\n<div class=\"sc-80531b6b-0 chRIGJ container-text text-embed\">\n<p>En el PRO todos acompa\u00f1ar\u00edan la suspensi\u00f3n de las PASO, aunque hay dudas con la larretista Guadalupe Tagliaferri, que tiene juego propio y tambi\u00e9n firm\u00f3 en disidencia el dictamen.<\/p>\n<\/div>\n<div class=\"sc-80531b6b-0 chRIGJ container-text text-embed\">\n<p>Dentro de Uni\u00f3n por la Patria,<strong> varios ya avisaron que est\u00e1n dispuestos a votar a favor del proyecto<\/strong>: entre ellos los santiague\u00f1os de Gerardo Zamora (son tres), el catamarque\u00f1o de Ra\u00fal Jalil, el tucumano Juan Manzur y su coterr\u00e1nea Sandra Mendoza, y la juje\u00f1a Carolina Mois\u00e9s.<\/p>\n<\/div>\n<div class=\"sc-80531b6b-0 chRIGJ container-text text-embed\">\n<p>Entre los federales aliados que manifestaron su aval est\u00e1n la cordobesa Alejandra Vigo, sus compa\u00f1ero de bancada, el salte\u00f1o Juan Carlos Romero y el entrerriano Carlos &#8220;Camau&#8221; Esp\u00ednola. Tambi\u00e9n la rionegrina M\u00f3nica Esther Silva, que responde al gobernador Alberto Weretilneck y los misioneros del mandatario Hugo Passalacqua.<\/p>\n<\/div>\n<\/div>\n<p><br \/>\n<br \/><a href=\"https:\/\/www.clarin.com\/politica\/inclusion-pliego-lijo-amenaza-complicar-sesion-suspension-paso-senado_0_jQbJc5vuzp.html\">Fuente Clarin.com <\/a><\/p>\n","protected":false},"excerpt":{"rendered":"<p>La sorpresa inicial que gener\u00f3 la noticia de que el pliego de Ariel Lijo para la Corte Suprema hab\u00eda conseguido dictamen dio ahora paso a la confusi\u00f3n en el Senado. Calculadora en mano, el oficialismo todav\u00eda no confirma que ese tema se incluya en la sesi\u00f3n del jueves -prevista para votar la suspensi\u00f3n de las [&hellip;]<\/p>\n","protected":false},"author":1,"featured_media":5007,"comment_status":"open","ping_status":"open","sticky":false,"template":"","format":"standard","meta":{"footnotes":""},"categories":[2],"tags":[248,6998,18,100,6997,48,6386,158,6025,142,5153,4254,1217],"class_list":["post-5006","post","type-post","status-publish","format-standard","has-post-thumbnail","hentry","category-ultimas-noticias","tag-amenaza","tag-complicar","tag-con","tag-del","tag-inclusion","tag-las","tag-lijo","tag-paso","tag-pliego","tag-por","tag-senado","tag-sesion","tag-suspension"],"_links":{"self":[{"href":"https:\/\/13.com.ar\/index.php\/wp-json\/wp\/v2\/posts\/5006","targetHints":{"allow":["GET"]}}],"collection":[{"href":"https:\/\/13.com.ar\/index.php\/wp-json\/wp\/v2\/posts"}],"about":[{"href":"https:\/\/13.com.ar\/index.php\/wp-json\/wp\/v2\/types\/post"}],"author":[{"embeddable":true,"href":"https:\/\/13.com.ar\/index.php\/wp-json\/wp\/v2\/users\/1"}],"replies":[{"embeddable":true,"href":"https:\/\/13.com.ar\/index.php\/wp-json\/wp\/v2\/comments?post=5006"}],"version-history":[{"count":0,"href":"https:\/\/13.com.ar\/index.php\/wp-json\/wp\/v2\/posts\/5006\/revisions"}],"wp:featuredmedia":[{"embeddable":true,"href":"https:\/\/13.com.ar\/index.php\/wp-json\/wp\/v2\/media\/5007"}],"wp:attachment":[{"href":"https:\/\/13.com.ar\/index.php\/wp-json\/wp\/v2\/media?parent=5006"}],"wp:term":[{"taxonomy":"category","embeddable":true,"href":"https:\/\/13.com.ar\/index.php\/wp-json\/wp\/v2\/categories?post=5006"},{"taxonomy":"post_tag","embeddable":true,"href":"https:\/\/13.com.ar\/index.php\/wp-json\/wp\/v2\/tags?post=5006"}],"curies":[{"name":"wp","href":"https:\/\/api.w.org\/{rel}","templated":true}]}}