{"id":5003,"date":"2025-02-14T20:57:27","date_gmt":"2025-02-14T23:57:27","guid":{"rendered":"https:\/\/13.com.ar\/index.php\/el-pliego-de-lijo-una-nueva-oportunidad-para-que-milei-se-pare-entre-la-espada-y-la-pared\/"},"modified":"2025-02-14T20:57:27","modified_gmt":"2025-02-14T23:57:27","slug":"el-pliego-de-lijo-una-nueva-oportunidad-para-que-milei-se-pare-entre-la-espada-y-la-pared","status":"publish","type":"post","link":"https:\/\/13.com.ar\/index.php\/el-pliego-de-lijo-una-nueva-oportunidad-para-que-milei-se-pare-entre-la-espada-y-la-pared\/","title":{"rendered":"El pliego de Lijo, una nueva oportunidad para que Milei se pare entre la espada y la pared"},"content":{"rendered":"<p> <br \/>\n<br \/><img decoding=\"async\" src=\"https:\/\/13.com.ar\/wp-content\/uploads\/2025\/02\/Pese-al-anuncio-del-titular-de-la-Anses-Milei-le.jpg\" \/><\/p>\n<div id=\"cuerpo\">\n<div class=\"sc-80531b6b-0 chRIGJ container-text text-embed\">\n<p>Como ya hizo en incontables ocasiones, el Gobierno eligi\u00f3 pasar la semana pr\u00f3xima entre la espada y la pared. El oficialismo hab\u00eda conseguido <strong>un buen triunfo en la C\u00e1mara de Diputados con el proyecto para suspender las PASO<\/strong> y las negociaciones para que tambi\u00e9n pasara en el Senado ven\u00edan bien encaminadas hasta que la Casa Rosada avis\u00f3 que tambi\u00e9n piensa llevar a la sesi\u00f3n del pr\u00f3ximo jueves en la C\u00e1mara alta <strong>el dictamen para nombrar a Ariel Lijo como juez de la Corte Suprema<\/strong>.<\/p>\n<\/div>\n<div class=\"sc-80531b6b-0 chRIGJ container-text text-embed\">\n<p>El Gobierno lleva m\u00e1s de un a\u00f1o caminando como puede en una C\u00e1mara en la que tiene solo seis de los 71 senadores que hoy ocupan las bancas. Ese tr\u00e1nsito <strong>se le hizo m\u00e1s c\u00f3modo por la ayuda de bloques de la oposici\u00f3n<\/strong> como el radicalismo, el PRO y algunos aliados que el oficialismo consigui\u00f3 en las provincias. En ese paquete de dialoguistas, las opiniones sobre Lijo est\u00e1n divididas y al menos seis legisladores ya avisaron que no lo votar\u00e1n.<\/p>\n<\/div>\n<div class=\"sc-80531b6b-0 chRIGJ container-text text-embed\">\n<p>Por eso, el Gobierno est\u00e1 obligado a conseguir que esos rebeldes no participen en la votaci\u00f3n y, adem\u00e1s, a convencer a un n\u00famero significativo de senadores kirchneristas.<\/p>\n<\/div>\n<div class=\"sc-80531b6b-0 chRIGJ container-text text-embed\">\n<p>All\u00ed, hoy hay un cerco que resulta dif\u00edcil de escrutar. A\u00fan <strong>cuando muchos senadores del kirchnerismo est\u00e1n abiertos a votar a Lijo<\/strong>, se aferran a un principio inmarcesible de la pr\u00e1ctica legislativa: \u201c\u00bfY para nosotros que hay?\u201d. No solo el kirchnerismo est\u00e1 hablando en ese idioma. \u201cNo hay nada en contra de Ariel, pero el Gobierno no quiere negociar nada. Estamos votando a un juez de la Corte, \u00bfc\u00f3mo pretenden conseguir lo que quieren con un bloque de seis senadores? El problema no es Lijo, el problema es que no hay acuerdo\u201d, le dijo a <strong>Clar\u00edn<\/strong> un senador radical que cualquiera pondr\u00eda en la lista de apoyos del juez federal.<\/p>\n<\/div>\n<div class=\"sc-80531b6b-0 chRIGJ container-text text-embed\">\n<p>El Ejecutivo insiste en que buscar\u00e1 poner a Lijo en el temario de sesi\u00f3n de la semana pr\u00f3xima y los funcionarios m\u00e1s informados adelantan que, cuando pase la sesi\u00f3n, <strong>se publicar\u00e1 un decreto del Presidente con el nombramiento \u201cen comisi\u00f3n\u201d del otro candidato<\/strong> para la Corte Suprema: Manuel Garc\u00eda Mansilla.<\/p>\n<\/div>\n<div class=\"sc-80531b6b-0 chRIGJ container-text text-embed\">\n<p>Lijo ya le hab\u00eda dicho al Gobierno que no quer\u00eda asumir con un decreto, porque eso lo obligar\u00eda a renunciar a un juzgado federal para asumir en un puesto que, si bien es mucho m\u00e1s tentador,<strong> quedar\u00e1 a merced de las ganas que tengan los senadores de destituirlo con un simple rechazo<\/strong>. Garc\u00eda Mansilla no puso esa objeci\u00f3n, y por eso habilit\u00f3 esa agenda del Gobierno.<\/p>\n<\/div>\n<div class=\"sc-80531b6b-0 chRIGJ container-text text-embed\">\n<p>El plan que la Casa Rosada difunde casi a cielo abierto es nombrar a Garc\u00eda Mansilla por decreto <strong>en el breve per\u00edodo de una semana<\/strong> que quedar\u00e1 entre el final de las Sesiones Extraordinarias del Congreso y el comienzo de las ordinarias, el 1 de marzo.<\/p>\n<\/div>\n<div class=\"sc-80531b6b-0 chRIGJ container-text text-embed\">\n<p>El inciso 19 del Art\u00edculo 99 de la Constituci\u00f3n Nacional dice que el Presidente \u201cpuede llenar las vacantes de los empleos que requieran el acuerdo del Senado, y que ocurran durante su receso, por medio de nombramientos en comisi\u00f3n que expirar\u00e1n al fin de la pr\u00f3xima Legislatura\u201d. Como la \u00faltima semana de febrero ser\u00e1 el \u00fanico momento en que el Congreso estar\u00e1 en receso, eso le permitir\u00e1 a Javier Milei nombrar a Garc\u00eda Mansilla y <strong>mantenerlo en su cargo al menos hasta el 30 de noviembre de 2025<\/strong>, cuando concluya el pr\u00f3ximo per\u00edodo ordinario.<\/p>\n<\/div>\n<div class=\"sc-80531b6b-0 chRIGJ container-text text-embed\">\n<p>\u00bfQu\u00e9 fortaleza tendr\u00e1 ese nombramiento de Garc\u00eda Mansilla por decreto? En la Casa Rosada creen que no ser\u00e1n ellos los encargados de darle estabilidad. \u201c<strong>Los que lo van a defender a Garc\u00eda Mansilla son (Jorge) Rosatti y (Carlos) Rosenkrantz, porque con el ingreso de Lijo, aliado de (Ricardo) Lorenzetti<\/strong>, la Corte va a quedar dividida en dos bloques de dos jueces. La \u00fanica oportunidad que tendr\u00e1n Rosatti y Rosenkrantz de armar una mayor\u00eda ser\u00e1 la de incorporar a Garc\u00eda Mansilla. Adem\u00e1s, ellos mismos fueron nombrados en primer t\u00e9rmino con un decreto de Macri, no se pueden oponer a Garc\u00eda Mansilla\u201d, considera uno de los mile\u00edstas encargados de aceitar el proceso.<\/p>\n<\/div>\n<div class=\"sc-80531b6b-0 chRIGJ container-text text-embed\">\n<p>Esa lectura estrictamente pol\u00edtica sobre el futuro de la Corte <strong>se para en varios supuestos pantanosos<\/strong>. El primero es que Lijo consiga los votos en el recinto. El segundo es que Lijo mantenga su alianza con Lorenzetti. El tercero es que, conociendo ese escenario que se les puede volver adverso, Lorenzetti y Lijo &#8211; o Lorenzetti solo- no comiencen a trabajar para complicar la integraci\u00f3n de Garc\u00eda Mansilla.<\/p>\n<\/div>\n<div class=\"sc-80531b6b-0 chRIGJ container-text text-embed\">\n<p>En el Gobierno est\u00e1n dispuestos a forzar al m\u00e1ximo ese art\u00edculo de la Constituci\u00f3n con un experimento sin antecedentes. A fines de 2025, cuando se venza el nombramiento en comisi\u00f3n de Garc\u00eda Mansilla, <strong>Milei podr\u00eda volver a sacar un decreto id\u00e9ntico para prorrogarle su mandato un a\u00f1o m\u00e1s<\/strong>. Por supuesto, si eso ocurre, Garc\u00eda Mansilla tendr\u00e1 que resignarse a ser un juez extremadamente vulnerable al deseo presidencial.<\/p>\n<\/div>\n<div class=\"sc-80531b6b-0 chRIGJ container-text text-embed\">\n<p>El jueves pr\u00f3ximo, cuando el Senado est\u00e9 tratando el proyecto de ley para suspender las PASO -y cuando ya se sabr\u00e1 si el oficialismo consigui\u00f3 hacer avanzar el pliego de Lijo- Milei estar\u00e1 en Estados Unidos. <strong>El Presidente ya sabe que no tendr\u00e1 un encuentro bilateral con Donald Trump<\/strong>, a pesar de que en su di\u00e1logo telef\u00f3nico de esta semana el Secretario de Estado Marco Rubio le dijo al canciller Gerardo Werthein que Trump tiene intenciones de recibir al libertario. A pesar de eso, la burocracia de Washington le hizo saber a los interlocutores argentinos que por ahora tendr\u00e1n que conformarse con una cita r\u00e1pida en la conferencia de l\u00edderes conservadores CPAC, que es el motivo formal por el que Milei viajar\u00e1 a la capital de Estados Unidos.<\/p>\n<\/div>\n<div class=\"sc-80531b6b-0 chRIGJ container-text text-embed\">\n<p>Esa negativa de Trump a recibir a Milei casi que podr\u00eda considerarse una buena noticia para el argentino en el contexto de hoy. Desde que volvi\u00f3 al poder, Trump se dedic\u00f3 casi diariamente a anunciar aranceles y restricciones al libre comercio mundial. La Argentina, una de las econom\u00edas de tama\u00f1o medio m\u00e1s cerradas del mundo, <strong>se ver\u00e1 perjudicada por todas esas decisiones de Estados Unidos<\/strong>. Ning\u00fan presidente quiere salir de una reuni\u00f3n con Trump con las manos vac\u00edas o, peor a\u00fan, irse de Washington sabiendo que al d\u00eda siguiente a la publicaci\u00f3n de una foto sonriendo en el Sal\u00f3n Oval, Trump anunciar\u00e1 otra decisi\u00f3n antip\u00e1tica.<\/p>\n<\/div>\n<\/div>\n<p><br \/>\n<br \/><a href=\"https:\/\/www.clarin.com\/opinion\/pliego-lijo-nueva-oportunidad-milei-pare-espada-pared_0_D5xqZD5pmo.html\">Fuente Clarin.com <\/a><\/p>\n","protected":false},"excerpt":{"rendered":"<p>Como ya hizo en incontables ocasiones, el Gobierno eligi\u00f3 pasar la semana pr\u00f3xima entre la espada y la pared. El oficialismo hab\u00eda conseguido un buen triunfo en la C\u00e1mara de Diputados con el proyecto para suspender las PASO y las negociaciones para que tambi\u00e9n pasara en el Senado ven\u00edan bien encaminadas hasta que la Casa [&hellip;]<\/p>\n","protected":false},"author":1,"featured_media":3487,"comment_status":"open","ping_status":"open","sticky":false,"template":"","format":"standard","meta":{"footnotes":""},"categories":[2],"tags":[351,6994,6386,77,19,3234,16,6993,5770,6025,73],"class_list":["post-5003","post","type-post","status-publish","format-standard","has-post-thumbnail","hentry","category-ultimas-noticias","tag-entre","tag-espada","tag-lijo","tag-milei","tag-nueva","tag-oportunidad","tag-para","tag-pare","tag-pared","tag-pliego","tag-una"],"_links":{"self":[{"href":"https:\/\/13.com.ar\/index.php\/wp-json\/wp\/v2\/posts\/5003","targetHints":{"allow":["GET"]}}],"collection":[{"href":"https:\/\/13.com.ar\/index.php\/wp-json\/wp\/v2\/posts"}],"about":[{"href":"https:\/\/13.com.ar\/index.php\/wp-json\/wp\/v2\/types\/post"}],"author":[{"embeddable":true,"href":"https:\/\/13.com.ar\/index.php\/wp-json\/wp\/v2\/users\/1"}],"replies":[{"embeddable":true,"href":"https:\/\/13.com.ar\/index.php\/wp-json\/wp\/v2\/comments?post=5003"}],"version-history":[{"count":0,"href":"https:\/\/13.com.ar\/index.php\/wp-json\/wp\/v2\/posts\/5003\/revisions"}],"wp:featuredmedia":[{"embeddable":true,"href":"https:\/\/13.com.ar\/index.php\/wp-json\/wp\/v2\/media\/3487"}],"wp:attachment":[{"href":"https:\/\/13.com.ar\/index.php\/wp-json\/wp\/v2\/media?parent=5003"}],"wp:term":[{"taxonomy":"category","embeddable":true,"href":"https:\/\/13.com.ar\/index.php\/wp-json\/wp\/v2\/categories?post=5003"},{"taxonomy":"post_tag","embeddable":true,"href":"https:\/\/13.com.ar\/index.php\/wp-json\/wp\/v2\/tags?post=5003"}],"curies":[{"name":"wp","href":"https:\/\/api.w.org\/{rel}","templated":true}]}}