{"id":4910,"date":"2025-02-14T14:51:39","date_gmt":"2025-02-14T17:51:39","guid":{"rendered":"https:\/\/13.com.ar\/index.php\/kicillof-imita-a-jorge-macri-y-aumenta-10-los-colectivos-en-marzo-para-evitar-paros\/"},"modified":"2025-02-14T14:51:39","modified_gmt":"2025-02-14T17:51:39","slug":"kicillof-imita-a-jorge-macri-y-aumenta-10-los-colectivos-en-marzo-para-evitar-paros","status":"publish","type":"post","link":"https:\/\/13.com.ar\/index.php\/kicillof-imita-a-jorge-macri-y-aumenta-10-los-colectivos-en-marzo-para-evitar-paros\/","title":{"rendered":"Kicillof imita a Jorge Macri y aumenta 10% los colectivos en marzo para evitar paros"},"content":{"rendered":"<p> <br \/>\n<br \/><img decoding=\"async\" src=\"https:\/\/13.com.ar\/wp-content\/uploads\/2025\/02\/Kicillof-imita-a-Jorge-Macri-y-aumenta-10-los-colectivos.jpg\" \/><\/p>\n<div>\n<p><strong>La provincia de Buenos Aires aplicar\u00e1 a partir de marzo un aumento del 10% en las tarifas de colectivos<\/strong> para las<strong> l\u00edneas que van del 200 en adelante<\/strong> y que no entran a la Ciudad de Buenos Aires.<\/p>\n<\/div>\n<div>\n<p>As\u00ed, el <strong>boleto m\u00ednimo del &#8220;bondi&#8221; trepar\u00e1 a unos $ 408,23 desde el 1<\/strong>\u00b0<strong> de marzo<\/strong>, y <strong>se actualizar\u00e1 por inflaci\u00f3n m\u00e1s un 2% mensual<\/strong> a partir de abril.<\/p>\n<\/div>\n<div>\n<p>La decisi\u00f3n del gobernador <strong>Axel Kicillof<\/strong> busca imitar a la medida que tom\u00f3 en diciembre el jefe de Gobierno <strong>Jorge Macri <\/strong>en la Ciudad con las 31 l\u00edneas que no cruzan la avenida General Paz ni el Riachuelo, pero que<strong> tendr\u00e1 efecto tambi\u00e9n desde marzo.<\/strong><\/p>\n<\/div>\n<div>\n<p>De esa forma, podr\u00e1 generar un <strong>ahorro fiscal en subsidios<\/strong>, mientras lamenta el ajuste de las partidas que no le env\u00eda el presidente<strong> Javier Mile<\/strong>i y la ca\u00edda de la coparticipaci\u00f3n por la crisis del a\u00f1o pasado.<\/p>\n<\/div>\n<div>\n<p>Desde septiembre del a\u00f1o pasado,<strong> la Naci\u00f3n<\/strong> dej\u00f3 de hacerse cargo de la gesti\u00f3n administrativa y econ\u00f3mica de las l\u00edneas de colectivos que solamente circulan en la Ciudad o en la provincia, y \u00fanicamente es <strong>responsable por las l\u00edneas que cruzan ambos territorios.<\/strong><\/p>\n<\/div>\n<div>\n<p>Si no hay una decisi\u00f3n del ministro de Econom\u00eda, <strong>Luis Caputo<\/strong>, en sentido contrario, habr\u00e1 una<strong> distorsi\u00f3n en los precios<\/strong> del transporte p\u00fablico automotor del \u00c1rea Metropolitana de Buenos Aires (AMBA), ya que los colectivos &#8220;interjurisdiccionales&#8221; quedar\u00e1n con un costo m\u00ednimo del pasaje de $ 371,13; y los de Ciudad y Provincia, de $ 408,24.<\/p>\n<\/div>\n<div>\n<p>Antes de autorizar el incremento, la provincia gobernada por Kicillof convoc\u00f3 a un proceso de <strong>consulta ciudadana<\/strong> por 48 horas, entre el lunes 17 de febrero a las 0 y el martes 18 a las 23.59, y que ser\u00e1 encabezado por el flamante ministro de Transporte bonaerense, Mart\u00edn Marinucci.<\/p>\n<\/div>\n<div>\n<p>Con todo, Buenos Aires generar\u00e1 un espacio fiscal para poder agilizar pagos y <strong>evitar los paros de colectivos<\/strong> con los que amenazan las empresas y los trabajadores, alternadamente, al no poder pagar o cobrar los salarios a t\u00e9rmino, el cuarto d\u00eda h\u00e1bil de cada mes.<\/p>\n<\/div>\n<p><br \/>\n<br \/><a href=\"https:\/\/www.clarin.com\/economia\/kicillof-imita-jorge-macri-aumenta-10-colectivos-marzo-evitar-paros_0_FMPjJLYROC.html\">Fuente Clarin.com <\/a><\/p>\n","protected":false},"excerpt":{"rendered":"<p>La provincia de Buenos Aires aplicar\u00e1 a partir de marzo un aumento del 10% en las tarifas de colectivos para las l\u00edneas que van del 200 en adelante y que no entran a la Ciudad de Buenos Aires. As\u00ed, el boleto m\u00ednimo del &#8220;bondi&#8221; trepar\u00e1 a unos $ 408,23 desde el 1\u00b0 de marzo, y [&hellip;]<\/p>\n","protected":false},"author":1,"featured_media":4911,"comment_status":"open","ping_status":"open","sticky":false,"template":"","format":"standard","meta":{"footnotes":""},"categories":[2],"tags":[5569,6914,915,6913,876,488,28,1109,3073,16,6915],"class_list":["post-4910","post","type-post","status-publish","format-standard","has-post-thumbnail","hentry","category-ultimas-noticias","tag-aumenta","tag-colectivos","tag-evitar","tag-imita","tag-jorge","tag-kicillof","tag-los","tag-macri","tag-marzo","tag-para","tag-paros"],"_links":{"self":[{"href":"https:\/\/13.com.ar\/index.php\/wp-json\/wp\/v2\/posts\/4910","targetHints":{"allow":["GET"]}}],"collection":[{"href":"https:\/\/13.com.ar\/index.php\/wp-json\/wp\/v2\/posts"}],"about":[{"href":"https:\/\/13.com.ar\/index.php\/wp-json\/wp\/v2\/types\/post"}],"author":[{"embeddable":true,"href":"https:\/\/13.com.ar\/index.php\/wp-json\/wp\/v2\/users\/1"}],"replies":[{"embeddable":true,"href":"https:\/\/13.com.ar\/index.php\/wp-json\/wp\/v2\/comments?post=4910"}],"version-history":[{"count":0,"href":"https:\/\/13.com.ar\/index.php\/wp-json\/wp\/v2\/posts\/4910\/revisions"}],"wp:featuredmedia":[{"embeddable":true,"href":"https:\/\/13.com.ar\/index.php\/wp-json\/wp\/v2\/media\/4911"}],"wp:attachment":[{"href":"https:\/\/13.com.ar\/index.php\/wp-json\/wp\/v2\/media?parent=4910"}],"wp:term":[{"taxonomy":"category","embeddable":true,"href":"https:\/\/13.com.ar\/index.php\/wp-json\/wp\/v2\/categories?post=4910"},{"taxonomy":"post_tag","embeddable":true,"href":"https:\/\/13.com.ar\/index.php\/wp-json\/wp\/v2\/tags?post=4910"}],"curies":[{"name":"wp","href":"https:\/\/api.w.org\/{rel}","templated":true}]}}