{"id":4908,"date":"2025-02-14T14:48:47","date_gmt":"2025-02-14T17:48:47","guid":{"rendered":"https:\/\/13.com.ar\/index.php\/viajes-de-compras-y-atractivo-para-la-clase-media-en-crisis-en-la-avenida-avellaneda-el-polo-textil-del-que-desalojaron-manteros\/"},"modified":"2025-02-14T14:48:47","modified_gmt":"2025-02-14T17:48:47","slug":"viajes-de-compras-y-atractivo-para-la-clase-media-en-crisis-en-la-avenida-avellaneda-el-polo-textil-del-que-desalojaron-manteros","status":"publish","type":"post","link":"https:\/\/13.com.ar\/index.php\/viajes-de-compras-y-atractivo-para-la-clase-media-en-crisis-en-la-avenida-avellaneda-el-polo-textil-del-que-desalojaron-manteros\/","title":{"rendered":"Viajes de compras y atractivo para la clase media en crisis en la avenida Avellaneda, el polo textil del que desalojaron manteros"},"content":{"rendered":"<p> <br \/>\n<\/p>\n<div id=\"cuerpo\">\n<div class=\"sc-80531b6b-0 chRIGJ container-text text-embed\">\n<p>\u201cSiempre digo que voy a venir a comprar y no vengo, y justo hoy que me decido, pasa esto\u201d, se queja u una persona que lleg\u00f3 temprano hasta Nazca y Avellaneda. Sin dudas, no es el mejor dia para ir de compras a <strong>Flores<\/strong>, al polo textil en torno de la avenida Avellaneda, donde este viernes un operativo de m\u00e1s de 500 efectivos se despleg\u00f3 alrededor de 30 manzanas para desalojar<strong> manteros<\/strong>. <\/p>\n<\/div>\n<div class=\"sc-80531b6b-0 chRIGJ container-text text-embed\">\n<p>La venta ilegal en la calle, pero tambi\u00e9n<strong> galpones con mercader\u00eda trucha y una organizaci\u00f3n que la Justicia investiga por diversos delitos,<\/strong> se volvieron comunes en la zona, en donde las irregularidades y el descontrol no paraban de crecer. Un polo textil al que van <strong>comerciantes que compran al por mayor, al que llegan micros en tour de compras desde todo el pa\u00eds,<\/strong> y que tambi\u00e9n se convirti\u00f3 en un atractivo para la clase media en crisis, que consigue prendas por menos de la mitad del precio que paga en <strong>shoppings o centros comerciales con ropa de marca<\/strong>. <\/p>\n<\/div>\n<div class=\"sc-80531b6b-0 chRIGJ container-text text-embed\">\n<p>Para comerciantes y vecinos, que ya presenciaron otros desalojos, el del viernes fue <strong>in\u00e9dito<\/strong> y diferente. El vallado, en distintas esquinas, es impenetrable. Solo pasan los que acrediten domicilio con su documento de identidad o parentesco directo con alguien que viva ah\u00ed. Algunas personas arguyen que necesitan ayudar a alguien mayor, pero no hay opci\u00f3n. Las calles, seg\u00fan las autoridades, <strong>seguir\u00e1n cerradas hasta las <\/strong>18. Y luego, como avis\u00f3 el jefe de Gobierno, Jorge Macri, habr\u00e1 custodia policial por varias semanas para evitar que vuelva el descontrol.<\/p>\n<\/div>\n<div class=\"sc-80531b6b-0 chRIGJ container-text text-embed\">\n<p>El foco principal son <strong>los manteros y los locales sin habilitaci\u00f3n,<\/strong> pero tambi\u00e9n las galer\u00edas, donde las organizaciones que est\u00e1n en la mira de la Justicia guardaban sus mercader\u00edas. Y algunos edificios. En despliegue, que comenz\u00f3 a las 4 de la ma\u00f1ana, intervinieron el Juzgado Penal, Contravencional y de Faltas Nro. 22, a cargo de Roc\u00edo L\u00f3pez Di Muro; y la Fiscal\u00eda de Delitos Complejos, a cargo de Celsa Ram\u00edrez. Seg\u00fan fuentes del operativo, detr\u00e1s de todo hay <strong>organizaciones que ya dejaron de ser investigadas como de venta ilegal y pasaron a ser &#8220;asociaciones il\u00edcitas&#8221;.<\/strong><\/p>\n<\/div>\n<div class=\"sc-80531b6b-0 chRIGJ container-text text-embed\">\n<p>Para los empleados que llegaron a trabajar tambi\u00e9n es todo nuevo. Esperan detr\u00e1s de las vallas mientras algunos negocios, no todos, van abriendo. Algunos dicen que los manteros son &#8220;laburantes que se la rebuscan y solo se establecen ah\u00ed el fin de semana. Est\u00e1n trabajando en vez de salir a robar\u201d, dicen sobre el \u00faltmo eslab\u00f3n de una cadena que, para la Ciudad,<strong> tiene detr\u00e1s organizaciones m\u00e1s pesadas. <\/strong><\/p>\n<\/div>\n<div class=\"sc-198be8ec-0 cynXbu image-embed  image-embed \"><picture class=\"sc-198be8ec-1 kOjRiQ\"><source media=\"(min-width: 975px)\" width=\"720\" height=\"480\" \/><img alt=\"Vallas y operativo policial en el polo textiol de Flores, junto a la avenida Avellaneda, en donde desalojaron manteros. Foto: Luciano Thieberger\" loading=\"lazy\" width=\"720\" height=\"480\" decoding=\"async\" data-nimg=\"1\" style=\"color:transparent\" src=\"https:\/\/13.com.ar\/wp-content\/uploads\/2025\/02\/Viajes-de-compras-y-atractivo-para-la-clase-media-en.jpg\"\/><span class=\"epigraphe\">Vallas y operativo policial en el polo textiol de Flores, junto a la avenida Avellaneda, en donde desalojaron manteros. Foto: Luciano Thieberger<\/span><span class=\"bkg\"\/><span class=\"picture-open\"><button class=\"open-image\" aria-label=\"Open Image\"\/><\/span><\/picture><\/div>\n<div class=\"sc-80531b6b-0 chRIGJ container-text text-embed\">\n<p>Tambi\u00e9n est\u00e1n los que, pese a todo,<strong> se la siguen rebuscando.<\/strong> Como un grupo de mujeres que vende con  disimulo s\u00e1ndwiches de pollo y caf\u00e9. Horas antes, una vendedora de tortillas que seg\u00fan los vecinos est\u00e1 siempre, tambi\u00e9n fue desalojada y vio c\u00f3mo se llevaban todo lo que ten\u00eda porque no contaba con habilitaci\u00f3n.<\/p>\n<\/div>\n<div class=\"sc-80531b6b-0 chRIGJ container-text text-embed\">\n<p>En la calle Helguera, una mujer vestida con una pechera marr\u00f3n, se aferra a las vallas para increpar a algunas personas que est\u00e1n afuera.<strong> \u201cTe dije lo de la habilitaci\u00f3n\u201d<\/strong>. Grita. Y cuenta que estaba durmiendo y la sacaron bruscamente, que la tiraron al piso desnuda y apenas se pudo vestir. Que se llevaron todo, incluyendo garrafas y matafuegos. Que no entiende por qu\u00e9 entraron en su departamento y no en otros. Despu\u00e9s, un Polic\u00eda la acompa\u00f1\u00f3 hasta detr\u00e1s del cami\u00f3n con acoplado repleto de bolsas de mercader\u00eda que fueron<strong> incautadas del lugar.<\/strong><\/p>\n<\/div>\n<div class=\"sc-80531b6b-0 chRIGJ container-text text-embed\">\n<p>&#8220;Me parte no poder comprar nada, <strong>tengo que cumplir con las clientas&#8221;<\/strong>, dice Vanesa, que fue hasta el polo textil a hacer las compras para su emprendimiento. Todos los viernes viaja desde Ensenada hasta Flores acompa\u00f1ada por alguno de sus hijos. <strong>Vende ropa y zapatos a trav\u00e9s de redes sociales, pero el local que necesitaba qued\u00f3 del otro lado del cerco.<\/strong> &#8220;Yo no pago local, entonces manejo otros precios&#8230; si tuviera un local, ya ser\u00eda otra cosa, pero como no pago nada, vendo m\u00e1s barato. Yo soy <strong>como una mantera de internet, pero no me queda otra&#8221;,<\/strong> le dijo a <strong>Clar\u00edn<\/strong>.<\/p>\n<\/div>\n<div class=\"sc-198be8ec-0 cynXbu image-embed  image-embed \"><picture class=\"sc-198be8ec-1 kOjRiQ\"><source media=\"(min-width: 975px)\" width=\"720\" height=\"480\" \/><img alt=\"Antes del desalojo. Compras en locales y en las veredas de la avenida Avellaneda, en Flores. Foto: Mariana Nedelcu \" loading=\"lazy\" width=\"720\" height=\"480\" decoding=\"async\" data-nimg=\"1\" style=\"color:transparent\" src=\"https:\/\/13.com.ar\/wp-content\/uploads\/2025\/02\/1739555327_640_Viajes-de-compras-y-atractivo-para-la-clase-media-en.jpg\"\/><span class=\"epigraphe\">Antes del desalojo. Compras en locales y en las veredas de la avenida Avellaneda, en Flores. Foto: Mariana Nedelcu <\/span><span class=\"bkg\"\/><span class=\"picture-open\"><button class=\"open-image\" aria-label=\"Open Image\"\/><\/span><\/picture><\/div>\n<div class=\"sc-80531b6b-0 chRIGJ container-text text-embed\">\n<p>Para Isaac, que es due\u00f1o de un local, es distinto. \u201cA los que vendemos telas o ropa al por mayor nos perjudican mucho los manteros. Primero, en sentido econ\u00f3mico. No puede ser que vos tengas un local y est\u00e1s pagando AFIP, empleados, llave, alquiler, una fortuna de plata y venga una persona que ponga ropa en el piso, similar a la que vos ten\u00e9s, a un cuarto del precio&#8221;, asegura, y agrega: &#8220;Y adem\u00e1s est\u00e1n los disturbios que causan. No permiten caminar a la gente, ocupan los lugares para estacionar y la vereda. Es un gran perjuicio para los comerciantes. Se defienden como si fueran propietarios y cuando les ped\u00eds que se corran, <strong>algunos se ponen violentos<\/strong>&#8220;.<\/p>\n<\/div>\n<div class=\"sc-80531b6b-0 chRIGJ container-text text-embed\">\n<p>De acuerdo con un relevamiento de la C\u00e1mara Argentina de Comercio y Servicios (CAC), en diciembre se registr\u00f3 una baja del comercio ilegal en la Ciudad. Sin embargo,<strong> la avenida Avellaneda concentr\u00f3 el 92,4% de los puestos,<\/strong> con un total de 815. Para tomar dimensi\u00f3n del fen\u00f3meno, en Once, otro lugar conflictivo, se relevaron 34 puestos sobre la avenida Rivadavia. Adem\u00e1s, la zona de Flores ten\u00eda 7 de las cuadras con mayor cantidad de puestos ideales.<\/p>\n<\/div>\n<div class=\"sc-198be8ec-0 cynXbu image-embed  image-embed \"><picture class=\"sc-198be8ec-1 kOjRiQ\"><source media=\"(min-width: 975px)\" width=\"720\" height=\"480\" \/><img alt=\"Antes del desalojo. Compras a manteros en la avenida Avellaneda. Foto: Mariana Nedelcu \" loading=\"lazy\" width=\"720\" height=\"480\" decoding=\"async\" data-nimg=\"1\" style=\"color:transparent\" src=\"https:\/\/13.com.ar\/wp-content\/uploads\/2025\/02\/1739555327_958_Viajes-de-compras-y-atractivo-para-la-clase-media-en.jpg\"\/><span class=\"epigraphe\">Antes del desalojo. Compras a manteros en la avenida Avellaneda. Foto: Mariana Nedelcu <\/span><span class=\"bkg\"\/><span class=\"picture-open\"><button class=\"open-image\" aria-label=\"Open Image\"\/><\/span><\/picture><\/div>\n<div class=\"sc-80531b6b-0 chRIGJ container-text text-embed\">\n<p><strong>Maestr\u00eda Clar\u00edn\/Universidad de San Andr\u00e9s<\/strong><\/p>\n<\/div>\n<\/div>\n<p><br \/>\n<br \/><a href=\"https:\/\/www.clarin.com\/ciudades\/viajes-compras-atractivo-clase-media-crisis-avenida-avellaneda-polo-textil-desalojaron-manteros_0_m5s88vzZtz.html\">Fuente Clarin.com <\/a><\/p>\n","protected":false},"excerpt":{"rendered":"<p>\u201cSiempre digo que voy a venir a comprar y no vengo, y justo hoy que me decido, pasa esto\u201d, se queja u una persona que lleg\u00f3 temprano hasta Nazca y Avellaneda. Sin dudas, no es el mejor dia para ir de compras a Flores, al polo textil en torno de la avenida Avellaneda, donde este [&hellip;]<\/p>\n","protected":false},"author":1,"featured_media":4909,"comment_status":"open","ping_status":"open","sticky":false,"template":"","format":"standard","meta":{"footnotes":""},"categories":[2],"tags":[6910,5802,3607,2120,1903,625,100,6912,1629,2121,16,4471,6911,362],"class_list":["post-4908","post","type-post","status-publish","format-standard","has-post-thumbnail","hentry","category-ultimas-noticias","tag-atractivo","tag-avellaneda","tag-avenida","tag-clase","tag-compras","tag-crisis","tag-del","tag-desalojaron","tag-manteros","tag-media","tag-para","tag-polo","tag-textil","tag-viajes"],"_links":{"self":[{"href":"https:\/\/13.com.ar\/index.php\/wp-json\/wp\/v2\/posts\/4908","targetHints":{"allow":["GET"]}}],"collection":[{"href":"https:\/\/13.com.ar\/index.php\/wp-json\/wp\/v2\/posts"}],"about":[{"href":"https:\/\/13.com.ar\/index.php\/wp-json\/wp\/v2\/types\/post"}],"author":[{"embeddable":true,"href":"https:\/\/13.com.ar\/index.php\/wp-json\/wp\/v2\/users\/1"}],"replies":[{"embeddable":true,"href":"https:\/\/13.com.ar\/index.php\/wp-json\/wp\/v2\/comments?post=4908"}],"version-history":[{"count":0,"href":"https:\/\/13.com.ar\/index.php\/wp-json\/wp\/v2\/posts\/4908\/revisions"}],"wp:featuredmedia":[{"embeddable":true,"href":"https:\/\/13.com.ar\/index.php\/wp-json\/wp\/v2\/media\/4909"}],"wp:attachment":[{"href":"https:\/\/13.com.ar\/index.php\/wp-json\/wp\/v2\/media?parent=4908"}],"wp:term":[{"taxonomy":"category","embeddable":true,"href":"https:\/\/13.com.ar\/index.php\/wp-json\/wp\/v2\/categories?post=4908"},{"taxonomy":"post_tag","embeddable":true,"href":"https:\/\/13.com.ar\/index.php\/wp-json\/wp\/v2\/tags?post=4908"}],"curies":[{"name":"wp","href":"https:\/\/api.w.org\/{rel}","templated":true}]}}