{"id":4904,"date":"2025-02-14T14:42:39","date_gmt":"2025-02-14T17:42:39","guid":{"rendered":"https:\/\/13.com.ar\/index.php\/donde-y-cuando-comprar-entradas\/"},"modified":"2025-02-14T14:42:39","modified_gmt":"2025-02-14T17:42:39","slug":"donde-y-cuando-comprar-entradas","status":"publish","type":"post","link":"https:\/\/13.com.ar\/index.php\/donde-y-cuando-comprar-entradas\/","title":{"rendered":"d\u00f3nde y cu\u00e1ndo comprar entradas"},"content":{"rendered":"<p> <br \/>\n<br \/><img decoding=\"async\" src=\"https:\/\/13.com.ar\/wp-content\/uploads\/2025\/02\/donde-y-cuando-comprar-entradas.jpg\" \/><\/p>\n<div>\n<p>Hace apenas unos d\u00edas atr\u00e1s, <strong>Quevedo <\/strong>anunci\u00f3 que aterrizar\u00e1 en Argentina con su nueva gira B<em>uenas Noches Tour<\/em>, presentando su esperado segundo \u00e1lbum de estudio,<em> Buenas Noches<\/em>, en un espectacular formato 360\u00b0 en donde el p\u00fablico estar\u00e1 inmerso en una experiencia diferente con un escenario que tomar\u00e1 el centro del campo para que los fans puedan ver el show desde todos los \u00e1ngulos.<\/p>\n<\/div>\n<div>\n<p>Los fans agotaron en minutos la primera fecha del 19 de junio en ele stadio Movistar Arena, teniendo que agregar<strong> una segunda y \u00faltima presentaci\u00f3n el d\u00eda 20 de junio<\/strong>. <\/p>\n<\/div>\n<div>\n<p>Las entradas estar\u00e1n disponibles este viernes 14 de febrero a las 16 hs con todos los medios de pago a trav\u00e9s de <em>movistararena.com.ar<\/em>.<\/p>\n<\/div>\n<div>\n<p>Hay un beneficio exclusivo de Banco BBVA de 6 cuotas sin inter\u00e9s <\/p>\n<\/div>\n<div>\n<p>Durante el fin de semana pasado circularon en las redes sociales de Quevedo varias im\u00e1genes de relojes emblem\u00e1ticos de Buenos Aires marcando las dos de la tarde. A las 20 hs del domingo se subi\u00f3 un video en donde el mensaje era \u201c10 de febrero 14:00\u201d y se pod\u00eda ver la platea del Movistar Arena, una consigna que para los m\u00e1s atentos, ya hac\u00eda referencia al anuncio de la gira de LATAM de Quevedo, que anticip\u00f3 \u00e9l mismo en sus historias de Instagram con una cuenta regresiva y el mensaje \u201cBN LATAM TOUR\u201d. <\/p>\n<\/div>\n<div>\n<p>La inc\u00f3gnita se hizo realidad cuando anunci\u00f3 su gira a M\u00e9xico, Rep\u00fablica Dominicana, Puerto Rico, Guatemala, El Salvador, Costa Rica, Per\u00fa, Colombia, Ecuador, Chile, Uruguay y Argentina.<\/p>\n<\/div>\n<div>\n<p>Su \u00e1lbum <em>Buenas Noche<\/em>s, que ofrece una nueva mirada sobre la vida y el mundo que lo rodea, no solo ha sido aclamado por la cr\u00edtica, sino que tambi\u00e9n ha batido r\u00e9cords: acumul\u00f3 12,2 millones de reproducciones en Spotify Espa\u00f1a en sus primeras 24 horas, superando la marca que \u00e9l mismo hab\u00eda establecido con su \u00e1lbum debut, <em>Donde Quiero Estar<\/em>. <\/p>\n<\/div>\n<div>\n<p>Quevedo cuenta con m\u00e1s de 25 millones de oyentes mensuales en Spotify consolid\u00e1ndose como uno de los artistas m\u00e1s escuchados alrededor del mundo, con hits como <em>Bzrp Music Sessions, Vol. 52, Duro, Kassandra<\/em> y <em>Gran V\u00eda<\/em>.<\/p>\n<\/div>\n<p><br \/>\n<br \/><a href=\"https:\/\/www.clarin.com\/espectaculos\/quevedo-agoto-movistar-arena-agrego-fecha-comprar-entradas_0_LvojL5TbtI.html\">Fuente Clarin.com <\/a><\/p>\n","protected":false},"excerpt":{"rendered":"<p>Hace apenas unos d\u00edas atr\u00e1s, Quevedo anunci\u00f3 que aterrizar\u00e1 en Argentina con su nueva gira Buenas Noches Tour, presentando su esperado segundo \u00e1lbum de estudio, Buenas Noches, en un espectacular formato 360\u00b0 en donde el p\u00fablico estar\u00e1 inmerso en una experiencia diferente con un escenario que tomar\u00e1 el centro del campo para que los fans [&hellip;]<\/p>\n","protected":false},"author":1,"featured_media":4905,"comment_status":"open","ping_status":"open","sticky":false,"template":"","format":"standard","meta":{"footnotes":""},"categories":[2],"tags":[744,677,743,745],"class_list":["post-4904","post","type-post","status-publish","format-standard","has-post-thumbnail","hentry","category-ultimas-noticias","tag-comprar","tag-cuando","tag-donde","tag-entradas"],"_links":{"self":[{"href":"https:\/\/13.com.ar\/index.php\/wp-json\/wp\/v2\/posts\/4904","targetHints":{"allow":["GET"]}}],"collection":[{"href":"https:\/\/13.com.ar\/index.php\/wp-json\/wp\/v2\/posts"}],"about":[{"href":"https:\/\/13.com.ar\/index.php\/wp-json\/wp\/v2\/types\/post"}],"author":[{"embeddable":true,"href":"https:\/\/13.com.ar\/index.php\/wp-json\/wp\/v2\/users\/1"}],"replies":[{"embeddable":true,"href":"https:\/\/13.com.ar\/index.php\/wp-json\/wp\/v2\/comments?post=4904"}],"version-history":[{"count":0,"href":"https:\/\/13.com.ar\/index.php\/wp-json\/wp\/v2\/posts\/4904\/revisions"}],"wp:featuredmedia":[{"embeddable":true,"href":"https:\/\/13.com.ar\/index.php\/wp-json\/wp\/v2\/media\/4905"}],"wp:attachment":[{"href":"https:\/\/13.com.ar\/index.php\/wp-json\/wp\/v2\/media?parent=4904"}],"wp:term":[{"taxonomy":"category","embeddable":true,"href":"https:\/\/13.com.ar\/index.php\/wp-json\/wp\/v2\/categories?post=4904"},{"taxonomy":"post_tag","embeddable":true,"href":"https:\/\/13.com.ar\/index.php\/wp-json\/wp\/v2\/tags?post=4904"}],"curies":[{"name":"wp","href":"https:\/\/api.w.org\/{rel}","templated":true}]}}