{"id":4900,"date":"2025-02-14T14:18:12","date_gmt":"2025-02-14T17:18:12","guid":{"rendered":"https:\/\/13.com.ar\/index.php\/la-palabra-de-santiago-de-love-is-blind-sobre-la-denuncia-de-violencia-de-genero-de-emily-fue-una-pelea-familiar\/"},"modified":"2025-02-14T14:18:12","modified_gmt":"2025-02-14T17:18:12","slug":"la-palabra-de-santiago-de-love-is-blind-sobre-la-denuncia-de-violencia-de-genero-de-emily-fue-una-pelea-familiar","status":"publish","type":"post","link":"https:\/\/13.com.ar\/index.php\/la-palabra-de-santiago-de-love-is-blind-sobre-la-denuncia-de-violencia-de-genero-de-emily-fue-una-pelea-familiar\/","title":{"rendered":"La palabra de Santiago de &#8220;Love is Blind&#8221; sobre la denuncia de violencia de g\u00e9nero de Emily: &#8220;Fue una pelea familiar&#8221;"},"content":{"rendered":"<p> <br \/>\n<\/p>\n<div id=\"cuerpo\">\n<div class=\"sc-80531b6b-0 chRIGJ container-text text-embed\">\n<p>Luego de que <strong>Emily Ceco<\/strong> de <em>Love is Blind Argentina<\/em> (Netflix) denunciara a su marido <strong>Santiago Mart\u00ednez<\/strong> por violencia de g\u00e9nero, trascendi\u00f3 qu\u00e9 habr\u00eda dicho el joven para defenderse de las fuertes acusaciones. <\/p>\n<\/div>\n<div class=\"sc-80531b6b-0 chRIGJ container-text text-embed\">\n<p>Todo comenz\u00f3 el pasado jueves cuando Emily, que conoci\u00f3 y se cas\u00f3 con Santiago en el famoso reality de Netflix, lo termin\u00f3 <strong>denunciando por violencia de g\u00e9nero<\/strong>.<\/p>\n<\/div>\n<div class=\"sc-80531b6b-0 chRIGJ container-text text-embed\">\n<p>La joven lleg\u00f3 con un ojo morado a los estudios de <em>Bondi Live<\/em> y all\u00ed relat\u00f3 los escalofriantes episodios de violencia que vivi\u00f3 por parte de su pareja el pasado fin de semana.<\/p>\n<\/div>\n<div class=\"sc-80531b6b-0 chRIGJ container-text text-embed\">\n<p>Seg\u00fan el relato de Emily, Santiago se enoj\u00f3 porque ella hab\u00eda ido con amigas a ver <em>SEX<\/em>, la obra de <strong>Jos\u00e9 Mar\u00eda Muscari. <\/strong><\/p>\n<\/div>\n<div class=\"sc-80531b6b-0 chRIGJ container-text text-embed\">\n<p>Mart\u00ednez habr\u00eda desatado su ira contra su mujer, cuando ella regres\u00f3 a su casa. Frente a esta situaci\u00f3n, Ceco cont\u00f3 c\u00f3mo reaccion\u00f3: &#8220;Llam\u00e9 a mi mam\u00e1 para irme de mi casa y me sac\u00f3 el tel\u00e9fono de la mano antes de que atienda y lo sostuvo para controlar lo que yo dec\u00eda<strong>. Cuando le dije que iba a ir a su casa, \u00e9l me cort\u00f3 la llamada y me dijo &#8216;no te vas a ning\u00fan lado'&#8221;.<\/strong><\/p>\n<\/div>\n<div class=\"sc-80531b6b-0 chRIGJ container-text text-embed\">\n<p>&#8220;Ah\u00ed fue cuando me peg\u00f3 una trompada en la cabeza y en la espalda. Le dije &#8216;por favor no me pegues&#8217; y <strong>me dijo &#8216;sos una puta&#8217; y me volvi\u00f3 a pegar<\/strong>. Me peg\u00f3 dos trompadas m\u00e1s y me par\u00e9 y me quise ir, pero se puso contra la puerta y me empuj\u00f3 a la cama&#8221;, agreg\u00f3 Ceco.<\/p>\n<\/div>\n<div class=\"sc-80531b6b-0 chRIGJ container-text text-embed\">\n<p>Respecto a lo que pas\u00f3 luego, Emily relat\u00f3: &#8220;Le ped\u00eda que pare y no paraba, me puso la mano en la boca para que no grite. Entonces ah\u00ed le pegu\u00e9 una patada en los huevos y le mord\u00ed la mano, y <strong>me pone la cara contra la cama y me empieza a pegar en la cabeza. Me empez\u00f3 a ahorcar y lo escup\u00ed<\/strong>, entonces me dijo &#8216;sos una negra villera, siempre fuiste as\u00ed&#8217;. Mientras me pegaba me escup\u00eda&#8221;.<\/p>\n<\/div>\n<div class=\"sc-c2c2a3c6-0 ecgiEX border-video video-embed horizontal border-video video-embed horizontal\">\n<div class=\"sc-c2c2a3c6-1 kQhBlc videoText videoText\">\n<h2>Video<\/h2>\n<p>El crudo relato de Emily de &#8216;Love is Blind&#8217;<\/p>\n<\/div>\n<\/div>\n<div class=\"sc-80531b6b-0 chRIGJ container-text text-embed\">\n<p>La denuncia de la joven cobr\u00f3 tal relevancia que varios de sus compa\u00f1eros repudiaron lo ocurrido y le manifestaron su apoyo en tan dif\u00edcil momento. <\/p>\n<\/div>\n<div class=\"sc-80531b6b-0 chRIGJ container-text text-embed\">\n<p>Al igual que otras personalidades de la far\u00e1ndula como Cinthia Fern\u00e1ndez que termin\u00f3 contact\u00e1ndola con su novio, <strong>el abogado Roberto Castillo<\/strong>, para que la represente en esta causa judicial.<\/p>\n<\/div>\n<div class=\"sc-80531b6b-0 chRIGJ container-text text-embed\">\n<p>Por otro lado, Santiago Mart\u00ednez a\u00fan no ha hablado al respecto, aunque s\u00ed trascendi\u00f3 que <strong>el joven fue desvinculado de los dos trabajos que ten\u00eda en medios de comunicaci\u00f3n: uno en El Nueve y otro en River Play Digital.<\/strong><\/p>\n<\/div>\n<div class=\"sc-80531b6b-0 chRIGJ container-text text-embed\">\n<p>El medio que difunde noticias de River, club del que es fan\u00e1tico Santiago, public\u00f3 ayer un comunicado en el que aseguraban: <strong>&#8220;Desde River Play Digital manifestamos nuestro repudio absoluto<\/strong> a los hechos de p\u00fablico conocimiento por parte de Santiago Mart\u00ednez&#8221;.<\/p>\n<\/div>\n<div class=\"sc-198be8ec-0 cynXbu image-embed  image-embed \"><picture class=\"sc-198be8ec-1 kOjRiQ\"><source media=\"(min-width: 975px)\" width=\"720\" height=\"480\" \/><img alt=\"El comunicado sobre la desvinculaci\u00f3n de Santiago Mart\u00ednez de uno de sus trabajos. Foto: Instagram\" loading=\"lazy\" width=\"720\" height=\"480\" decoding=\"async\" data-nimg=\"1\" style=\"color:transparent\" src=\"https:\/\/13.com.ar\/wp-content\/uploads\/2025\/02\/La-palabra-de-Santiago-de-Love-is-Blind-sobre-la.jpg\"\/><span class=\"epigraphe\">El comunicado sobre la desvinculaci\u00f3n de Santiago Mart\u00ednez de uno de sus trabajos. Foto: Instagram<\/span><span class=\"bkg\"\/><span class=\"picture-open\"><button class=\"open-image\" aria-label=\"Open Image\"\/><\/span><\/picture><\/div>\n<div class=\"sc-80531b6b-0 chRIGJ container-text text-embed\">\n<p>&#8220;Por ende, <strong>se decidi\u00f3 la desvinculaci\u00f3n de manera inmediata<\/strong> de nuestro streaming &#8216;Que Distintos Somos&#8217;. En nuestro espacio no hay ni habr\u00e1 lugar para quienes ejerzan o justifiquen cualquier tipo de violencia&#8221;, precisaban. <\/p>\n<\/div>\n<div class=\"sc-80531b6b-0 chRIGJ container-text text-embed\">\n<p>En esa misma l\u00ednea, esta ma\u00f1ana en <em>El Ej\u00e9rcito de LAM<\/em> (Bondi Live), Fefe Bongiorno agreg\u00f3 que tambi\u00e9n echaron a Santiago del <strong>programa <em>Imagen de Moda<\/em> (El Nueve), donde a veces desfilaba como modelo.<\/strong><\/p>\n<\/div>\n<div class=\"sc-80531b6b-0 chRIGJ container-text text-embed\">\n<p><strong>&#8220;Est\u00e1n incluso considerando eliminar sus apariciones de los programas ya grabados&#8221;<\/strong>, agreg\u00f3 el panelista de <em>LAM<\/em> (Am\u00e9rica TV). <\/p>\n<\/div>\n<p><h2>La palabra de Santiago de &#8220;Love is Blind&#8221; sobre lo ocurrido con Emily<\/h2>\n<\/p>\n<div class=\"sc-80531b6b-0 chRIGJ container-text text-embed\">\n<p>Al hablar de la desvinculaci\u00f3n del joven denunciado por violencia de g\u00e9nero de sus trabajos, Fefe explic\u00f3: <strong>&#8220;Ayer me comuniqu\u00e9 con las personas de los trabajos de Santiago&#8221;.<\/strong><\/p>\n<\/div>\n<div class=\"sc-80531b6b-0 chRIGJ container-text text-embed\">\n<p>&#8220;Habl\u00e9 con una persona que trabaja con \u00e9l en<em> Qu\u00e9 distintos somos,<\/em> me cont\u00f3 c\u00f3mo fue la previa, que estos d\u00edas previos a la despedida de soltero, \u00e9l estaba muy insistente con salir con sus compa\u00f1eros&#8221;, comenz\u00f3 contando Bongiorno. <\/p>\n<\/div>\n<div class=\"sc-80531b6b-0 chRIGJ container-text text-embed\">\n<p>Respecto a lo ocurrido el pasado fin de semana, Fefe agreg\u00f3: &#8220;Despu\u00e9s en las horas en las que sucedi\u00f3 este hecho, <strong>(Santiago) se comunic\u00f3 con sus compa\u00f1eros y simul\u00f3 que todo estaba bien y tranquilo&#8221;.<\/strong><\/p>\n<\/div>\n<div class=\"sc-198be8ec-0 cynXbu image-embed  image-embed \"><picture class=\"sc-198be8ec-1 kOjRiQ\"><source media=\"(min-width: 975px)\" width=\"720\" height=\"480\" \/><img alt=\"Santiago Mart\u00ednez se refiri\u00f3 a la denuncia de Emily Ceco por violencia de g\u00e9nero. Foto: Instagram\" loading=\"lazy\" width=\"720\" height=\"480\" decoding=\"async\" data-nimg=\"1\" style=\"color:transparent\" src=\"https:\/\/13.com.ar\/wp-content\/uploads\/2025\/02\/1739475016_918_como-se-conocieron-en-Love-is-Blind-Argentina-y-como.jpg\"\/><span class=\"epigraphe\">Santiago Mart\u00ednez se refiri\u00f3 a la denuncia de Emily Ceco por violencia de g\u00e9nero. Foto: Instagram<\/span><span class=\"bkg\"\/><span class=\"picture-open\"><button class=\"open-image\" aria-label=\"Open Image\"\/><\/span><\/picture><\/div>\n<div class=\"sc-80531b6b-0 chRIGJ container-text text-embed\">\n<p>&#8220;Ayer cuando le hablaron para decirle que estaba desvinculado del proyecto, <strong>\u00e9l contest\u00f3 que &#8216;no era una denuncia penal&#8217;, que s\u00ed lo es y que se trataba &#8216;s\u00f3lo de una pelea familiar&#8217;, que \u00e9l &#8216;ya iba a resolver&#8217;<\/strong>&#8220;, revel\u00f3 el conductor de <em>Bondi Live<\/em> las palabras que le habr\u00eda dicho Mart\u00ednez a sus compa\u00f1eros de <em>River Play Digital. <\/em><\/p>\n<\/div>\n<div class=\"sc-80531b6b-0 chRIGJ container-text text-embed\">\n<p><strong>&#8220;A la violencia que ejerci\u00f3 Santiago sobre Emily, \u00e9l la llama &#8216;una pelea familiar&#8217;,<\/strong> que no lo es porque no viene de ambos lados y que la otra persona no puede defenderse&#8221;, cerr\u00f3. <\/p>\n<\/div>\n<\/div>\n<p><br \/>\n<br \/><a href=\"https:\/\/www.clarin.com\/fama\/palabra-santiago-love-is-blind-denuncia-violencia-genero-emily-pelea-familiar_0_lqAR2jFxKI.html\">Fuente Clarin.com <\/a><\/p>\n","protected":false},"excerpt":{"rendered":"<p>Luego de que Emily Ceco de Love is Blind Argentina (Netflix) denunciara a su marido Santiago Mart\u00ednez por violencia de g\u00e9nero, trascendi\u00f3 qu\u00e9 habr\u00eda dicho el joven para defenderse de las fuertes acusaciones. Todo comenz\u00f3 el pasado jueves cuando Emily, que conoci\u00f3 y se cas\u00f3 con Santiago en el famoso reality de Netflix, lo termin\u00f3 [&hellip;]<\/p>\n","protected":false},"author":1,"featured_media":4901,"comment_status":"open","ping_status":"open","sticky":false,"template":"","format":"standard","meta":{"footnotes":""},"categories":[2],"tags":[6596,4036,3727,4888,105,630,6595,696,777,414,732,73,3028],"class_list":["post-4900","post","type-post","status-publish","format-standard","has-post-thumbnail","hentry","category-ultimas-noticias","tag-blind","tag-denuncia","tag-emily","tag-familiar","tag-fue","tag-genero","tag-love","tag-palabra","tag-pelea","tag-santiago","tag-sobre","tag-una","tag-violencia"],"_links":{"self":[{"href":"https:\/\/13.com.ar\/index.php\/wp-json\/wp\/v2\/posts\/4900","targetHints":{"allow":["GET"]}}],"collection":[{"href":"https:\/\/13.com.ar\/index.php\/wp-json\/wp\/v2\/posts"}],"about":[{"href":"https:\/\/13.com.ar\/index.php\/wp-json\/wp\/v2\/types\/post"}],"author":[{"embeddable":true,"href":"https:\/\/13.com.ar\/index.php\/wp-json\/wp\/v2\/users\/1"}],"replies":[{"embeddable":true,"href":"https:\/\/13.com.ar\/index.php\/wp-json\/wp\/v2\/comments?post=4900"}],"version-history":[{"count":0,"href":"https:\/\/13.com.ar\/index.php\/wp-json\/wp\/v2\/posts\/4900\/revisions"}],"wp:featuredmedia":[{"embeddable":true,"href":"https:\/\/13.com.ar\/index.php\/wp-json\/wp\/v2\/media\/4901"}],"wp:attachment":[{"href":"https:\/\/13.com.ar\/index.php\/wp-json\/wp\/v2\/media?parent=4900"}],"wp:term":[{"taxonomy":"category","embeddable":true,"href":"https:\/\/13.com.ar\/index.php\/wp-json\/wp\/v2\/categories?post=4900"},{"taxonomy":"post_tag","embeddable":true,"href":"https:\/\/13.com.ar\/index.php\/wp-json\/wp\/v2\/tags?post=4900"}],"curies":[{"name":"wp","href":"https:\/\/api.w.org\/{rel}","templated":true}]}}