{"id":4880,"date":"2025-02-14T12:42:15","date_gmt":"2025-02-14T15:42:15","guid":{"rendered":"https:\/\/13.com.ar\/index.php\/todos-los-artistas-los-horarios-y-en-que-escenario-tocan\/"},"modified":"2025-02-14T12:42:15","modified_gmt":"2025-02-14T15:42:15","slug":"todos-los-artistas-los-horarios-y-en-que-escenario-tocan","status":"publish","type":"post","link":"https:\/\/13.com.ar\/index.php\/todos-los-artistas-los-horarios-y-en-que-escenario-tocan\/","title":{"rendered":"todos los artistas, los horarios y en qu\u00e9 escenario tocan"},"content":{"rendered":"<p> <br \/>\n<\/p>\n<div id=\"cuerpo\">\n<div class=\"sc-80531b6b-0 chRIGJ container-text text-embed\">\n<p>Este fin de semana (s\u00e1bado 15 y domingo 16 de febrero) <strong>Cosqu\u00edn Rock, el emblem\u00e1tico festival cordob\u00e9s, celebra sus 25 a\u00f1os de historia<\/strong>, con muchos artistas consagrados y otros, como<strong> Nicki Nicole o Luck Ra<\/strong>, que har\u00e1n su debut en ese escenario..<\/p>\n<\/div>\n<div class=\"sc-80531b6b-0 chRIGJ container-text text-embed\">\n<p>En esta edici\u00f3n, que <strong>se desarrollar\u00e1 en el Aer\u00f3dromo Santa Mar\u00eda de Punilla<\/strong>, habr\u00e1 figuras de varios g\u00e9neros -con importante desembarco de las huestes de la m\u00fasica urbana-, especialmente del rock,como<strong> Las Pelotas, Skay y los Fakires, Babas\u00f3nicos, Guasones, Divididos, Massacre<\/strong> y lo mejor del rock, el trap y el pop argentinos.<\/p>\n<\/div>\n<div class=\"sc-80531b6b-0 chRIGJ container-text text-embed\">\n<p>Aqu\u00ed, los horarios y los escenarios de los dos d\u00edas del festival que ya tiene el s\u00e1bado con localidades agotadas y el domingo con algunas pocas sin vender.<\/p>\n<\/div>\n<p><h2>S\u00e1bado 15<\/h2>\n<\/p>\n<div class=\"sc-80531b6b-0 chRIGJ container-text text-embed\">\n<p>0.40 &#8211; LOS AUT\u00c9NTICOS DECADENTES<\/p>\n<\/div>\n<div class=\"sc-198be8ec-0 cynXbu image-embed  image-embed \"><picture class=\"sc-198be8ec-1 kOjRiQ\"><source media=\"(min-width: 975px)\" width=\"720\" height=\"480\" \/><img alt=\"La banda Airbag ser\u00e1 uno de los platos fuertes de la primera noche del Cosqu\u00edn Rock.\" loading=\"lazy\" width=\"720\" height=\"480\" decoding=\"async\" data-nimg=\"1\" style=\"color:transparent\" src=\"https:\/\/13.com.ar\/wp-content\/uploads\/2025\/02\/1739384788_250_se-agotaron-las-entradas-del-Dia-1-y-hay-una.jpg\"\/><span class=\"epigraphe\">La banda Airbag ser\u00e1 uno de los platos fuertes de la primera noche del Cosqu\u00edn Rock.<\/span><span class=\"bkg\"\/><span class=\"picture-open\"><button class=\"open-image\" aria-label=\"Open Image\"\/><\/span><\/picture><\/div>\n<div class=\"sc-80531b6b-0 chRIGJ container-text text-embed\">\n<p>17.50 &#8211; EL MAT\u00d3 A UN POLIC\u00cdA MOTORIZADO<\/p>\n<\/div>\n<div class=\"sc-80531b6b-0 chRIGJ container-text text-embed\">\n<p>16.30 &#8211; HILDA CANTA A CHARLY<\/p>\n<\/div>\n<div class=\"sc-80531b6b-0 chRIGJ container-text text-embed\">\n<p>0.30 &#8211; RATONES PARANOICOS<\/p>\n<\/div>\n<div class=\"sc-80531b6b-0 chRIGJ container-text text-embed\">\n<p>23.10 &#8211; LAS PASTILLAS DEL ABUELO<\/p>\n<\/div>\n<div class=\"sc-198be8ec-0 cynXbu image-embed  image-embed \"><picture class=\"sc-198be8ec-1 kOjRiQ\"><source media=\"(min-width: 975px)\" width=\"720\" height=\"480\" \/><img alt=\"Los Guasones, en el show que dieron en octubre pasado en Rosario. Ahora lo har\u00e1n en Cosqu\u00edn. Foto Mart\u00edn Bonetto\" loading=\"lazy\" width=\"720\" height=\"480\" decoding=\"async\" data-nimg=\"1\" style=\"color:transparent\" src=\"https:\/\/13.com.ar\/wp-content\/uploads\/2025\/02\/1739384788_539_se-agotaron-las-entradas-del-Dia-1-y-hay-una.jpg\"\/><span class=\"epigraphe\">Los Guasones, en el show que dieron en octubre pasado en Rosario. Ahora lo har\u00e1n en Cosqu\u00edn. Foto Mart\u00edn Bonetto<\/span><span class=\"bkg\"\/><span class=\"picture-open\"><button class=\"open-image\" aria-label=\"Open Image\"\/><\/span><\/picture><\/div>\n<div class=\"sc-80531b6b-0 chRIGJ container-text text-embed\">\n<p>15.20 &#8211; J\u00d3VENES PORDIOSEROS<\/p>\n<\/div>\n<div class=\"sc-80531b6b-0 chRIGJ container-text text-embed\">\n<p> 02.00 &#8211; POPOF B2B SPACE 92<\/p>\n<\/div>\n<div class=\"sc-80531b6b-0 chRIGJ container-text text-embed\">\n<p>17.10 &#8211; CRUZANDO EL CHARCO<\/p>\n<\/div>\n<div class=\"sc-80531b6b-0 chRIGJ container-text text-embed\">\n<p>21.30 &#8211; EL PLAN DE LA MARIPOSA<\/p>\n<\/div>\n<div class=\"sc-198be8ec-0 cynXbu image-embed  image-embed \"><picture class=\"sc-198be8ec-1 kOjRiQ\"><source media=\"(min-width: 975px)\" width=\"720\" height=\"480\" \/><img alt=\"El plan de la mariposa, la banda que tuvo un crecimiento fenomenal el a\u00f1o pasado.\" loading=\"lazy\" width=\"720\" height=\"480\" decoding=\"async\" data-nimg=\"1\" style=\"color:transparent\" src=\"https:\/\/13.com.ar\/wp-content\/uploads\/2025\/02\/1739384788_252_se-agotaron-las-entradas-del-Dia-1-y-hay-una.jpg\"\/><span class=\"epigraphe\">El plan de la mariposa, la banda que tuvo un crecimiento fenomenal el a\u00f1o pasado.<\/span><span class=\"bkg\"\/><span class=\"picture-open\"><button class=\"open-image\" aria-label=\"Open Image\"\/><\/span><\/picture><\/div>\n<div class=\"sc-80531b6b-0 chRIGJ container-text text-embed\">\n<p>20.30 &#8211; EMMANUEL HORVILLEUR<\/p>\n<\/div>\n<div class=\"sc-80531b6b-0 chRIGJ container-text text-embed\">\n<p><strong>Escenario de la casita del blues<\/strong><\/p>\n<\/div>\n<div class=\"sc-80531b6b-0 chRIGJ container-text text-embed\">\n<p>21.15 &#8211; MEMPHIS LA BLUSERA<\/p>\n<\/div>\n<div class=\"sc-80531b6b-0 chRIGJ container-text text-embed\">\n<p>20.10 &#8211; CLAUDIA SETTE Y TOYO BAGOSO<\/p>\n<\/div>\n<div class=\"sc-80531b6b-0 chRIGJ container-text text-embed\">\n<p>16.55 &#8211; YULIE Y VANE RUTH<\/p>\n<\/div>\n<div class=\"sc-80531b6b-0 chRIGJ container-text text-embed\">\n<p>16.00 &#8211; THE GINGER HEARTS<\/p>\n<\/div>\n<div class=\"sc-80531b6b-0 chRIGJ container-text text-embed\">\n<p><strong>Escenario Hangar club discoteca<\/strong><\/p>\n<\/div>\n<p><h2>Domingo 16<\/h2>\n<\/p>\n<div class=\"sc-198be8ec-0 cynXbu image-embed  image-embed \"><picture class=\"sc-198be8ec-1 kOjRiQ\"><source media=\"(min-width: 975px)\" width=\"720\" height=\"480\" \/><img alt=\"Nicki nicole en el Buenos Aires Trap, que se realiz\u00f3 en el Parque de la Ciudad. Foto Emmanuel Fern\u00e1ndez\" loading=\"lazy\" width=\"720\" height=\"480\" decoding=\"async\" data-nimg=\"1\" style=\"color:transparent\" src=\"https:\/\/13.com.ar\/wp-content\/uploads\/2025\/02\/1739384788_993_se-agotaron-las-entradas-del-Dia-1-y-hay-una.jpg\"\/><span class=\"epigraphe\">Nicki nicole en el Buenos Aires Trap, que se realiz\u00f3 en el Parque de la Ciudad. Foto Emmanuel Fern\u00e1ndez<\/span><span class=\"bkg\"\/><span class=\"picture-open\"><button class=\"open-image\" aria-label=\"Open Image\"\/><\/span><\/picture><\/div>\n<div class=\"sc-80531b6b-0 chRIGJ container-text text-embed\">\n<p>17.50 &#8211; CA7RIEL Y PACO AMOROSO<\/p>\n<\/div>\n<div class=\"sc-80531b6b-0 chRIGJ container-text text-embed\">\n<p>15.20 &#8211; AGUSFORTNITE2008 &amp; STIFFY<\/p>\n<\/div>\n<div class=\"sc-80531b6b-0 chRIGJ container-text text-embed\">\n<p>20.30 &#8211; SKAY Y LOS FAKIRES<\/p>\n<\/div>\n<div class=\"sc-80531b6b-0 chRIGJ container-text text-embed\">\n<p>17.10 &#8211; SILVESTRE Y LA NARANJA<\/p>\n<\/div>\n<div class=\"sc-80531b6b-0 chRIGJ container-text text-embed\">\n<p>23.30 &#8211; HIJOS DE LA TORMENTA<\/p>\n<\/div>\n<div class=\"sc-80531b6b-0 chRIGJ container-text text-embed\">\n<p>19.00 &#8211; VAPORS OF MORPHINE<\/p>\n<\/div>\n<div class=\"sc-80531b6b-0 chRIGJ container-text text-embed\">\n<p>14.20 &#8211; FONSO Y LAS PARITARIAS<\/p>\n<\/div>\n<div class=\"sc-80531b6b-0 chRIGJ container-text text-embed\">\n<p><strong>Escenario la casita del blues<\/strong><\/p>\n<\/div>\n<div class=\"sc-80531b6b-0 chRIGJ container-text text-embed\">\n<p>22.45 &#8211; LOS B\u00daFALOS SEDIENTOS<\/p>\n<\/div>\n<div class=\"sc-80531b6b-0 chRIGJ container-text text-embed\">\n<p>21.45 &#8211; IVAN SINGH &amp; SHERYL YOUNGBLOOD<\/p>\n<\/div>\n<div class=\"sc-80531b6b-0 chRIGJ container-text text-embed\">\n<p>19.25 &#8211; THE RHYTHM GAMBLERS<\/p>\n<\/div>\n<div class=\"sc-80531b6b-0 chRIGJ container-text text-embed\">\n<p>18.20 &#8211; C\u00c9SAR VALDOMIR BLUES BAND<\/p>\n<\/div>\n<div class=\"sc-80531b6b-0 chRIGJ container-text text-embed\">\n<p>15.25 &#8211; MARLENE SUCHY &amp; THE SUPER SAX<\/p>\n<\/div>\n<div class=\"sc-80531b6b-0 chRIGJ container-text text-embed\">\n<p>14.30 &#8211; PAPI CHIMI ROMERO &amp; BROSSOUL<\/p>\n<\/div>\n<\/div>\n<p><br \/>\n<br \/><a href=\"https:\/\/www.clarin.com\/espectaculos\/cosquin-rock-2025-artistas-horarios-escenario-tocan_0_KfBf1vATEZ.html\">Fuente Clarin.com <\/a><\/p>\n","protected":false},"excerpt":{"rendered":"<p>Este fin de semana (s\u00e1bado 15 y domingo 16 de febrero) Cosqu\u00edn Rock, el emblem\u00e1tico festival cordob\u00e9s, celebra sus 25 a\u00f1os de historia, con muchos artistas consagrados y otros, como Nicki Nicole o Luck Ra, que har\u00e1n su debut en ese escenario.. En esta edici\u00f3n, que se desarrollar\u00e1 en el Aer\u00f3dromo Santa Mar\u00eda de Punilla, [&hellip;]<\/p>\n","protected":false},"author":1,"featured_media":4881,"comment_status":"open","ping_status":"open","sticky":false,"template":"","format":"standard","meta":{"footnotes":""},"categories":[2],"tags":[702,1548,3553,28,286,6885,923],"class_list":["post-4880","post","type-post","status-publish","format-standard","has-post-thumbnail","hentry","category-ultimas-noticias","tag-artistas","tag-escenario","tag-horarios","tag-los","tag-que","tag-tocan","tag-todos"],"_links":{"self":[{"href":"https:\/\/13.com.ar\/index.php\/wp-json\/wp\/v2\/posts\/4880","targetHints":{"allow":["GET"]}}],"collection":[{"href":"https:\/\/13.com.ar\/index.php\/wp-json\/wp\/v2\/posts"}],"about":[{"href":"https:\/\/13.com.ar\/index.php\/wp-json\/wp\/v2\/types\/post"}],"author":[{"embeddable":true,"href":"https:\/\/13.com.ar\/index.php\/wp-json\/wp\/v2\/users\/1"}],"replies":[{"embeddable":true,"href":"https:\/\/13.com.ar\/index.php\/wp-json\/wp\/v2\/comments?post=4880"}],"version-history":[{"count":0,"href":"https:\/\/13.com.ar\/index.php\/wp-json\/wp\/v2\/posts\/4880\/revisions"}],"wp:featuredmedia":[{"embeddable":true,"href":"https:\/\/13.com.ar\/index.php\/wp-json\/wp\/v2\/media\/4881"}],"wp:attachment":[{"href":"https:\/\/13.com.ar\/index.php\/wp-json\/wp\/v2\/media?parent=4880"}],"wp:term":[{"taxonomy":"category","embeddable":true,"href":"https:\/\/13.com.ar\/index.php\/wp-json\/wp\/v2\/categories?post=4880"},{"taxonomy":"post_tag","embeddable":true,"href":"https:\/\/13.com.ar\/index.php\/wp-json\/wp\/v2\/tags?post=4880"}],"curies":[{"name":"wp","href":"https:\/\/api.w.org\/{rel}","templated":true}]}}