{"id":48629,"date":"2025-08-06T05:29:02","date_gmt":"2025-08-06T08:29:02","guid":{"rendered":"https:\/\/13.com.ar\/index.php\/por-que-sus-calmantes-propiedades-son-ideales-para-el-estres-y-el-descanso\/"},"modified":"2025-08-06T05:29:02","modified_gmt":"2025-08-06T08:29:02","slug":"por-que-sus-calmantes-propiedades-son-ideales-para-el-estres-y-el-descanso","status":"publish","type":"post","link":"https:\/\/13.com.ar\/index.php\/por-que-sus-calmantes-propiedades-son-ideales-para-el-estres-y-el-descanso\/","title":{"rendered":"por qu\u00e9 sus calmantes propiedades son ideales para el estr\u00e9s y el descanso"},"content":{"rendered":"<p> <br \/>\n<br \/><img decoding=\"async\" src=\"https:\/\/13.com.ar\/wp-content\/uploads\/2025\/08\/por-que-sus-calmantes-propiedades-son-ideales-para-el-estres.jpg\" \/><\/p>\n<div id=\"element-body-0\">\n<p>Con su caracter\u00edstico aroma y flores de tonos viol\u00e1ceos, la lavanda es mucho m\u00e1s que una planta ornamental. Durante siglos ha sido valorada por sus usos terap\u00e9uticos, especialmente en el <strong>alivio del estr\u00e9s, la ansiedad y los trastornos del sue\u00f1o<\/strong>. <\/p>\n<\/div>\n<div id=\"element-body-1\">\n<p>Originaria de la regi\u00f3n mediterr\u00e1nea, la lavanda ha sido utilizada desde siempre en ba\u00f1os, aceites y remedios naturales. Su capacidad para<strong> inducir la relajaci\u00f3n<\/strong> ha trascendido culturas y \u00e9pocas, manteni\u00e9ndose vigente en la actualidad, especialmente en la aromaterapia y los tratamientos complementarios.<\/p>\n<\/div>\n<div id=\"element-body-2\">\n<p>Varias investigaciones han identificado componentes activos como el linalol y el acetato de linalilo, responsables de los efectos ansiol\u00edticos y relajantes de esta planta. Estos compuestos act\u00faan sobre el sistema nervioso central, ayudando a<strong> reducir la tensi\u00f3n mental y mejorar la calidad del sue\u00f1o<\/strong>. Adem\u00e1s, se la considera segura tanto para uso t\u00f3pico como inhalado.<\/p>\n<\/div>\n<div id=\"element-body-3\">\n<p>La popularidad de la lavanda creci\u00f3 en las \u00faltimas d\u00e9cadas, integr\u00e1ndose en <strong>aceites esenciales, infusiones, sprays ambientales y cosm\u00e9tica natural<\/strong>. En un contexto donde el estr\u00e9s y la falta de descanso afectan a gran parte de la poblaci\u00f3n, aparece como una alternativa accesible y natural tanto para el bienestar emocional como f\u00edsico, sin efectos secundarios severos.<\/p>\n<\/div>\n<div id=\"element-body-6\">\n<p>Gracias a sus efectos calmantes, la lavanda se ha convertido en uno de los <strong>pilares de la aromaterapia moderna<\/strong>. Inhalar su fragancia, ya sea mediante un difusor o aplicando aceite esencial en la piel, puede reducir de manera significativa los niveles de ansiedad. <\/p>\n<\/div>\n<div id=\"element-body-7\">\n<p>Un estudio piloto publicado en el sitio de la <em>Biblioteca Nacional de Medicina <\/em>de los Estados Unidos indica que la exposici\u00f3n al aroma de lavanda <strong>disminuye la frecuencia card\u00edaca<\/strong> y la presi\u00f3n arterial, facilitando una sensaci\u00f3n de calma inmediata. Esta cualidad es particularmente \u00fatil para personas que experimentan estr\u00e9s cr\u00f3nico o agudo.<\/p>\n<\/div>\n<div id=\"element-body-8\">\n<p>Otro de sus usos m\u00e1s extendidos es como facilitadora del sue\u00f1o. Seg\u00fan el sitio <em>Purplant<\/em>, la lavanda <strong>contribuye a conciliar un descanso profundo y reparador<\/strong>, sin causar dependencia o somnolencia diurna. Aplicar unas gotas de aceite esencial sobre la almohada o realizar una infusi\u00f3n suave antes de dormir son pr\u00e1cticas habituales para muchas personas.<\/p>\n<\/div>\n<div id=\"element-body-9\">\n<p>Adem\u00e1s, la lavanda tambi\u00e9n act\u00faa como <strong>relajante muscular<\/strong>. Aplicada de forma t\u00f3pica en forma de aceite diluido o crema, ayuda a aliviar tensiones f\u00edsicas asociadas al estr\u00e9s, como contracturas o cefaleas tensionales. Su uso en masajes o ba\u00f1os de inmersi\u00f3n puede potenciar estos efectos, brindando una experiencia de relajaci\u00f3n integral.<\/p>\n<\/div>\n<div id=\"element-body-11\">\n<p>En el \u00e1mbito emocional, la lavanda ha demostrado tener <strong>propiedades antidepresivas<\/strong> leves, mejorando el estado de \u00e1nimo en personas con s\u00edntomas de tristeza, irritabilidad o fatiga mental. En estos casos, la inhalaci\u00f3n diaria o el uso de productos que contengan extractos de lavanda puede ser un complemento efectivo a otras terapias que le prescriba su m\u00e9dico de cabecera.<\/p>\n<\/div>\n<div id=\"element-body-12\">\n<p>Si bien la lavanda se considera segura en la mayor\u00eda de los casos, <strong>hay que utilizarla con precauci\u00f3n<\/strong>. El aceite esencial no debe ingerirse y, al aplicarlo sobre la piel, se recomienda diluirlo con un aceite portador para evitar irritaciones. Las mujeres embarazadas o personas con condiciones m\u00e9dicas espec\u00edficas deben consultar con su m\u00e9dico personal antes de su uso frecuente.<\/p>\n<\/div>\n<p><br \/>\n<br \/><a href=\"https:\/\/www.clarin.com\/estados-unidos\/salud-natural\/lavanda-calmantes-propiedades-ideales-estres-descanso_0_xvWpNRiEOm.html\">Fuente Clarin.com <\/a><\/p>\n","protected":false},"excerpt":{"rendered":"<p>Con su caracter\u00edstico aroma y flores de tonos viol\u00e1ceos, la lavanda es mucho m\u00e1s que una planta ornamental. Durante siglos ha sido valorada por sus usos terap\u00e9uticos, especialmente en el alivio del estr\u00e9s, la ansiedad y los trastornos del sue\u00f1o. Originaria de la regi\u00f3n mediterr\u00e1nea, la lavanda ha sido utilizada desde siempre en ba\u00f1os, aceites [&hellip;]<\/p>\n","protected":false},"author":1,"featured_media":48630,"comment_status":"open","ping_status":"open","sticky":false,"template":"","format":"standard","meta":{"footnotes":""},"categories":[2],"tags":[25508,3408,8751,9866,16,142,4949,286,406,40],"class_list":["post-48629","post","type-post","status-publish","format-standard","has-post-thumbnail","hentry","category-ultimas-noticias","tag-calmantes","tag-descanso","tag-estres","tag-ideales","tag-para","tag-por","tag-propiedades","tag-que","tag-son","tag-sus"],"_links":{"self":[{"href":"https:\/\/13.com.ar\/index.php\/wp-json\/wp\/v2\/posts\/48629","targetHints":{"allow":["GET"]}}],"collection":[{"href":"https:\/\/13.com.ar\/index.php\/wp-json\/wp\/v2\/posts"}],"about":[{"href":"https:\/\/13.com.ar\/index.php\/wp-json\/wp\/v2\/types\/post"}],"author":[{"embeddable":true,"href":"https:\/\/13.com.ar\/index.php\/wp-json\/wp\/v2\/users\/1"}],"replies":[{"embeddable":true,"href":"https:\/\/13.com.ar\/index.php\/wp-json\/wp\/v2\/comments?post=48629"}],"version-history":[{"count":0,"href":"https:\/\/13.com.ar\/index.php\/wp-json\/wp\/v2\/posts\/48629\/revisions"}],"wp:featuredmedia":[{"embeddable":true,"href":"https:\/\/13.com.ar\/index.php\/wp-json\/wp\/v2\/media\/48630"}],"wp:attachment":[{"href":"https:\/\/13.com.ar\/index.php\/wp-json\/wp\/v2\/media?parent=48629"}],"wp:term":[{"taxonomy":"category","embeddable":true,"href":"https:\/\/13.com.ar\/index.php\/wp-json\/wp\/v2\/categories?post=48629"},{"taxonomy":"post_tag","embeddable":true,"href":"https:\/\/13.com.ar\/index.php\/wp-json\/wp\/v2\/tags?post=48629"}],"curies":[{"name":"wp","href":"https:\/\/api.w.org\/{rel}","templated":true}]}}