{"id":48605,"date":"2025-08-05T23:25:03","date_gmt":"2025-08-06T02:25:03","guid":{"rendered":"https:\/\/13.com.ar\/index.php\/me-pasaron-cosas-tremendas-y-ya-no-lloro-mas-por-nada\/"},"modified":"2025-08-05T23:25:03","modified_gmt":"2025-08-06T02:25:03","slug":"me-pasaron-cosas-tremendas-y-ya-no-lloro-mas-por-nada","status":"publish","type":"post","link":"https:\/\/13.com.ar\/index.php\/me-pasaron-cosas-tremendas-y-ya-no-lloro-mas-por-nada\/","title":{"rendered":"Me pasaron cosas tremendas y ya no lloro m\u00e1s por nada"},"content":{"rendered":"<p> <br \/>\n<\/p>\n<div id=\"cuerpo\">\n<div class=\"sc-45461e9c-0 eqiBeF container-text text-embed \" id=\"element-body-0\">\n<p><strong>Carolina \u201cPampita\u201d Ardohain<\/strong> atraviesa un momento de cambios y nuevas etapas ya que recientemente trascendi\u00f3 su separaci\u00f3n del polista Mart\u00edn Pepa, mientras se prepara para liderar <em>Los 8 Escalones<\/em>, reemplazando a Guido Kaczka. En este contexto, <strong>la conductora aprovech\u00f3 la ocasi\u00f3n para enfrentar las cr\u00edticas por su reciente viaje de soltera a Ibiza. <\/strong><\/p>\n<\/div>\n<div class=\"sc-45461e9c-0 eqiBeF container-text text-embed \" id=\"element-body-1\">\n<p>Luego de aprovechar las bajas temperaturas que ofrecieron las vacaciones de invierno en Villa La Angostura, Pampita arm\u00f3 las valijas para emprender rumbo a la Isla del Mar Mediterr\u00e1neo y como no pod\u00eda ser de otra manera, utiliz\u00f3 su cuenta oficial de Instagram <em>(@pampitaoficial)<\/em> para compartir algunas fotos de lo que fueron sus d\u00edas all\u00ed junto a sus amigos.<\/p>\n<\/div>\n<div class=\"sc-45461e9c-0 eqiBeF container-text text-embed \" id=\"element-body-2\">\n<p>As\u00ed, a trav\u00e9s de una serie de publicaciones, la conductora mostr\u00f3 c\u00f3mo disfrut\u00f3 intensamente del verano europeo. <\/p>\n<\/div>\n<div class=\"sc-45461e9c-0 eqiBeF container-text text-embed \" id=\"element-body-3\">\n<p>Para ello, Ardohain realiz\u00f3 diferentes actividades como tomar sol en trajes de ba\u00f1o de tonos neutros y tierra, degustar platos t\u00edpicos como la paella as\u00ed como con c\u00f3cteles al borde de la pileta, sumergirse en el mar y recorrer la orilla para admirar las imponentes vistas que ofrece el destino espa\u00f1ol.<\/p>\n<\/div>\n<div class=\"sc-45461e9c-0 eqiBeF container-text text-embed \" id=\"element-body-4\">\n<p>Al regresar a la Argentina para afrontar su rol como conductora del programa de El Trece,<strong> Pampita fue recibida con mucho cari\u00f1o por sus hijos Bautista, Benicio y Beltr\u00e1n <\/strong>\u2014fruto de su relaci\u00f3n con Benjam\u00edn Vicu\u00f1a\u2014, <strong>y por la peque\u00f1a Ana<\/strong>, la peque\u00f1a en com\u00fan con Roberto Garc\u00eda Morit\u00e1n.<\/p>\n<\/div>\n<div class=\"sc-45461e9c-0 eqiBeF container-text text-embed \" id=\"element-body-5\">\n<p>Como no pod\u00eda ser de otra manera, Pampita regres\u00f3 al pa\u00eds con regalos para sus hijos: los varones recibieron camisetas que Lionel Messi luce en el Inter Miami mientras que su hija menor, obtuvo un delicado antifaz de conejito pensado especialmente para ayudarla a dormir sin interrupciones durante la noche.<\/p>\n<\/div>\n<div class=\"sc-98b114a2-0 bkqiHH image-embed  image-embed \" id=\"element-body-6\"><picture class=\"sc-98b114a2-1 jRUlDm\"><source media=\"(min-width: 975px)\" width=\"720\" height=\"480\" \/><img fetchpriority=\"high\" alt=\"Pampita emprendi\u00f3 un viaje de soltera a Ibiza y mostr\u00f3 postales en redes sociales. | Fotos: Instagram\" loading=\"eager\" width=\"720\" height=\"480\" decoding=\"async\" data-nimg=\"1\" style=\"color:transparent\" src=\"https:\/\/13.com.ar\/wp-content\/uploads\/2025\/08\/Me-pasaron-cosas-tremendas-y-ya-no-lloro-mas-por.jpg\"\/><span class=\"epigraphe\">Pampita emprendi\u00f3 un viaje de soltera a Ibiza y mostr\u00f3 postales en redes sociales. | Fotos: Instagram<\/span><span class=\"picture-open\"><button class=\"open-image\" aria-label=\"Open Image\"\/><\/span><\/picture><\/div>\n<div class=\"sc-45461e9c-0 eqiBeF container-text text-embed \" id=\"element-body-7\">\n<p>Adem\u00e1s, durante su estad\u00eda en la Isla del Mediterr\u00e1neo, Pampita asisti\u00f3 a una fiesta al aire libre en Ushua\u00efa Ibiza, donde disfrut\u00f3 de la m\u00fasica en vivo de dos DJs, tragos y la compa\u00f1\u00eda de amigos, un momento que gener\u00f3 diversas reacciones en redes sociales y entre figuras del espect\u00e1culo.<\/p>\n<\/div>\n<div class=\"sc-45461e9c-0 eqiBeF container-text text-embed \" id=\"element-body-8\">\n<p>De esta manera, <strong>la conductora volvi\u00f3 a su rutina laboral<\/strong> para afrontar el rodaje de <em>Los 8 escalones<\/em> y durante una pausa en las grabaciones, Carolina habl\u00f3 con<em> Puro Show<\/em> (El Trece) sobre <strong>su reciente viaje de soltera a Ibiza y los cuestionamientos que obtuvo por haberse tomado un descanso en la isla mediterr\u00e1nea <\/strong>poco despu\u00e9s de su separaci\u00f3n del polista con quien estuvo en pareja durante ocho meses.<\/p>\n<\/div>\n<div class=\"sc-98b114a2-0 bkqiHH image-embed  image-embed \" id=\"element-body-9\"><picture class=\"sc-98b114a2-1 jRUlDm\"><source media=\"(min-width: 975px)\" width=\"720\" height=\"480\" \/><img alt=\"Pampita disfrut\u00f3 de una fiesta electr\u00f3nica al aire libre en Ibiza. | Foto: Instagram\" loading=\"eager\" width=\"720\" height=\"480\" decoding=\"async\" data-nimg=\"1\" style=\"color:transparent\" src=\"https:\/\/13.com.ar\/wp-content\/uploads\/2025\/08\/1754447103_843_Me-pasaron-cosas-tremendas-y-ya-no-lloro-mas-por.jpg\"\/><span class=\"epigraphe\">Pampita disfrut\u00f3 de una fiesta electr\u00f3nica al aire libre en Ibiza. | Foto: Instagram<\/span><span class=\"picture-open\"><button class=\"open-image\" aria-label=\"Open Image\"\/><\/span><\/picture><\/div>\n<div class=\"sc-45461e9c-0 eqiBeF container-text text-embed \" id=\"element-body-10\">\n<p>Luego que la panelista Fernanda Iglesias reconociera que ella la critic\u00f3 al verla bailar y disfrutar de su escapada al destino espa\u00f1ol, Pampita sentenci\u00f3: &#8220;Yo quiero decir que,<strong> si alguno de ustedes estuviera en mis zapatos con todo lo que he vivido en la vida, les puedo asegurar que estar\u00edan felices de verme sonre\u00edr, y bailar un ratito&#8221;.<\/strong><\/p>\n<\/div>\n<div class=\"sc-45461e9c-0 eqiBeF container-text text-embed \" id=\"element-body-11\">\n<p>&#8220;Porque <strong>con todos los dolores que tengo en el alma, tener un momento para bailar y sentir todo lo lindo que sucede alrededor, es algo que yo valoro mucho<\/strong>&#8220;. <\/p>\n<\/div>\n<div class=\"sc-45461e9c-0 eqiBeF container-text text-embed \" id=\"element-body-12\">\n<p>En esta misma l\u00ednea, Pampita plante\u00f3: &#8220;De hecho, lo disfruto m\u00e1s de lo que lo habr\u00eda disfrutado antes. <strong>S\u00e9 que esos momentos son muy especiales porque mi vida no es as\u00ed todo el tiempo<\/strong>&#8220;.<\/p>\n<\/div>\n<div class=\"sc-98b114a2-0 bkqiHH image-embed  image-embed \" id=\"element-body-13\"><picture class=\"sc-98b114a2-1 jRUlDm\"><source media=\"(min-width: 975px)\" width=\"720\" height=\"480\" \/><img alt=\"Tras su regreso a Argentina, Pampita fue recibida por sus hijos. | Fotos: Instagram\" loading=\"eager\" width=\"720\" height=\"480\" decoding=\"async\" data-nimg=\"1\" style=\"color:transparent\" src=\"https:\/\/13.com.ar\/wp-content\/uploads\/2025\/08\/1754447103_978_Me-pasaron-cosas-tremendas-y-ya-no-lloro-mas-por.jpg\"\/><span class=\"epigraphe\">Tras su regreso a Argentina, Pampita fue recibida por sus hijos. | Fotos: Instagram<\/span><span class=\"picture-open\"><button class=\"open-image\" aria-label=\"Open Image\"\/><\/span><\/picture><\/div>\n<div class=\"sc-45461e9c-0 eqiBeF container-text text-embed \" id=\"element-body-14\">\n<p>Segundos m\u00e1s tarde, Iglesias le explic\u00f3 que su cr\u00edtica se basaba en el contexto de la reciente ruptura, y que por eso consideraba que la conductora deber\u00eda estar atravesando un duelo emocional.<\/p>\n<\/div>\n<div class=\"sc-45461e9c-0 eqiBeF container-text text-embed \" id=\"element-body-15\">\n<p>&#8220;La gente siempre espera que yo este llorando pero <strong>me pasaron cosas tremendas y ya no lloro m\u00e1s por nada. No estoy para llorar por cualquier cosa<\/strong>&#8220;, remarc\u00f3. <\/p>\n<\/div>\n<div class=\"sc-98b114a2-0 bkqiHH image-embed  image-embed \" id=\"element-body-16\"><picture class=\"sc-98b114a2-1 jRUlDm\"><source media=\"(min-width: 975px)\" width=\"720\" height=\"480\" \/><img alt=\"Pampita reemplazar\u00e1 a Guido Kazcka en la conducci\u00f3n de Los 8 escalones. | Foto: Instagram\" loading=\"eager\" width=\"720\" height=\"480\" decoding=\"async\" data-nimg=\"1\" style=\"color:transparent\" src=\"https:\/\/13.com.ar\/wp-content\/uploads\/2025\/08\/1754447103_517_Me-pasaron-cosas-tremendas-y-ya-no-lloro-mas-por.jpg\"\/><span class=\"epigraphe\">Pampita reemplazar\u00e1 a Guido Kazcka en la conducci\u00f3n de Los 8 escalones. | Foto: Instagram<\/span><span class=\"picture-open\"><button class=\"open-image\" aria-label=\"Open Image\"\/><\/span><\/picture><\/div>\n<div class=\"sc-45461e9c-0 eqiBeF container-text text-embed \" id=\"element-body-17\">\n<p>En este contexto, Carolina profundiz\u00f3: &#8220;Mi vida es super linda. Tengo oportunidades, mis hijos son incre\u00edbles, hago lo que me gusta en el laburo. Entonces,<strong> ese rol de v\u00edctima, yo se que la gente lo espera de mi cuando me pasa algo pero a mi no me gusta ponerme en ese lugar<\/strong>. No p\u00fablicamente y en privado, tampoco&#8221;.<\/p>\n<\/div>\n<div class=\"sc-45461e9c-0 eqiBeF container-text text-embed \" id=\"element-body-18\">\n<p>&#8220;<strong>Yo viv\u00ed dolores m\u00e1s grandes en la vida y me s\u00e9 ubicar en lo importante<\/strong>. No cualquier cosa me derrumba&#8221;, subray\u00f3.<\/p>\n<\/div>\n<p><h2>Pampita enfrent\u00f3 los rumores de romance con Joaqu\u00edn Furriel <\/h2>\n<\/p>\n<div class=\"sc-45461e9c-0 eqiBeF container-text text-embed \" id=\"element-body-20\">\n<p>Por otro lado, la conductora de <em>Los 8 Escalones<\/em> tambi\u00e9n fue consultada sobre la posibilidad de iniciar una nueva historia de amor ahora que est\u00e1 soltera o si conoci\u00f3 a alguien durante sus d\u00edas en Ibiza.<\/p>\n<\/div>\n<div class=\"sc-45461e9c-0 eqiBeF container-text text-embed \" id=\"element-body-21\">\n<p>Entonces, ante la curiosidad de los panelistas y conductores de<em> Puro Show <\/em>(El Trece), Pampita cont\u00f3: <strong>\u201c\u00cdntimamente, no. Yo no estaba abierta a eso. Me hablan, charlan, todo bien, pero creo que no era el momento\u201d.<\/strong><\/p>\n<\/div>\n<div class=\"sc-45461e9c-0 eqiBeF container-text text-embed \" id=\"element-body-22\">\n<p>Por \u00faltimo, Ardohain le hizo frente a los rumores sobre un presunto romance con Joaqu\u00edn Furriel que circularon en los \u00faltimos d\u00edas, y neg\u00f3 tener cualquier tipo de contacto con el actor.<\/p>\n<\/div>\n<div class=\"sc-45461e9c-0 eqiBeF container-text text-embed \" id=\"element-body-23\">\n<p>\u201cSinceramente,<strong> no s\u00e9 si est\u00e1 de novio, si vive en Argentina, o si se quiere matar por lo que se invent\u00f3<\/strong>. Lo dijo Marcela Tauro, y cuando lo hizo fui al Instagram, busqu\u00e9 el mensaje y no me hab\u00eda escrito nada. <strong>No s\u00e9 cu\u00e1l es su situaci\u00f3n, no lo veo hace un mont\u00f3n<\/strong>, la \u00faltima vez fue en Pampita Online y ni s\u00e9 de d\u00f3nde sali\u00f3 eso. <strong>No lo tengo en el radar<\/strong>\u201d, concluy\u00f3.<\/p>\n<\/div>\n<\/div>\n<p><br \/>\n<br \/><a href=\"https:\/\/www.clarin.com\/fama\/pampita-enfrento-criticas-mostrarse-fiesta-ibiza-pasaron-cosas-tremendas-lloro_0_orNyXQnatj.html\">Fuente Clarin.com <\/a><\/p>\n","protected":false},"excerpt":{"rendered":"<p>Carolina \u201cPampita\u201d Ardohain atraviesa un momento de cambios y nuevas etapas ya que recientemente trascendi\u00f3 su separaci\u00f3n del polista Mart\u00edn Pepa, mientras se prepara para liderar Los 8 Escalones, reemplazando a Guido Kaczka. En este contexto, la conductora aprovech\u00f3 la ocasi\u00f3n para enfrentar las cr\u00edticas por su reciente viaje de soltera a Ibiza. Luego de [&hellip;]<\/p>\n","protected":false},"author":1,"featured_media":48606,"comment_status":"open","ping_status":"open","sticky":false,"template":"","format":"standard","meta":{"footnotes":""},"categories":[2],"tags":[2799,13653,155,2520,12200,142,25502],"class_list":["post-48605","post","type-post","status-publish","format-standard","has-post-thumbnail","hentry","category-ultimas-noticias","tag-cosas","tag-lloro","tag-mas","tag-nada","tag-pasaron","tag-por","tag-tremendas"],"_links":{"self":[{"href":"https:\/\/13.com.ar\/index.php\/wp-json\/wp\/v2\/posts\/48605","targetHints":{"allow":["GET"]}}],"collection":[{"href":"https:\/\/13.com.ar\/index.php\/wp-json\/wp\/v2\/posts"}],"about":[{"href":"https:\/\/13.com.ar\/index.php\/wp-json\/wp\/v2\/types\/post"}],"author":[{"embeddable":true,"href":"https:\/\/13.com.ar\/index.php\/wp-json\/wp\/v2\/users\/1"}],"replies":[{"embeddable":true,"href":"https:\/\/13.com.ar\/index.php\/wp-json\/wp\/v2\/comments?post=48605"}],"version-history":[{"count":0,"href":"https:\/\/13.com.ar\/index.php\/wp-json\/wp\/v2\/posts\/48605\/revisions"}],"wp:featuredmedia":[{"embeddable":true,"href":"https:\/\/13.com.ar\/index.php\/wp-json\/wp\/v2\/media\/48606"}],"wp:attachment":[{"href":"https:\/\/13.com.ar\/index.php\/wp-json\/wp\/v2\/media?parent=48605"}],"wp:term":[{"taxonomy":"category","embeddable":true,"href":"https:\/\/13.com.ar\/index.php\/wp-json\/wp\/v2\/categories?post=48605"},{"taxonomy":"post_tag","embeddable":true,"href":"https:\/\/13.com.ar\/index.php\/wp-json\/wp\/v2\/tags?post=48605"}],"curies":[{"name":"wp","href":"https:\/\/api.w.org\/{rel}","templated":true}]}}