{"id":48603,"date":"2025-08-05T23:18:58","date_gmt":"2025-08-06T02:18:58","guid":{"rendered":"https:\/\/13.com.ar\/index.php\/cuales-son-los-6-pilares-de-la-autoestima-segun-un-famoso-psicoterapeuta\/"},"modified":"2025-08-05T23:18:58","modified_gmt":"2025-08-06T02:18:58","slug":"cuales-son-los-6-pilares-de-la-autoestima-segun-un-famoso-psicoterapeuta","status":"publish","type":"post","link":"https:\/\/13.com.ar\/index.php\/cuales-son-los-6-pilares-de-la-autoestima-segun-un-famoso-psicoterapeuta\/","title":{"rendered":"Cu\u00e1les son los 6 pilares de la autoestima seg\u00fan un famoso psicoterapeuta"},"content":{"rendered":"<p> <br \/>\n<\/p>\n<div id=\"cuerpo\">\n<div class=\"sc-45461e9c-0 eqiBeF container-text text-embed \" id=\"element-body-0\">\n<p>No hace falta estar en crisis para trabajar la <strong>autoestima<\/strong>. De hecho, construir una imagen s\u00f3lida y realista de uno mismo es una de las claves para tomar mejores decisiones, poner l\u00edmites y sentirnos c\u00f3modos en nuestra propia piel. As\u00ed lo sosten\u00eda <strong>Nathaniel Branden<\/strong>, un psicoterapeuta canadiense que dedic\u00f3 su vida a estudiar qu\u00e9 nos lleva a querernos \u2014o no\u2014.<\/p>\n<\/div>\n<div class=\"sc-45461e9c-0 eqiBeF container-text text-embed \" id=\"element-body-1\">\n<p>En su libro &#8220;Los Seis Pilares de la Autoestima&#8221;, publicado en 1994, Branden condens\u00f3 a\u00f1os de experiencia cl\u00ednica en seis pr\u00e1cticas fundamentales que, seg\u00fan \u00e9l, toda persona deber\u00eda incorporar para vivir con mayor bienestar. Su mirada fue pionera porque no trataba la autoestima como una \u201csensaci\u00f3n pasajera\u201d, sino como una <strong>pr\u00e1ctica diaria, consciente y activa<\/strong>.<\/p>\n<\/div>\n<div class=\"sc-45461e9c-0 eqiBeF container-text text-embed \" id=\"element-body-2\">\n<p>La propuesta sigue m\u00e1s vigente que nunca: para Branden, la autoestima no depende de los likes en redes ni de lo que los dem\u00e1s opinen, sino de<strong> c\u00f3mo nos vemos, nos tratamos y nos valoramos nosotros mismos<\/strong>. Y para lograr eso, plante\u00f3 seis pilares que pod\u00e9s empezar a trabajar hoy.<\/p>\n<\/div>\n<p><h2>1. Vivir con conciencia<\/h2>\n<\/p>\n<div class=\"sc-45461e9c-0 eqiBeF container-text text-embed \" id=\"element-body-4\">\n<p>El primer pilar tiene que ver con despertar. Es decir, salir del piloto autom\u00e1tico y <strong>vivir atentos<\/strong>. \u00bfA qu\u00e9? A nuestras emociones, decisiones, pensamientos y valores. No se trata de obsesionarse con cada paso, sino de habitar la vida con presencia.<\/p>\n<\/div>\n<div class=\"sc-45461e9c-0 eqiBeF container-text text-embed \" id=\"element-body-5\">\n<p>Branden insist\u00eda en que una persona con buena autoestima se hace preguntas: <strong>\u00bfPor qu\u00e9 reaccion\u00e9 as\u00ed? \u00bfQu\u00e9 quiero realmente? \u00bfEsto que hago est\u00e1 alineado con mis valores?<\/strong> La conciencia personal es el punto de partida para cualquier cambio.<\/p>\n<\/div>\n<div class=\"sc-98b114a2-0 bkqiHH image-embed  image-embed \" id=\"element-body-6\"><picture class=\"sc-98b114a2-1 jRUlDm\"><source media=\"(min-width: 975px)\" width=\"720\" height=\"480\" \/><img fetchpriority=\"high\" alt=\"Vivir con conciencia implica salir del piloto autom\u00e1tico y estar presentes en nuestras decisiones y emociones. Foto: Shutterstock.\" loading=\"eager\" width=\"720\" height=\"480\" decoding=\"async\" data-nimg=\"1\" style=\"color:transparent\" src=\"https:\/\/13.com.ar\/wp-content\/uploads\/2025\/08\/Cuales-son-los-6-pilares-de-la-autoestima-segun-un.jpg\"\/><span class=\"epigraphe\">Vivir con conciencia implica salir del piloto autom\u00e1tico y estar presentes en nuestras decisiones y emociones. Foto: Shutterstock.<\/span><span class=\"picture-open\"><button class=\"open-image\" aria-label=\"Open Image\"\/><\/span><\/picture><\/div>\n<p><h2>2. Aceptarte tal como sos<\/h2>\n<\/p>\n<div class=\"sc-45461e9c-0 eqiBeF container-text text-embed \" id=\"element-body-8\">\n<p>La autoestima tambi\u00e9n es <strong>aceptar lo que vemos en el espejo<\/strong> \u2014y lo que no se ve tambi\u00e9n\u2014. No como resignaci\u00f3n, sino como punto de partida. Reconocerse, sin tapar lo inc\u00f3modo, es un acto de amor propio profundo.<\/p>\n<\/div>\n<div class=\"sc-45461e9c-0 eqiBeF container-text text-embed \" id=\"element-body-9\">\n<p>Branden propon\u00eda un ejercicio simple: <strong>mirarse al espejo y agradecerse<\/strong>. A las arrugas, a la panza, al cansancio. Todo lo que sos te trajo hasta ac\u00e1. Y si algo quer\u00e9s cambiar, que sea desde la aceptaci\u00f3n, no desde el rechazo.<\/p>\n<\/div>\n<p><h2>3. Hacerte responsable de tu vida<\/h2>\n<\/p>\n<div class=\"sc-45461e9c-0 eqiBeF container-text text-embed \" id=\"element-body-11\">\n<p>La victimizaci\u00f3n es una trampa com\u00fan. Frases como \u201ctodo me pasa a m\u00ed\u201d o \u201cnunca tengo suerte\u201d nos desconectan de nuestro poder personal. Para Branden, uno de los pilares fundamentales de la autoestima es <strong>asumir que somos protagonistas de nuestra historia<\/strong>.<\/p>\n<\/div>\n<div class=\"sc-45461e9c-0 eqiBeF container-text text-embed \" id=\"element-body-12\">\n<p>No se trata de negar que hay cosas injustas o dif\u00edciles, sino de entender que<strong> nadie va a venir a salvarnos<\/strong>. Hacernos cargo de lo que sentimos, lo que elegimos y lo que evitamos es un paso esencial para fortalecernos.<\/p>\n<\/div>\n<div class=\"sc-98b114a2-0 bkqiHH image-embed  image-embed \" id=\"element-body-13\"><picture class=\"sc-98b114a2-1 jRUlDm\"><source media=\"(min-width: 975px)\" width=\"720\" height=\"480\" \/><img alt=\"Mirarte al espejo y agradecerte es un ejercicio poderoso para empezar a valorarte. Foto: Shutterstock.\" loading=\"eager\" width=\"720\" height=\"480\" decoding=\"async\" data-nimg=\"1\" style=\"color:transparent\" src=\"https:\/\/13.com.ar\/wp-content\/uploads\/2025\/08\/1754446737_435_Cuales-son-los-6-pilares-de-la-autoestima-segun-un.jpg\"\/><span class=\"epigraphe\">Mirarte al espejo y agradecerte es un ejercicio poderoso para empezar a valorarte. Foto: Shutterstock.<\/span><span class=\"picture-open\"><button class=\"open-image\" aria-label=\"Open Image\"\/><\/span><\/picture><\/div>\n<p><h2>4. Practicar la autoafirmaci\u00f3n<\/h2>\n<\/p>\n<div class=\"sc-45461e9c-0 eqiBeF container-text text-embed \" id=\"element-body-15\">\n<p>\u00bfTe hablar\u00edas a vos mismo como le habl\u00e1s a una amiga que quer\u00e9s? Muchas veces no. Solemos ser dur\u00edsimos con nosotros mismos. Por eso, Branden hablaba de la importancia de<strong> reformular el di\u00e1logo interno<\/strong>.<\/p>\n<\/div>\n<div class=\"sc-45461e9c-0 eqiBeF container-text text-embed \" id=\"element-body-16\">\n<p>En vez de repetirnos \u201csoy un desastre\u201d o \u201ctodo me sale mal\u201d, el ejercicio es cambiar el enfoque. Decirnos cosas como: \u201cEstoy aprendiendo\u201d, \u201cMe esfuerzo cada d\u00eda\u201d, \u201cMe respeto como soy\u201d. La<strong> forma en que nos hablamos moldea lo que creemos de nosotros mismos<\/strong>.<\/p>\n<\/div>\n<p><h2>5. Tener un prop\u00f3sito de vida<\/h2>\n<\/p>\n<div class=\"sc-45461e9c-0 eqiBeF container-text text-embed \" id=\"element-body-18\">\n<p>Tener objetivos que te entusiasmen y den sentido a lo que hac\u00e9s tambi\u00e9n nutre la autoestima. No tiene que ser algo grandioso: puede ser desde cuidar a alguien, aprender algo nuevo, emprender o ayudar en tu comunidad.<\/p>\n<\/div>\n<div class=\"sc-45461e9c-0 eqiBeF container-text text-embed \" id=\"element-body-19\">\n<p>Seg\u00fan Branden, <strong>encontrar un prop\u00f3sito, aunque sea peque\u00f1o, nos conecta con nuestra utilidad y con lo que podemos aportar<\/strong>. Y eso refuerza la idea de que valemos, no por lo que tenemos, sino por lo que somos y hacemos.<\/p>\n<\/div>\n<p><h2>6. Vivir con integridad<\/h2>\n<\/p>\n<div class=\"sc-45461e9c-0 eqiBeF container-text text-embed \" id=\"element-body-21\">\n<p>Este \u00faltimo pilar tiene que ver con alinear lo que pensamos, lo que decimos y lo que hacemos. Es decir,<strong> vivir de forma coherente con nuestros valores<\/strong>. Porque cuando traicionamos lo que creemos, la autoestima se resiente.<\/p>\n<\/div>\n<div class=\"sc-45461e9c-0 eqiBeF container-text text-embed \" id=\"element-body-22\">\n<p>Branden sosten\u00eda que la paz interior surge cuando actuamos en sinton\u00eda con lo que sentimos. Si dec\u00eds que la honestidad es importante, pero ment\u00eds constantemente, algo se quiebra por dentro. La integridad no es perfecci\u00f3n: es consistencia.<\/p>\n<\/div>\n<div class=\"sc-4306f4f9-0 bAPCpp\">\n<div class=\"inner-card-m\">\n<div class=\"related-content\">\n<p><span class=\"body-title\">Mir\u00e1 tambi\u00e9n<\/span><\/p>\n<h3>El truco de limpieza que usan en el Palacio de Buckingham: deja las toallas relucientes y esponjosas<\/h3>\n<source media=\"(min-width: 975px)\" width=\"340\" height=\"340\" \/><img alt=\"El truco de limpieza que usan en el Palacio de Buckingham: deja las toallas relucientes y esponjosas\" loading=\"eager\" width=\"340\" height=\"340\" decoding=\"async\" data-nimg=\"1\" style=\"color:transparent\" src=\"https:\/\/13.com.ar\/wp-content\/uploads\/2025\/08\/1754446738_676_Cuales-son-los-6-pilares-de-la-autoestima-segun-un.jpg\"\/><\/div>\n<\/div>\n<\/div>\n<div class=\"sc-4306f4f9-0 bAPCpp\">\n<div class=\"inner-card-m\">\n<div class=\"related-content\">\n<p><span class=\"body-title\">Mir\u00e1 tambi\u00e9n<\/span><\/p>\n<h3>5 combinaciones de flores y colores para dise\u00f1ar un jard\u00edn de revista<\/h3>\n<source media=\"(min-width: 975px)\" width=\"340\" height=\"340\" \/><img alt=\"5 combinaciones de flores y colores para dise\u00f1ar un jard\u00edn de revista\" loading=\"eager\" width=\"340\" height=\"340\" decoding=\"async\" data-nimg=\"1\" style=\"color:transparent\" src=\"https:\/\/13.com.ar\/wp-content\/uploads\/2025\/08\/1754446738_298_Cuales-son-los-6-pilares-de-la-autoestima-segun-un.jpg\"\/><\/div>\n<\/div>\n<\/div>\n<\/div>\n<p><br \/>\n<br \/><a href=\"https:\/\/www.clarin.com\/informacion-general\/6-pilares-autoestima-famoso-psicoterapeuta_0_Iz3poWsZi6.html\">Fuente Clarin.com <\/a><\/p>\n","protected":false},"excerpt":{"rendered":"<p>No hace falta estar en crisis para trabajar la autoestima. De hecho, construir una imagen s\u00f3lida y realista de uno mismo es una de las claves para tomar mejores decisiones, poner l\u00edmites y sentirnos c\u00f3modos en nuestra propia piel. As\u00ed lo sosten\u00eda Nathaniel Branden, un psicoterapeuta canadiense que dedic\u00f3 su vida a estudiar qu\u00e9 nos [&hellip;]<\/p>\n","protected":false},"author":1,"featured_media":48604,"comment_status":"open","ping_status":"open","sticky":false,"template":"","format":"standard","meta":{"footnotes":""},"categories":[2],"tags":[9329,224,2407,28,20259,25501,227,406],"class_list":["post-48603","post","type-post","status-publish","format-standard","has-post-thumbnail","hentry","category-ultimas-noticias","tag-autoestima","tag-cuales","tag-famoso","tag-los","tag-pilares","tag-psicoterapeuta","tag-segun","tag-son"],"_links":{"self":[{"href":"https:\/\/13.com.ar\/index.php\/wp-json\/wp\/v2\/posts\/48603","targetHints":{"allow":["GET"]}}],"collection":[{"href":"https:\/\/13.com.ar\/index.php\/wp-json\/wp\/v2\/posts"}],"about":[{"href":"https:\/\/13.com.ar\/index.php\/wp-json\/wp\/v2\/types\/post"}],"author":[{"embeddable":true,"href":"https:\/\/13.com.ar\/index.php\/wp-json\/wp\/v2\/users\/1"}],"replies":[{"embeddable":true,"href":"https:\/\/13.com.ar\/index.php\/wp-json\/wp\/v2\/comments?post=48603"}],"version-history":[{"count":0,"href":"https:\/\/13.com.ar\/index.php\/wp-json\/wp\/v2\/posts\/48603\/revisions"}],"wp:featuredmedia":[{"embeddable":true,"href":"https:\/\/13.com.ar\/index.php\/wp-json\/wp\/v2\/media\/48604"}],"wp:attachment":[{"href":"https:\/\/13.com.ar\/index.php\/wp-json\/wp\/v2\/media?parent=48603"}],"wp:term":[{"taxonomy":"category","embeddable":true,"href":"https:\/\/13.com.ar\/index.php\/wp-json\/wp\/v2\/categories?post=48603"},{"taxonomy":"post_tag","embeddable":true,"href":"https:\/\/13.com.ar\/index.php\/wp-json\/wp\/v2\/tags?post=48603"}],"curies":[{"name":"wp","href":"https:\/\/api.w.org\/{rel}","templated":true}]}}