{"id":48477,"date":"2025-08-05T17:16:02","date_gmt":"2025-08-05T20:16:02","guid":{"rendered":"https:\/\/13.com.ar\/index.php\/el-futbolista-del-arsenal-al-que-los-socios-del-villarreal-de-espana-se-niegan-a-recibir-como-refuerzo\/"},"modified":"2025-08-05T17:16:02","modified_gmt":"2025-08-05T20:16:02","slug":"el-futbolista-del-arsenal-al-que-los-socios-del-villarreal-de-espana-se-niegan-a-recibir-como-refuerzo","status":"publish","type":"post","link":"https:\/\/13.com.ar\/index.php\/el-futbolista-del-arsenal-al-que-los-socios-del-villarreal-de-espana-se-niegan-a-recibir-como-refuerzo\/","title":{"rendered":"el futbolista del Arsenal al que los socios del Villarreal de Espa\u00f1a se niegan a recibir como refuerzo"},"content":{"rendered":"<p> <br \/>\n<br \/><img decoding=\"async\" src=\"https:\/\/13.com.ar\/wp-content\/uploads\/2025\/08\/el-futbolista-del-Arsenal-al-que-los-socios-del-Villarreal.jpg\" \/><\/p>\n<div id=\"element-body-0\">\n<p>\u201c#NoAThomasPartey\u201d. As\u00ed, con ese hashtags, los hinchas y socios de <strong>Villarreal de Espa\u00f1a<\/strong>, aquel c\u00e9lebre equipo que conoci\u00f3 d\u00edas de gloria con <strong>Juan Rom\u00e1n Riquelme<\/strong>, buscan impedir la llegada como refuerzo del ghan\u00e9s <strong>Thomas Partey<\/strong>, (ex <strong>Arsenal <\/strong>y<strong> Atl\u00e9tico de Madrid<\/strong>, entre otros) acusado de tres cargos de <strong>violaci\u00f3n <\/strong>contra una de las presunta v\u00edctima, dos contra una segunda, m\u00e1s un cargo de <strong>agresi\u00f3n sexual<\/strong> contra una tercera denunciante. Los hechos presuntamente sucedieron entre 2021 y 2022, por los que ser\u00e1 juzgado el pr\u00f3ximo 2 de septiembre.<\/p>\n<\/div>\n<div id=\"element-body-1\">\n<p>La noticia de este martes es que Partey fue puesto en libertad condicional tras comparecer en el Tribunal de Magistrados de Westminster. El jugador lleva siendo investigado<strong> desde hace dos a\u00f1os y medio<\/strong>, aunque las denuncias se hicieron p\u00fablicas el pasado 4 de julio, cuatro d\u00edas despu\u00e9s de terminar su contrato con el Arsenal.<\/p>\n<\/div>\n<div id=\"element-body-2\">\n<p>El futbolista neg\u00f3 todas las acusaciones y las condiciones de su <strong>fianza <\/strong>incluyen no contactar a ninguna de los tres denunciantes, adem\u00e1s de notificar a la polic\u00eda cualquier cambio de direcci\u00f3n con tres d\u00edas de anticipaci\u00f3n. Ahora, su caso se ha transferido a un tribunal de la Corona para su pr\u00f3ximo juicio, el 2 de septiembre en Old Bailey, el tribunal penal central de Inglaterra y Gales.<\/p>\n<\/div>\n<div id=\"element-body-3\">\n<p>\u201cThomas Partey niega todos los cargos contra \u00e9l. Ha cooperado plenamente con la polic\u00eda y la Fiscal\u00eda durante los tres a\u00f1os de investigaci\u00f3n . Ahora agradece la oportunidad de finalmente limpiar su nombre. Dado que hay procedimientos legales en curso, mi cliente no puede hacer m\u00e1s comentarios\u201d, explic\u00f3 <strong>Jenny Wiltshire<\/strong>, abogada del africano.<\/p>\n<\/div>\n<div id=\"element-body-4\">\n<blockquote class=\"twitter-tweet\">\n<p lang=\"en\" dir=\"ltr\">Say NO to Thomas Partey at Villarreal!<\/p>\n<p>Please sign this petition to voice your disapproval of Thomas Partey&#8217;s signing for Villarreal. It only takes a minute of your time to let it be known that we don&#8217;t want an alleged abuser at our club.<a rel=\"nofollow\" target=\"_blank\" href=\"https:\/\/twitter.com\/hashtag\/NoAThomasPartey?src=hash&amp;ref_src=twsrc%5Etfw\">#NoAThomasPartey<\/a>https:\/\/t.co\/yBLOp9P77t<\/p>\n<p>\u2014 Villarreal Report (@Villarreal_Rep) <a rel=\"nofollow\" target=\"_blank\" href=\"https:\/\/twitter.com\/Villarreal_Rep\/status\/1952481846237004282?ref_src=twsrc%5Etfw\">August 4, 2025<\/a><\/p><\/blockquote>\n<\/div>\n<div id=\"element-body-5\">\n<p>Vale destacar que en Reino Unido la violaci\u00f3n es un delito grave y suele conllevar penas de prisi\u00f3n de cuatro a\u00f1os a cadena perpetua, dependiendo de la gravedad de los hechos.<\/p>\n<\/div>\n<div id=\"element-body-6\">\n<p>Partey, de 32 a\u00f1os e internacional con Ghana, lleg\u00f3 al Arsenal en 2020 procedente del Atl\u00e9tico de Madrid a cambio de <strong>50 millones de euros<\/strong> y ha sido un titular habitual en el equipo de <strong>Mikel Arteta<\/strong>. No renov\u00f3 contrato con el elenco de Londres y qued\u00f3 libre. Ahora tiene todo arreglado para llegar a Villarreal. Pero los hinchas pusieron el grito en el cielo y con tal de impedirlo comenzaron una feroz campa\u00f1a en redes sociales.<\/p>\n<\/div>\n<div id=\"element-body-7\">\n<p>Los simpatizantes del Submarino Amarillo (club donde brillaron Riquelme, Rodolfo Arruebarrena, Diego Cagna, Gonzalo Rodr\u00edguez, Giovani Lo Celso, Juan Pablo Sor\u00edn y muchos argentinos m\u00e1s) est\u00e1n juntando firmas en diferentes p\u00e1ginas, adem\u00e1s instan a llenar de reclamos los canales oficiales del club. El hashtags \u201c#NoAThomasPartey\u201d circula hace un par de d\u00edas. Mientras, los dirigentes del conjunto espa\u00f1ol siguen firme en su postura de incorporar al futbolista.<\/p>\n<\/div>\n<div id=\"element-body-8\">\n<p>\u00bfImpedir\u00e1n los hinchas espa\u00f1oles la contrataci\u00f3n del controvertido Partey?<\/p>\n<\/div>\n<p><script async src=\"\/\/platform.twitter.com\/widgets.js\" charset=\"utf-8\"><\/script><br \/>\n<br \/><br \/>\n<br \/><a href=\"https:\/\/www.clarin.com\/deportes\/thomas-partey-futbolista-arsenal-socios-villarreal-espana-niegan-recibir-refuerzo_0_nUCbGQzmYI.html\">Fuente Clarin.com <\/a><\/p>\n","protected":false},"excerpt":{"rendered":"<p>\u201c#NoAThomasPartey\u201d. As\u00ed, con ese hashtags, los hinchas y socios de Villarreal de Espa\u00f1a, aquel c\u00e9lebre equipo que conoci\u00f3 d\u00edas de gloria con Juan Rom\u00e1n Riquelme, buscan impedir la llegada como refuerzo del ghan\u00e9s Thomas Partey, (ex Arsenal y Atl\u00e9tico de Madrid, entre otros) acusado de tres cargos de violaci\u00f3n contra una de las presunta v\u00edctima, [&hellip;]<\/p>\n","protected":false},"author":1,"featured_media":48478,"comment_status":"open","ping_status":"open","sticky":false,"template":"","format":"standard","meta":{"footnotes":""},"categories":[2],"tags":[7653,66,100,2785,3748,28,6091,1907,458,6683,25468],"class_list":["post-48477","post","type-post","status-publish","format-standard","has-post-thumbnail","hentry","category-ultimas-noticias","tag-arsenal","tag-como","tag-del","tag-espana","tag-futbolista","tag-los","tag-niegan","tag-recibir","tag-refuerzo","tag-socios","tag-villarreal"],"_links":{"self":[{"href":"https:\/\/13.com.ar\/index.php\/wp-json\/wp\/v2\/posts\/48477","targetHints":{"allow":["GET"]}}],"collection":[{"href":"https:\/\/13.com.ar\/index.php\/wp-json\/wp\/v2\/posts"}],"about":[{"href":"https:\/\/13.com.ar\/index.php\/wp-json\/wp\/v2\/types\/post"}],"author":[{"embeddable":true,"href":"https:\/\/13.com.ar\/index.php\/wp-json\/wp\/v2\/users\/1"}],"replies":[{"embeddable":true,"href":"https:\/\/13.com.ar\/index.php\/wp-json\/wp\/v2\/comments?post=48477"}],"version-history":[{"count":0,"href":"https:\/\/13.com.ar\/index.php\/wp-json\/wp\/v2\/posts\/48477\/revisions"}],"wp:featuredmedia":[{"embeddable":true,"href":"https:\/\/13.com.ar\/index.php\/wp-json\/wp\/v2\/media\/48478"}],"wp:attachment":[{"href":"https:\/\/13.com.ar\/index.php\/wp-json\/wp\/v2\/media?parent=48477"}],"wp:term":[{"taxonomy":"category","embeddable":true,"href":"https:\/\/13.com.ar\/index.php\/wp-json\/wp\/v2\/categories?post=48477"},{"taxonomy":"post_tag","embeddable":true,"href":"https:\/\/13.com.ar\/index.php\/wp-json\/wp\/v2\/tags?post=48477"}],"curies":[{"name":"wp","href":"https:\/\/api.w.org\/{rel}","templated":true}]}}