{"id":48473,"date":"2025-08-05T16:52:00","date_gmt":"2025-08-05T19:52:00","guid":{"rendered":"https:\/\/13.com.ar\/index.php\/crecen-las-ferias-a-precios-increibles-que-compiten-con-la-salada-y-el-mercado-central\/"},"modified":"2025-08-05T16:52:00","modified_gmt":"2025-08-05T19:52:00","slug":"crecen-las-ferias-a-precios-increibles-que-compiten-con-la-salada-y-el-mercado-central","status":"publish","type":"post","link":"https:\/\/13.com.ar\/index.php\/crecen-las-ferias-a-precios-increibles-que-compiten-con-la-salada-y-el-mercado-central\/","title":{"rendered":"Crecen las ferias a precios incre\u00edbles que compiten con La Salada y el Mercado Central"},"content":{"rendered":"<p> <br \/>\n<br \/><img decoding=\"async\" src=\"https:\/\/13.com.ar\/wp-content\/uploads\/2025\/08\/Crecen-las-ferias-a-precios-increibles-que-compiten-con-La.jpg\" \/><\/p>\n<div id=\"element-body-0\">\n<p>El cierre de la feria<strong> La Salada<\/strong>, que se extendi\u00f3 por tres semanas y dej\u00f3 en suspenso la econom\u00eda de miles de personas, hizo aparecer y crecer <strong>otros puntos de venta <\/strong>de productos a bajos precios. Si bien los principales competidores de la mega feria ubicada en Ingeniero Budge son La Gran Dulce, del lado de La Matanza, y la avenida Avellaneda, en el barrio porte\u00f1o de Flores, en distintos puntos del conurbano sur <strong>vienen aumentando con fuerza las feria barriales.<\/strong><\/p>\n<\/div>\n<div id=\"element-body-1\">\n<p>Durante el tiempo que La Salada estuvo cerrada, muchos se volcaron a ellas, evidenciando que hay una gran <strong>demanda de productos<\/strong> que, en muchos casos, se utilizan para la reventa, pero en otros tantos son estrategias para hacer frente a la crisis econ\u00f3mica.<\/p>\n<\/div>\n<div id=\"element-body-2\">\n<p>Los tres rubros principales de estos lugares son <strong>indumentaria, bazar y verduler\u00eda<\/strong>. Los outlets son cada vez m\u00e1s grandes, organizados y suelen abrir muy temprano a la ma\u00f1ana, por lo que desde la madrugada la gente hace fila para entrar primero, tal como pasa en La Salada, aunque en una proporci\u00f3n algo menor. El eje rector de estos comercios es que los precios no tienen competencia: a veces ofrecen cosas a la mitad de precio que en cualquier otro lugar. <\/p>\n<\/div>\n<div id=\"element-body-3\">\n<p>Y no son solo ferias de manteros de aspecto precario en las calles barriales, tambi\u00e9n las hay en galer\u00edas y galpones de gran concurrencia. En los barrios ya se empez\u00f3 a correr la voz y en los \u00faltimos meses fueron creciendo mucho. &#8220;Prefiero la feria de mi barrio antes que la Salada porque <strong>los precios al final son casi los mismos<\/strong>, pero no hay tanta cantidad de gente&#8221;, cuenta Liliana, vecina de Longchamps.<\/p>\n<\/div>\n<div id=\"element-body-4\">\n<p>Algunos de los puntos m\u00e1s florecientes de estos rubros son, por ejemplo, en barrio Don Orione de Claypole (Almirante Brown), donde se vende ropa de todo tipo a valores muy bajos en <strong>Avenida Per\u00f3n y R\u00edo Carcara\u00f1\u00e1<\/strong>.<\/p>\n<\/div>\n<div id=\"element-body-6\">\n<p> Tambi\u00e9n en la misma l\u00ednea, pero sumando otros rubros, est\u00e1 la<strong> feria de San Francisco Solano<\/strong>, que tiene much\u00edsima oferta de ropa barata y que sirve de punto de encuentro para comerciantes minoristas que se abastecen ah\u00ed. Comienza en la Avenida Teniente General Donato \u00c1lvarez y Avenida San Mart\u00edn, y sigue por unas diez cuadras. Los puesteros coinciden en que la indumentaria deportiva es lo que m\u00e1s se vende \u00faltimamente, ya que compiten directamente con los precios de los negocios de ropa, que dispararon sus precios en los \u00faltimos meses.<\/p>\n<\/div>\n<div id=\"element-body-7\">\n<p>Otro punto clave para vestirse por muy poco dinero en zona sur son las que se hacen los <strong>fines de semana en el centro de Glew<\/strong>, cerca de la estaci\u00f3n Florencio Varela y en las cercan\u00edas del ferrocarril a la altura de Claypole. <\/p>\n<\/div>\n<div id=\"element-body-8\">\n<p>&#8220;Cuando fue el cierre de La Salada se not\u00f3 un aumento exponencial de estas ferias y muchos empezaron a ver que se pod\u00edan seguir desarrollando ferias alternativas en otros puntos como \u00e9ste, porque lo que m\u00e1s busca la gente es vestir a su familia por valores accesibles&#8221;, cuenta Mart\u00edn, un vendedor de la zona.<\/p>\n<\/div>\n<div id=\"element-body-9\">\n<p>En tiempos de redes sociales, los videos virales ayudan mucho a hacer conocidos lugares de los que hasta hace poco s\u00f3lo sab\u00edan su existencia vecinos de la zona. Y, en lo que respecta al rubro bazar que tambi\u00e9n es muy buscado, el a\u00f1o pasado se hizo famoso <strong>un bazar supuestamente &#8220;oculto&#8221; en Banfield<\/strong> que hasta vend\u00eda productos por $100. Lo difundi\u00f3 la TikToker @chuli.maiso y a partir de entonces es un punto imperdible para buscadores de precios. <\/p>\n<\/div>\n<div id=\"element-body-10\">\n<p>En el video, la usuaria contaba que hab\u00eda encontrado mates de madera con escudos de f\u00fatbol por un valor de 1.200 pesos, vasos de pl\u00e1stico a 530 pesos, palas por 540 pesos, espejos por 4.450 pesos y frascos de vidrio por 2.300. Aunque no son productos de primera necesidad, s\u00ed resultan claves para quienes, como en La Salada, buscan art\u00edculos sumamente baratos para revender y sacar buena ganancia.<\/p>\n<\/div>\n<div id=\"element-body-12\">\n<p>Otro rubro muy buscado por los vecinos es el alimenticio, siguiendo un poco la l\u00ednea de lo que propone el Mercado Central y espec\u00edficamente hay un punto de venta de verduras que se hizo viral \u00faltimamente: <strong>La Nueva Luna<\/strong>, en Avenida Eva Per\u00f3n 274, partido de Presidente Per\u00f3n. El lugar, a poco metros de la estaci\u00f3n Guernica, se hizo muy conocido en zona sur, pero ya aparecieron opciones similares en la regi\u00f3n. <\/p>\n<\/div>\n<div id=\"element-body-13\">\n<p>En Almirante Segu\u00ed al 1801, Llavallol, hay una feria similar y una tercera abri\u00f3 en Capit\u00e1n Moyano 3175, Luis Guill\u00f3n, partido de Esteban Echeverr\u00eda. &#8220;Promocionan dos kilos de bananas a $2.000; una horma de queso cremoso desde $5.500 y si gast\u00e1s m\u00e1s de $30.000, una bolsa de papas de regalo&#8221;, publican en el diario local InfoRegi\u00f3n.<\/p>\n<\/div>\n<div id=\"element-body-14\">\n<p>El nivel de convocatoria es tan importante, que la apuesta se repite en otros distritos, siempre con la idea de vender alimentos a precios m\u00e1s bajos que en cualquier otro negocio de cercan\u00eda. El Progreso, en la avenida Monteverde al 2100, Burzaco sigue en esta l\u00ednea y se espera que otros tambi\u00e9n hagan su aparici\u00f3n en Ezeiza y Avellaneda. <\/p>\n<\/div>\n<p><br \/>\n<br \/><a href=\"https:\/\/www.clarin.com\/zonales\/crecen-ferias-precios-increibles-compiten-salada-mercado-central_0_mTUfqlQANK.html\">Fuente Clarin.com <\/a><\/p>\n","protected":false},"excerpt":{"rendered":"<p>El cierre de la feria La Salada, que se extendi\u00f3 por tres semanas y dej\u00f3 en suspenso la econom\u00eda de miles de personas, hizo aparecer y crecer otros puntos de venta de productos a bajos precios. Si bien los principales competidores de la mega feria ubicada en Ingeniero Budge son La Gran Dulce, del lado [&hellip;]<\/p>\n","protected":false},"author":1,"featured_media":48474,"comment_status":"open","ping_status":"open","sticky":false,"template":"","format":"standard","meta":{"footnotes":""},"categories":[2],"tags":[1958,6132,18,5111,3610,6868,48,1955,1064,17017],"class_list":["post-48473","post","type-post","status-publish","format-standard","has-post-thumbnail","hentry","category-ultimas-noticias","tag-central","tag-compiten","tag-con","tag-crecen","tag-ferias","tag-increibles","tag-las","tag-mercado","tag-precios","tag-salada"],"_links":{"self":[{"href":"https:\/\/13.com.ar\/index.php\/wp-json\/wp\/v2\/posts\/48473","targetHints":{"allow":["GET"]}}],"collection":[{"href":"https:\/\/13.com.ar\/index.php\/wp-json\/wp\/v2\/posts"}],"about":[{"href":"https:\/\/13.com.ar\/index.php\/wp-json\/wp\/v2\/types\/post"}],"author":[{"embeddable":true,"href":"https:\/\/13.com.ar\/index.php\/wp-json\/wp\/v2\/users\/1"}],"replies":[{"embeddable":true,"href":"https:\/\/13.com.ar\/index.php\/wp-json\/wp\/v2\/comments?post=48473"}],"version-history":[{"count":0,"href":"https:\/\/13.com.ar\/index.php\/wp-json\/wp\/v2\/posts\/48473\/revisions"}],"wp:featuredmedia":[{"embeddable":true,"href":"https:\/\/13.com.ar\/index.php\/wp-json\/wp\/v2\/media\/48474"}],"wp:attachment":[{"href":"https:\/\/13.com.ar\/index.php\/wp-json\/wp\/v2\/media?parent=48473"}],"wp:term":[{"taxonomy":"category","embeddable":true,"href":"https:\/\/13.com.ar\/index.php\/wp-json\/wp\/v2\/categories?post=48473"},{"taxonomy":"post_tag","embeddable":true,"href":"https:\/\/13.com.ar\/index.php\/wp-json\/wp\/v2\/tags?post=48473"}],"curies":[{"name":"wp","href":"https:\/\/api.w.org\/{rel}","templated":true}]}}