{"id":48469,"date":"2025-08-05T16:45:58","date_gmt":"2025-08-05T19:45:58","guid":{"rendered":"https:\/\/13.com.ar\/index.php\/todos-tienen-los-nervios-a-flor-de-piel\/"},"modified":"2025-08-05T16:45:58","modified_gmt":"2025-08-05T19:45:58","slug":"todos-tienen-los-nervios-a-flor-de-piel","status":"publish","type":"post","link":"https:\/\/13.com.ar\/index.php\/todos-tienen-los-nervios-a-flor-de-piel\/","title":{"rendered":"Todos tienen los nervios a flor de piel"},"content":{"rendered":"<p> <br \/>\n<br \/><img decoding=\"async\" src=\"https:\/\/13.com.ar\/wp-content\/uploads\/2025\/08\/Todos-tienen-los-nervios-a-flor-de-piel.jpg\" \/><\/p>\n<div id=\"element-body-0\">\n<p>El gobierno brasile\u00f1o estaba organizando una conversaci\u00f3n telef\u00f3nica<strong> entre Lula y Trump<\/strong> para los pr\u00f3ximos d\u00edas sobre los aranceles y esperaba que las negociaciones avanzaran. Pero el arresto domiciliario de Jair Bolsonaro, decidido el lunes por el magistrado Alexandre de Moraes, podr\u00eda afectar la reanudaci\u00f3n del di\u00e1logo.<\/p>\n<\/div>\n<div id=\"element-body-1\">\n<p>Corresponde al republicano habilitar los canales diplom\u00e1ticos para que ambos pa\u00edses reanuden las negociaciones, interrumpidas d\u00edas antes de que Trump <strong>condicionara la suspensi\u00f3n del <\/strong>arancel del 50 % a la interferencia del Poder Ejecutivo en el proceso judicial contra Bolsonaro. Ahora, fuentes del Gobierno consultadas por RFI alertan sobre <strong>el riesgo de agravamiento de la crisis <\/strong>y refuerzan que es momento de prestar atenci\u00f3n.<\/p>\n<\/div>\n<div id=\"element-body-2\">\n<p>En el sector productivo, el clima es de aprensi\u00f3n. Para el presidente de la Asociaci\u00f3n de Comercio Exterior de Brasil, Jos\u00e9 Augusto de Castro, todav\u00eda no hay luz al final del t\u00fanel.<\/p>\n<\/div>\n<div id=\"element-body-3\">\n<p>\u201cEste es <strong>un momento de hibernaci\u00f3n,<\/strong> porque cualquier chispa es capaz de hacer estallar el escenario en su conjunto. Todos tienen los nervios a flor de piel\u201d, afirm\u00f3.<\/p>\n<\/div>\n<div id=\"element-body-5\">\n<p>Castro explica que las empresas que quedaron fuera de la lista de exenciones del aumento arancelario <strong>enfrentan dificultades<\/strong> para encontrar nuevos mercados o precios competitivos como los que ten\u00edan en Estados Unidos.<\/p>\n<\/div>\n<div id=\"element-body-7\">\n<p>El presidente Lula deb\u00eda pronunciar este martes un discurso en defensa de la soberan\u00eda y la uni\u00f3n nacional durante la nueva edici\u00f3n del Consejo de Desarrollo Econ\u00f3mico y Social Sostenible, el llamado \u201cConselh\u00e3o\u201d. La reuni\u00f3n congrega a 155 participantes, entre ministros y representantes de diversos segmentos de la sociedad, que asesoran al Gobierno en la formulaci\u00f3n de pol\u00edticas p\u00fablicas.<\/p>\n<\/div>\n<div id=\"element-body-8\">\n<p>La reuni\u00f3n se celebra <strong>en v\u00edsperas de la entrada en vigor del arancel del 50 %<\/strong> sobre parte de las exportaciones brasile\u00f1as. El vicepresidente Geraldo Alckmin, responsable de las negociaciones con Estados Unidos y del di\u00e1logo con el sector productivo nacional, reforzar\u00e1 esta misma l\u00ednea en su discurso durante el evento.<\/p>\n<\/div>\n<div id=\"element-body-10\">\n<p>El lunes, Alckmin presidi\u00f3 la reuni\u00f3n del Consejo de Ministros de la C\u00e1mara de Comercio Exterior, que aprob\u00f3 una consulta a la Organizaci\u00f3n Mundial del Comercio (OMC) sobre el caso de los aranceles. La decisi\u00f3n final sobre <strong>c\u00f3mo y cu\u00e1ndo recurrir a la OMC <\/strong>corresponder\u00e1 al presidente Lula.<\/p>\n<\/div>\n<div id=\"element-body-11\">\n<p>El gobierno a\u00fan calcula los impactos del arancel anunciado por Trump. Seg\u00fan c\u00e1lculos oficiales,<strong> el 12,5 % de las exportaciones brasile\u00f1as tienen como destino Estados Unidos<\/strong>, y la subida de aranceles afectar\u00e1 al 35 % de ese total. La lista con<strong> 694 exenciones<\/strong> anunciada la semana pasada supuso cierto alivio, pero la decisi\u00f3n del ministro Alexandre de Moraes de <strong>decretar la detenci\u00f3n de Bolsonaro reaviv\u00f3 las tensiones <\/strong>y gener\u00f3 un nuevo clima de incertidumbre.<\/p>\n<\/div>\n<div id=\"element-body-13\">\n<p>Por ahora, los empresarios <strong>no quieren o\u00edr hablar de represalias<\/strong>, por temor a agravar a\u00fan m\u00e1s la situaci\u00f3n. Lo que esperan del gobierno es<strong> un plan de contingencia<\/strong>, actualmente en fase final de elaboraci\u00f3n, para apoyar a los sectores m\u00e1s afectados. Entre las medidas que se est\u00e1n estudiando se encuentran<strong> l\u00edneas de cr\u00e9dito<\/strong> con recursos del BNDES, acciones para el mantenimiento del empleo y cambios normativos para<strong> estimular el consumo interno<\/strong> de productos que antes se exportaban.<\/p>\n<\/div>\n<div id=\"element-body-14\">\n<p>El gobierno federal ya ha decidido dar prioridad a<strong> la compra de productos de la industria nacional <\/strong>para abastecer al Sistema \u00danico de Salud (SUS) y est\u00e1 estudiando <strong>hacer lo mismo con los alimentos.<\/strong><\/p>\n<\/div>\n<div id=\"element-body-15\">\n<p>Los empresarios que se reunieron con Alckmin solicitaron la ampliaci\u00f3n de la Ley Acredita Exportaci\u00f3n a las grandes empresas. El texto, en vigor desde el lunes, prev\u00e9 el reembolso del 3 % del valor exportado a las micro y peque\u00f1as empresas, mediante cr\u00e9ditos fiscales. Dado que esto tiene un impacto fiscal, el Gobierno a\u00fan est\u00e1 evaluando el costo de extender el beneficio a las empresas de mayor tama\u00f1o.<\/p>\n<\/div>\n<div id=\"element-body-17\">\n<p>Alckmin tambi\u00e9n afirm\u00f3 que el Ejecutivo est\u00e1 concentrando sus esfuerzos en<strong> abrir nuevos mercados<\/strong> para los productos brasile\u00f1os. Las negociaciones pol\u00edticas para que <strong>el Reino Unido y la Uni\u00f3n Europea<\/strong> vuelvan a comprar pescado de Brasil, un producto que se exportaba ampliamente a Estados Unidos y al que se le aplic\u00f3 un recargo del 50 %, <strong>se encuentran en su fase final.<\/strong><\/p>\n<\/div>\n<div id=\"element-body-18\">\n<p>El vicepresidente brasile\u00f1o volvi\u00f3 a criticar el porcentaje impuesto por Washington. Destac\u00f3 que ocho de cada diez productos exportados por Estados Unidos a Brasil tienen un <strong>impuesto cero<\/strong>, mientras que el arancel medio brasile\u00f1o sobre los productos estadounidenses es de solo el 2,7 %.<\/p>\n<\/div>\n<div id=\"element-body-19\">\n<p>Los nuevos aranceles estadounidenses entran en vigor a las 00:01 horas de este mi\u00e9rcoles.<\/p>\n<\/div>\n<p><br \/>\n<br \/><a href=\"https:\/\/www.clarin.com\/mundo\/empresarios-temerosos-brasil-detencion-bolsonaro-nervios-flor-piel_0_YYk5HyToUo.html\">Fuente Clarin.com <\/a><\/p>\n","protected":false},"excerpt":{"rendered":"<p>El gobierno brasile\u00f1o estaba organizando una conversaci\u00f3n telef\u00f3nica entre Lula y Trump para los pr\u00f3ximos d\u00edas sobre los aranceles y esperaba que las negociaciones avanzaran. Pero el arresto domiciliario de Jair Bolsonaro, decidido el lunes por el magistrado Alexandre de Moraes, podr\u00eda afectar la reanudaci\u00f3n del di\u00e1logo. Corresponde al republicano habilitar los canales diplom\u00e1ticos para [&hellip;]<\/p>\n","protected":false},"author":1,"featured_media":48470,"comment_status":"open","ping_status":"open","sticky":false,"template":"","format":"standard","meta":{"footnotes":""},"categories":[2],"tags":[5545,28,3703,2559,225,923],"class_list":["post-48469","post","type-post","status-publish","format-standard","has-post-thumbnail","hentry","category-ultimas-noticias","tag-flor","tag-los","tag-nervios","tag-piel","tag-tienen","tag-todos"],"_links":{"self":[{"href":"https:\/\/13.com.ar\/index.php\/wp-json\/wp\/v2\/posts\/48469","targetHints":{"allow":["GET"]}}],"collection":[{"href":"https:\/\/13.com.ar\/index.php\/wp-json\/wp\/v2\/posts"}],"about":[{"href":"https:\/\/13.com.ar\/index.php\/wp-json\/wp\/v2\/types\/post"}],"author":[{"embeddable":true,"href":"https:\/\/13.com.ar\/index.php\/wp-json\/wp\/v2\/users\/1"}],"replies":[{"embeddable":true,"href":"https:\/\/13.com.ar\/index.php\/wp-json\/wp\/v2\/comments?post=48469"}],"version-history":[{"count":0,"href":"https:\/\/13.com.ar\/index.php\/wp-json\/wp\/v2\/posts\/48469\/revisions"}],"wp:featuredmedia":[{"embeddable":true,"href":"https:\/\/13.com.ar\/index.php\/wp-json\/wp\/v2\/media\/48470"}],"wp:attachment":[{"href":"https:\/\/13.com.ar\/index.php\/wp-json\/wp\/v2\/media?parent=48469"}],"wp:term":[{"taxonomy":"category","embeddable":true,"href":"https:\/\/13.com.ar\/index.php\/wp-json\/wp\/v2\/categories?post=48469"},{"taxonomy":"post_tag","embeddable":true,"href":"https:\/\/13.com.ar\/index.php\/wp-json\/wp\/v2\/tags?post=48469"}],"curies":[{"name":"wp","href":"https:\/\/api.w.org\/{rel}","templated":true}]}}