{"id":48465,"date":"2025-08-05T16:40:01","date_gmt":"2025-08-05T19:40:01","guid":{"rendered":"https:\/\/13.com.ar\/index.php\/cuando-es-y-donde-se-vera\/"},"modified":"2025-08-05T16:40:01","modified_gmt":"2025-08-05T19:40:01","slug":"cuando-es-y-donde-se-vera","status":"publish","type":"post","link":"https:\/\/13.com.ar\/index.php\/cuando-es-y-donde-se-vera\/","title":{"rendered":"cu\u00e1ndo es y d\u00f3nde se ver\u00e1"},"content":{"rendered":"<p> <br \/>\n<br \/><img decoding=\"async\" src=\"https:\/\/13.com.ar\/wp-content\/uploads\/2025\/08\/cuando-es-y-donde-se-vera.jpg\" \/><\/p>\n<div id=\"element-body-0\">\n<p>En este mes de <strong>agosto 2025<\/strong> que reci\u00e9n comienza, los amantes de la Astronom\u00eda estar\u00e1n de parabienes en <strong>todo el mundo<\/strong>. Es que habr\u00e1, al menos, <strong>tres eventos interesantes<\/strong> que los observadores del cielo nocturno no querr\u00e1n perderse.<\/p>\n<\/div>\n<div id=\"element-body-1\">\n<p>En especial, uno que tendr\u00e1 lugar el pr\u00f3ximo <strong>domingo 10<\/strong>, cuando podremos disfrutar de un evento celestial \u00fanico: la alineaci\u00f3n de seis planetas en el cielo.<\/p>\n<\/div>\n<div id=\"element-body-2\">\n<p>Este fen\u00f3meno permitir\u00e1 observar a<strong> Mercurio, J\u00fapiter, Venus, Urano, Neptuno y Saturno<\/strong> agrupados en el firmamento, creando un espect\u00e1culo visual que se espera con gran anticipaci\u00f3n.<\/p>\n<\/div>\n<div id=\"element-body-3\">\n<p>Este alineamiento planetario se dar\u00e1 a conocer como<strong> &#8220;parada planetaria&#8221;<\/strong>, un t\u00e9rmino que describe la <strong>aparici\u00f3n simult\u00e1nea de varios planetas en una misma porci\u00f3n del cielo<\/strong>. <\/p>\n<\/div>\n<div id=\"element-body-4\">\n<p>Cuatro de estos planetas ser\u00e1n f\u00e1cilmente reconocibles<strong> a simple vista<\/strong>, mientras que<strong> Urano y Neptuno<\/strong> requerir\u00e1n <strong>binoculares<\/strong> o un <strong>telescopio<\/strong> para ser admirados. <\/p>\n<\/div>\n<div id=\"element-body-5\">\n<p>Esta ser\u00e1 una oportunidad inigualable para ver seis planetas al mismo tiempo, algo que no se repetir\u00e1 hasta <strong>febrero de 2026<\/strong>.<\/p>\n<\/div>\n<p><h2>Precisiones sobre el alineamiento planetario del 10 de agosto 2025: cu\u00e1ndo y d\u00f3nde se ver\u00e1<\/h2>\n<\/p>\n<div id=\"element-body-8\">\n<p>Como dijimos, el alineamiento podr\u00e1 verse en todo el planeta. Comenzar\u00e1 por la ma\u00f1ana, aproximadamente una hora <strong>antes del amanecer<\/strong>.<\/p>\n<\/div>\n<div id=\"element-body-9\">\n<p><strong>Mercurio<\/strong> ser\u00e1 el primero en aparecer, seguido de <strong>Venus y J\u00fapiter<\/strong>. <strong>Saturno, Urano y Neptuno<\/strong> se ubicar\u00e1n un poco m\u00e1s alto en el cielo. Se recomienda encontrar un lugar con poca contaminaci\u00f3n lum\u00ednica y una vista clara del horizonte para disfrutar de este fen\u00f3meno astron\u00f3mico.<\/p>\n<\/div>\n<div id=\"element-body-10\">\n<p>La aplicaci\u00f3n gratuita <em>Star Walk 2<\/em> ofrece una herramienta \u00fatil llamada <strong>&#8220;Planet Walk&#8221;<\/strong>, que permitir\u00e1 a los observadores ver c\u00f3mo se alinear\u00e1n los planetas desde su ubicaci\u00f3n espec\u00edfica. Esto facilita la identificaci\u00f3n de cada uno de ellos y mejora la experiencia de observaci\u00f3n.<\/p>\n<\/div>\n<div id=\"element-body-15\">\n<p>La alineaci\u00f3n planetaria coincidir\u00e1 con la<strong> Luna llena de Esturi\u00f3n<\/strong>, que alcanzar\u00e1 su mayor brillo el 9 de agosto. Esta Luna es conocida por su tama\u00f1o y luminosidad, lo que la convierte en un atractivo adicional para quienes observan el cielo. Sin embargo, su brillo podr\u00eda dificultar la observaci\u00f3n de Neptuno, que es m\u00e1s tenue.<\/p>\n<\/div>\n<div id=\"element-body-16\">\n<p>Adem\u00e1s, durante este mes se podr\u00e1 disfrutar de la <strong>lluvia de meteoros Perseidas<\/strong>, que alcanzar\u00e1 su pico entre el 12 y el 13 de agosto. Este fen\u00f3meno tambi\u00e9n contribuir\u00e1 a la magia del cielo estrellado, permitiendo observar &#8220;estrellas fugaces&#8221; mientras se contemplan los planetas alineados.<\/p>\n<\/div>\n<div id=\"element-body-18\">\n<p>Para aprovechar al m\u00e1ximo la experiencia de este alineamiento, se recomienda:<\/p>\n<\/div>\n<div id=\"element-body-20\">\n<p>La observaci\u00f3n de alineamientos planetarios es un momento para conectarse con el <strong>cosmos<\/strong> y apreciar la<strong> inmensidad del espacio<\/strong>. Este evento no solo es un espect\u00e1culo visual, sino que tambi\u00e9n invita a la reflexi\u00f3n sobre nuestro lugar en el universo.<\/p>\n<\/div>\n<div id=\"element-body-22\">\n<p>En conclusi\u00f3n, la<strong> alineaci\u00f3n de seis planetas<\/strong> el 10 de agosto de 2025 es un evento que no se debe perder. Como adelantamos, con la combinaci\u00f3n de la <strong>Luna llena<\/strong> y la <strong>lluvia de meteoros Perseidas<\/strong>, agosto se perfila como un mes excepcional para los aficionados a la astronom\u00eda. <\/p>\n<\/div>\n<div id=\"element-body-23\">\n<p>Con la preparaci\u00f3n adecuada y un poco de paciencia, el cielo ofrecer\u00e1 un espect\u00e1culo memorable que quedar\u00e1 grabado en la memoria de quienes se atrevan a mirar hacia arriba.<\/p>\n<\/div>\n<p><br \/>\n<br \/><a href=\"https:\/\/www.clarin.com\/internacional\/alineacion-planetaria-agosto-2025-vera_0_hN28EDO0Ce.html\">Fuente Clarin.com <\/a><\/p>\n","protected":false},"excerpt":{"rendered":"<p>En este mes de agosto 2025 que reci\u00e9n comienza, los amantes de la Astronom\u00eda estar\u00e1n de parabienes en todo el mundo. Es que habr\u00e1, al menos, tres eventos interesantes que los observadores del cielo nocturno no querr\u00e1n perderse. En especial, uno que tendr\u00e1 lugar el pr\u00f3ximo domingo 10, cuando podremos disfrutar de un evento celestial [&hellip;]<\/p>\n","protected":false},"author":1,"featured_media":48466,"comment_status":"open","ping_status":"open","sticky":false,"template":"","format":"standard","meta":{"footnotes":""},"categories":[2],"tags":[677,743,9855],"class_list":["post-48465","post","type-post","status-publish","format-standard","has-post-thumbnail","hentry","category-ultimas-noticias","tag-cuando","tag-donde","tag-vera"],"_links":{"self":[{"href":"https:\/\/13.com.ar\/index.php\/wp-json\/wp\/v2\/posts\/48465","targetHints":{"allow":["GET"]}}],"collection":[{"href":"https:\/\/13.com.ar\/index.php\/wp-json\/wp\/v2\/posts"}],"about":[{"href":"https:\/\/13.com.ar\/index.php\/wp-json\/wp\/v2\/types\/post"}],"author":[{"embeddable":true,"href":"https:\/\/13.com.ar\/index.php\/wp-json\/wp\/v2\/users\/1"}],"replies":[{"embeddable":true,"href":"https:\/\/13.com.ar\/index.php\/wp-json\/wp\/v2\/comments?post=48465"}],"version-history":[{"count":0,"href":"https:\/\/13.com.ar\/index.php\/wp-json\/wp\/v2\/posts\/48465\/revisions"}],"wp:featuredmedia":[{"embeddable":true,"href":"https:\/\/13.com.ar\/index.php\/wp-json\/wp\/v2\/media\/48466"}],"wp:attachment":[{"href":"https:\/\/13.com.ar\/index.php\/wp-json\/wp\/v2\/media?parent=48465"}],"wp:term":[{"taxonomy":"category","embeddable":true,"href":"https:\/\/13.com.ar\/index.php\/wp-json\/wp\/v2\/categories?post=48465"},{"taxonomy":"post_tag","embeddable":true,"href":"https:\/\/13.com.ar\/index.php\/wp-json\/wp\/v2\/tags?post=48465"}],"curies":[{"name":"wp","href":"https:\/\/api.w.org\/{rel}","templated":true}]}}