{"id":48463,"date":"2025-08-05T16:36:57","date_gmt":"2025-08-05T19:36:57","guid":{"rendered":"https:\/\/13.com.ar\/index.php\/no-me-siento-un-influencer\/"},"modified":"2025-08-05T16:36:57","modified_gmt":"2025-08-05T19:36:57","slug":"no-me-siento-un-influencer","status":"publish","type":"post","link":"https:\/\/13.com.ar\/index.php\/no-me-siento-un-influencer\/","title":{"rendered":"No me siento un influencer"},"content":{"rendered":"<p> <br \/>\n<br \/><img decoding=\"async\" src=\"https:\/\/13.com.ar\/wp-content\/uploads\/2025\/08\/No-me-siento-un-influencer.jpg\" \/><\/p>\n<div id=\"element-body-0\">\n<p>Eduardo Mangiarotti tiene 46 a\u00f1os, es sacerdote diosesano desde hace casi dos d\u00e9cadas y hace tres a\u00f1os que est\u00e1 a cargo de la parroquia San Gabriel de la Dolorosa, en<strong> Vicente L\u00f3pez<\/strong>. Adem\u00e1s de su labor pastoral, en plena pandemia decidi\u00f3 abrir un espacio distinto, un taller de espiritualidad llamado La Br\u00fajula, que tambi\u00e9n le dio nombre a su podcast. \u201cNaci\u00f3 medio por pura casualidad\u201d, recuerda sonriente. Y detr\u00e1s de esa causa el efecto es una comunidad que hoy, cinco a\u00f1os despu\u00e9s, sigue creciendo.<\/p>\n<\/div>\n<div id=\"element-body-1\">\n<p>\u201cLa Br\u00fajula, como un mont\u00f3n de cosas en mi vida, naci\u00f3 medio de pura casualidad\u201d, cuenta el <strong>padre Edu<\/strong>, como lo llama la mayor\u00eda. En esos d\u00edas de \u201cvivos infinitos y talleres online de todo\u201d, un amigo le pidi\u00f3 que armara algo para \u201cgente grande que est\u00e1 replante\u00e1ndose cosas de la fe\u201d. As\u00ed empez\u00f3 como un peque\u00f1o taller sobre la fe, la esperanza y la caridad, y pronto se fue ampliando. \u201cDespu\u00e9s de eso se conecto much\u00edsima gente, no solo gente grande, sino tambi\u00e9n much\u00edsimos j\u00f3venes. Propusieron hacer otro, hicimos uno sobre oraci\u00f3n, y as\u00ed fue tomando forma\u201d.<\/p>\n<\/div>\n<div id=\"element-body-2\">\n<p>El formato fue clave. \u201cMe parec\u00eda interesante que nadie sintiera que era un curso de seis meses o un a\u00f1o. Y as\u00ed hasta el d\u00eda de hoy contin\u00faa, ahora en septiembre el taller va a cumplir cinco a\u00f1os\u201d, comenta con humildad a pesar de los 16 mil seguidores que tiene en su cuenta de <strong>Instagram<\/strong>, @edumangia.<\/p>\n<\/div>\n<div id=\"element-body-4\">\n<p><strong>-Antes de La Br\u00fajula, \u00bfqu\u00e9 relaci\u00f3n tienes con el mundo digital y las redes?<\/strong><\/p>\n<\/div>\n<div id=\"element-body-5\">\n<p>-Siempre tuve mucha atracci\u00f3n por todo lo que tenga que ver con la comunicaci\u00f3n. Comenc\u00e9 a usar instagram en 2012, y en ese tiempo empec\u00e9 a estudiar fotograf\u00eda, as\u00ed que posteaba algunas fotos y textos. <\/p>\n<\/div>\n<div id=\"element-body-6\">\n<p><strong>-\u00bfQu\u00e9 te sorprendi\u00f3 m\u00e1s de la respuesta de la gente?<\/strong>\t<\/p>\n<\/div>\n<div id=\"element-body-7\">\n<p>-Lo que m\u00e1s me sorprende es que venga la gente. Todos los meses se anotan much\u00edsimas personas, muchas lo hacen asincr\u00f3nicamente, otras en vivo. Hay gente creyente, no creyente, cat\u00f3lica, de otras iglesias cristianas. Realmente de todo. Y lo que m\u00e1s me sorprende es esta b\u00fasqueda de espiritualidad muy fuerte y, por otro lado, una necesidad de comunidad. El taller busca que haya alg\u00fan tipo de compartida, y eso le da un tinte comunitario, aunque sea chiquito. Y eso me alegra un mont\u00f3n.<\/p>\n<\/div>\n<div id=\"element-body-8\">\n<p><strong>-\u00bfC\u00f3mo recibi\u00f3 tu comunidad parroquial o la di\u00f3cesis esta apuesta online?<\/strong><\/p>\n<\/div>\n<div id=\"element-body-9\">\n<p>-No son mundos que se superpongan del todo. La gente se entera porque alguien me sigue en instagram o porque alguien lo comenta, pero no es algo que publique mi parroquia. Igual, toda la gente que se entera lo disfruta.<\/p>\n<\/div>\n<div id=\"element-body-10\">\n<p><strong>-\u00bfC\u00f3mo logr\u00e1s equilibrar la profundidad de la fe con el lenguaje breve que exigen las redes?<\/strong><\/p>\n<\/div>\n<div id=\"element-body-11\">\n<p>-Creo que la profundidad no se ri\u00f1e con la simplicidad. Hay algo en lo popular que siempre va por ese lado. A veces hay una cosa un poco snob de pensar que para ser profundo tenes que ser muy sofisticado. Yo intento acercarme m\u00e1s a lo literario, sobre todo a las expresiones m\u00e1s sencillas, la poes\u00eda, ciertas formas de narrativa, eso me ayud\u00f3 a encontrar un lenguaje que llegue. Evito lo de demasiado t\u00e9cnico o acad\u00e9mico, aunque trato de estar bien fundamentado desde lo teol\u00f3gico y lo espiritual.<\/p>\n<\/div>\n<div id=\"element-body-13\">\n<p><strong>-\u00bfTe sent\u00eds un \u201cinfluencer espiritual\u201d?<\/strong><\/p>\n<\/div>\n<div id=\"element-body-14\">\n<p>-\u00a1No, me parece un mont\u00f3n! Influencers son gente con plataformas mucho m\u00e1s grandes que la m\u00eda. Tengo amigos influencers del mundo espiritual, cat\u00f3lico, hol\u00edstico o esot\u00e9rico y siento que mi plataforma es m\u00e1s chiquita.<\/p>\n<\/div>\n<div id=\"element-body-15\">\n<p><strong>-\u00bfY c\u00f3mo te llev\u00e1s con todo lo hol\u00edstico y esot\u00e9rico?<\/strong><\/p>\n<\/div>\n<div id=\"element-body-16\">\n<p>Se trata de sentarse y conversar, buscando puntos en com\u00fan y respetando lo que pueda haber de diferente. Hay mucho en com\u00fan en la b\u00fasqueda de una experiencia espiritual, en mirar la espiritualidad de manera m\u00e1s integral. Hay gente de ese mundo que tambi\u00e9n viene a charlar a la parroquia y para m\u00ed es un espacio de di\u00e1logo muy enriquecedor.<\/p>\n<\/div>\n<div id=\"element-body-17\">\n<p><strong>-\u00bfSentiste alg\u00fan tipo de resistencia para con las redes?<\/strong><\/p>\n<\/div>\n<div id=\"element-body-18\">\n<p>-Nunca sent\u00ed resistencia, porque tampoco lo vivo como algo tan estrat\u00e9gico. Voy haciendo lo que puedo y lo que quiero tambi\u00e9n. Me gusta cuidar lo est\u00e9tico porque siempre fui medio perfeccionista, pero estoy lejos de tener todo recontra pensado como en otras p\u00e1ginas.<\/p>\n<\/div>\n<div id=\"element-body-19\">\n<p><strong>-\u00bfLa Br\u00fajula cambi\u00f3 tu manera de ser sacerdote?<\/strong><\/p>\n<\/div>\n<div id=\"element-body-20\">\n<p>-No s\u00e9 si lo transform\u00f3, pero s\u00ed me dio un espacio para algo que me gusta mucho: conversar con gente que no es de iglesia. Me escribe gente de todo tipo, y eso me gusta. Siempre intento que las cosas vayan, en la medida de lo posible, a lo presencial y a lo personal.<\/p>\n<\/div>\n<div id=\"element-body-21\">\n<p>A cinco a\u00f1os de aquel taller nacido por la casualidad de una necesidad, Eduardo sigue apostando a un camino de di\u00e1logo y profundidad sencilla: \u201cCompartir algunas experiencias, a veces m\u00edas, a veces de otros, pero siempre desde lo personal, ayuda a conectar\u201d, resume. Y esa br\u00fajula, por ahora, sigue marcando el norte.<\/p>\n<\/div>\n<p><br \/>\n<br \/><a href=\"https:\/\/www.clarin.com\/zonales\/cura-empezo-podcast-volvio-reconocido-instagram-siento-influencer_0_hFbA8PYOk6.html\">Fuente Clarin.com <\/a><\/p>\n","protected":false},"excerpt":{"rendered":"<p>Eduardo Mangiarotti tiene 46 a\u00f1os, es sacerdote diosesano desde hace casi dos d\u00e9cadas y hace tres a\u00f1os que est\u00e1 a cargo de la parroquia San Gabriel de la Dolorosa, en Vicente L\u00f3pez. Adem\u00e1s de su labor pastoral, en plena pandemia decidi\u00f3 abrir un espacio distinto, un taller de espiritualidad llamado La Br\u00fajula, que tambi\u00e9n le [&hellip;]<\/p>\n","protected":false},"author":1,"featured_media":48464,"comment_status":"open","ping_status":"open","sticky":false,"template":"","format":"standard","meta":{"footnotes":""},"categories":[2],"tags":[4248,1108],"class_list":["post-48463","post","type-post","status-publish","format-standard","has-post-thumbnail","hentry","category-ultimas-noticias","tag-influencer","tag-siento"],"_links":{"self":[{"href":"https:\/\/13.com.ar\/index.php\/wp-json\/wp\/v2\/posts\/48463","targetHints":{"allow":["GET"]}}],"collection":[{"href":"https:\/\/13.com.ar\/index.php\/wp-json\/wp\/v2\/posts"}],"about":[{"href":"https:\/\/13.com.ar\/index.php\/wp-json\/wp\/v2\/types\/post"}],"author":[{"embeddable":true,"href":"https:\/\/13.com.ar\/index.php\/wp-json\/wp\/v2\/users\/1"}],"replies":[{"embeddable":true,"href":"https:\/\/13.com.ar\/index.php\/wp-json\/wp\/v2\/comments?post=48463"}],"version-history":[{"count":0,"href":"https:\/\/13.com.ar\/index.php\/wp-json\/wp\/v2\/posts\/48463\/revisions"}],"wp:featuredmedia":[{"embeddable":true,"href":"https:\/\/13.com.ar\/index.php\/wp-json\/wp\/v2\/media\/48464"}],"wp:attachment":[{"href":"https:\/\/13.com.ar\/index.php\/wp-json\/wp\/v2\/media?parent=48463"}],"wp:term":[{"taxonomy":"category","embeddable":true,"href":"https:\/\/13.com.ar\/index.php\/wp-json\/wp\/v2\/categories?post=48463"},{"taxonomy":"post_tag","embeddable":true,"href":"https:\/\/13.com.ar\/index.php\/wp-json\/wp\/v2\/tags?post=48463"}],"curies":[{"name":"wp","href":"https:\/\/api.w.org\/{rel}","templated":true}]}}