{"id":48460,"date":"2025-08-05T16:21:56","date_gmt":"2025-08-05T19:21:56","guid":{"rendered":"https:\/\/13.com.ar\/index.php\/ya-tiene-mas-del-60-del-mercado-de-combustible\/"},"modified":"2025-08-05T16:21:56","modified_gmt":"2025-08-05T19:21:56","slug":"ya-tiene-mas-del-60-del-mercado-de-combustible","status":"publish","type":"post","link":"https:\/\/13.com.ar\/index.php\/ya-tiene-mas-del-60-del-mercado-de-combustible\/","title":{"rendered":"ya tiene m\u00e1s del 60% del mercado de combustible"},"content":{"rendered":"<p> <br \/>\n<br \/><img decoding=\"async\" src=\"https:\/\/13.com.ar\/wp-content\/uploads\/2025\/06\/YPF-firmo-con-la-italiana-ENI-otro-acuerdo-para-hacer.jpg\" \/><\/p>\n<div id=\"element-body-0\">\n<p><strong>&#8220;Tenemos m\u00e1s del 60% del market share, el mayor de la historia&#8221;, <\/strong>dijo hoy el presidente y CEO de YPF, Horacio Mar\u00edn, en una presentaci\u00f3n durante el AmCham Energy Forum, organizado por la C\u00e1mara de Comercio de los Estados Unidos en Argentina.<\/p>\n<\/div>\n<div id=\"element-body-1\">\n<p>El ejecutivo expuso en el foro y sostuvo que la estrategia que viene implementando la compa\u00f1\u00eda, que baja los precios durante la madrugada, <strong>les permiti\u00f3 incrementar las ventas un 30%<\/strong>. <\/p>\n<\/div>\n<div id=\"element-body-2\">\n<p>Desde el 1 de julio la compa\u00f1\u00eda implementa un precio diferencial en todas las estaciones de servicios<strong> entre las 0 y las 6, con un descuento del 3%<\/strong> para quienes paguen con la aplicaci\u00f3n de la petrolera estatal.<\/p>\n<\/div>\n<div id=\"element-body-3\">\n<p>Desde el mes pasado, YPF dej\u00f3 de informar los aumentos de los combustibles. Con la implementaci\u00f3n de una tecnolog\u00eda que ahora emplea para segmentar los precios en sus surtidores seg\u00fan la zona y la demanda, los valores se mueven constantemente como parte de sus nuevos precios din\u00e1micos que var\u00edan a diario, explic\u00f3 la compa\u00f1\u00eda. Esto lleva a<strong> oscilaciones del precio del 1% en promedio,<\/strong> seg\u00fan la localidad.<\/p>\n<\/div>\n<div id=\"element-body-4\">\n<p>As\u00ed, en lo que va del a\u00f1o, <strong>el litro de nafta s\u00faper acumula un alza de 14,35%<\/strong>, pero para el sector a\u00fan hay un atraso del 15%, frente a un incremento promedio del crudo de 4% en julio y la suba del d\u00f3lar de hasta 14 el mes pasado.<\/p>\n<\/div>\n<div id=\"element-body-6\">\n<p>En su presentaci\u00f3n, Mar\u00edn afirm\u00f3 que <strong>&#8220;se qued\u00f3 corto&#8221; <\/strong>en la estimaci\u00f3n de exportaci\u00f3n de petr\u00f3leo y gas para los pr\u00f3ximos a\u00f1os y que superar\u00eda los<strong> US$ 30.000 millones <\/strong>para 2031.<\/p>\n<\/div>\n<div id=\"element-body-7\">\n<p>En AmCham Energy Summit 2025, Mar\u00edn tambi\u00e9n se\u00f1al\u00f3 que en el mediano plazo, para mediados de 2026,<strong> se exportar\u00e1n m\u00e1s de 100 de metros c\u00fabicos de Gas Natural Licuado (GNL) por d\u00eda.<\/strong><\/p>\n<\/div>\n<div id=\"element-body-8\">\n<p>En referencia a la situaci\u00f3n actual de Vaca Muerta donde se est\u00e1n reduciendo las operaciones por la baja del precio. <strong>&#8220;A Vaca Muerta y a YPF no nos paran m\u00e1s&#8221;, <\/strong>dijo con contundencia. Y sostuvo que pese a los altibajos<strong> <\/strong>el negocio del shale sigue siendo viable. &#8220;Si el barril est\u00e1 a 45 d\u00f3lares vamos a ganar plata, pero menos. Tenemos que dilatar las inversiones por un tema de capital, pero <strong>YPF es rentable a cualquier precio&#8221;<\/strong>.<\/p>\n<\/div>\n<div id=\"element-body-9\">\n<p>El ejecutivo reconoci\u00f3 que &#8220;lo que pasa es normal, tenemos que acostumbrarnos a una Argentina normal, que <strong>cuando baja el precio del petr\u00f3leo, baje un poco la actividad&#8221;.<\/strong><\/p>\n<\/div>\n<div id=\"element-body-10\">\n<p>&#8220;En 2029 o 2030 vamos a estar el pico de producci\u00f3n&#8221;, afirm\u00f3. &#8220;Se va a llegar al 2030 con <strong>un mill\u00f3n de barriles de petr\u00f3leo por d\u00eda&#8221;<\/strong>.<\/p>\n<\/div>\n<p><br \/>\n<br \/><a href=\"https:\/\/www.clarin.com\/economia\/ypf-marco-nuevo-record-60-mercado-combustible_0_U9sj6h5fT4.html\">Fuente Clarin.com <\/a><\/p>\n","protected":false},"excerpt":{"rendered":"<p>&#8220;Tenemos m\u00e1s del 60% del market share, el mayor de la historia&#8221;, dijo hoy el presidente y CEO de YPF, Horacio Mar\u00edn, en una presentaci\u00f3n durante el AmCham Energy Forum, organizado por la C\u00e1mara de Comercio de los Estados Unidos en Argentina. El ejecutivo expuso en el foro y sostuvo que la estrategia que viene [&hellip;]<\/p>\n","protected":false},"author":1,"featured_media":31672,"comment_status":"open","ping_status":"open","sticky":false,"template":"","format":"standard","meta":{"footnotes":""},"categories":[2],"tags":[652,100,155,1955,1486],"class_list":["post-48460","post","type-post","status-publish","format-standard","has-post-thumbnail","hentry","category-ultimas-noticias","tag-combustible","tag-del","tag-mas","tag-mercado","tag-tiene"],"_links":{"self":[{"href":"https:\/\/13.com.ar\/index.php\/wp-json\/wp\/v2\/posts\/48460","targetHints":{"allow":["GET"]}}],"collection":[{"href":"https:\/\/13.com.ar\/index.php\/wp-json\/wp\/v2\/posts"}],"about":[{"href":"https:\/\/13.com.ar\/index.php\/wp-json\/wp\/v2\/types\/post"}],"author":[{"embeddable":true,"href":"https:\/\/13.com.ar\/index.php\/wp-json\/wp\/v2\/users\/1"}],"replies":[{"embeddable":true,"href":"https:\/\/13.com.ar\/index.php\/wp-json\/wp\/v2\/comments?post=48460"}],"version-history":[{"count":0,"href":"https:\/\/13.com.ar\/index.php\/wp-json\/wp\/v2\/posts\/48460\/revisions"}],"wp:featuredmedia":[{"embeddable":true,"href":"https:\/\/13.com.ar\/index.php\/wp-json\/wp\/v2\/media\/31672"}],"wp:attachment":[{"href":"https:\/\/13.com.ar\/index.php\/wp-json\/wp\/v2\/media?parent=48460"}],"wp:term":[{"taxonomy":"category","embeddable":true,"href":"https:\/\/13.com.ar\/index.php\/wp-json\/wp\/v2\/categories?post=48460"},{"taxonomy":"post_tag","embeddable":true,"href":"https:\/\/13.com.ar\/index.php\/wp-json\/wp\/v2\/tags?post=48460"}],"curies":[{"name":"wp","href":"https:\/\/api.w.org\/{rel}","templated":true}]}}