{"id":48458,"date":"2025-08-05T16:19:03","date_gmt":"2025-08-05T19:19:03","guid":{"rendered":"https:\/\/13.com.ar\/index.php\/cuando-sera-el-cambio-en-todo-estados-unidos\/"},"modified":"2025-08-05T16:19:03","modified_gmt":"2025-08-05T19:19:03","slug":"cuando-sera-el-cambio-en-todo-estados-unidos","status":"publish","type":"post","link":"https:\/\/13.com.ar\/index.php\/cuando-sera-el-cambio-en-todo-estados-unidos\/","title":{"rendered":"cu\u00e1ndo ser\u00e1 el cambio en todo Estados Unidos"},"content":{"rendered":"<p> <br \/>\n<br \/><img decoding=\"async\" src=\"https:\/\/13.com.ar\/wp-content\/uploads\/2025\/08\/cuando-sera-el-cambio-en-todo-Estados-Unidos.jpg\" \/><\/p>\n<div id=\"element-body-0\">\n<p><strong>Estados Unidos <\/strong>se prepara para un nuevo ajuste de hora. El cambio marcar\u00e1 el fin del <strong>horario de verano<\/strong>, una pr\u00e1ctica que modifica la rutina de millones de personas dos veces al a\u00f1o a lo largo de todo el pa\u00eds.<\/p>\n<\/div>\n<div id=\"element-body-1\">\n<p>Desde hace d\u00e9cadas, este sistema se implementa con el objetivo de aprovechar mejor la <strong>luz solar <\/strong>en los meses c\u00e1lidos. Sin embargo, su vigencia genera cada vez m\u00e1s cuestionamientos y propuestas para eliminarlo.<\/p>\n<\/div>\n<div id=\"element-body-2\">\n<p>Mientras algunos estados ya lo abandonaron, otros buscan hacerlo permanente. El calendario de 2025 contempla una de las fechas m\u00e1s tempranas de transici\u00f3n en los \u00faltimos a\u00f1os.<\/p>\n<\/div>\n<div id=\"element-body-4\">\n<p>El <strong>domingo 2 de noviembre<\/strong> de 2025, a las 2:00 de la madrugada, Estados Unidos pondr\u00e1 fin al horario de verano. Los relojes deber\u00e1n atrasarse una hora, marcando el regreso al horario est\u00e1ndar en casi todo el pa\u00eds, seg\u00fan datos de <em>TimeAndDate<\/em>. Esto significa que cuando el reloj marque las 2:00 a.m., volver\u00e1 autom\u00e1ticamente a la 1:00 a.m.<\/p>\n<\/div>\n<div id=\"element-body-6\">\n<p>El horario de verano hab\u00eda comenzado el <strong>9 de marzo<\/strong> de este a\u00f1o, cuando se adelantaron los relojes una hora para extender la luz al atardecer. El cambio de noviembre provocar\u00e1 lo contrario: m\u00e1s luz por la ma\u00f1ana y menos durante la tarde.<\/p>\n<\/div>\n<div id=\"element-body-7\">\n<p>De acuerdo con el Instituto Nacional de Normas y Tecnolog\u00eda (NIST, por sus siglas en ingl\u00e9s), este sistema \u201ctiene el efecto de crear m\u00e1s horas de sol en la tarde durante los meses en los que el clima es m\u00e1s c\u00e1lido\u201d, lo que beneficia a sectores como el turismo y el comercio. Sin embargo, hay diferencias seg\u00fan el estado.<\/p>\n<\/div>\n<p><h2>\u00bfCu\u00e1les estados de EE. UU. aplican el cambio horario y cu\u00e1les no?<\/h2>\n<\/p>\n<div id=\"element-body-9\">\n<p>De los 51 estados y distritos federales, 49 adoptan el cambio estacional de horario y realizar\u00e1n el ajuste en noviembre. Solo dos no lo aplican, y uno lo toma parcialmente.<\/p>\n<\/div>\n<div id=\"element-body-10\">\n<p>Aplican el cambio de hora (del 9 de marzo al 2 de noviembre):<\/p>\n<\/div>\n<div id=\"element-body-14\">\n<p>No aplicaron el horario de verano:<\/p>\n<ul>\n<li>Haw\u00e1i.<\/li>\n<li>Arizona (excepto la regi\u00f3n noreste, donde vive la Naci\u00f3n Navajo, que s\u00ed lo adopta).<\/li>\n<\/ul>\n<\/div>\n<div id=\"element-body-16\">\n<p>El <strong>cambio de hora<\/strong> divide opiniones en Estados Unidos y volvi\u00f3 al centro del debate en 2025 con una nueva presentaci\u00f3n de la \u201c<strong>Ley de Protecci\u00f3n del Sol<\/strong>\u201d, que propone eliminar los ajustes bianuales y mantener fijo el horario de verano durante todo el a\u00f1o.<\/p>\n<\/div>\n<div id=\"element-body-17\">\n<p>El senador dem\u00f3crata Ed Markey, del estado de Massachusetts, fue el impulsor del proyecto. En octubre del a\u00f1o pasado, afirm\u00f3: \u201cEste ritual de atrasar y adelantar los relojes ya ha durado suficiente. No es solo una molestia: cambiar la hora <strong>tiene un impacto real<\/strong> en nuestra econom\u00eda, nuestra salud y nuestra felicidad\u201d.<\/p>\n<\/div>\n<div id=\"element-body-18\">\n<p>El presidente <strong>Donald Trump <\/strong>tambi\u00e9n se ha manifestado en contra del sistema. En su cuenta de X (antes Twitter) opin\u00f3 que el sistema es \u201cinconveniente y muy costoso para nuestra naci\u00f3n\u201d. <\/p>\n<\/div>\n<div id=\"element-body-19\">\n<p>A nivel social, una encuesta de Gallup<strong> <\/strong>publicada en marzo de este a\u00f1o<strong> <\/strong>indic\u00f3 que el 54 % de los estadounidenses est\u00e1 a favor de eliminar la pr\u00e1ctica. El <strong>48% prefiere el horario est\u00e1ndar<\/strong> todo el a\u00f1o y solo un 24 % optar\u00eda por mantener el horario de verano permanente.<\/p>\n<\/div>\n<p><br \/>\n<br \/><a href=\"https:\/\/www.clarin.com\/estados-unidos\/horario-verano-cambio-estados-unidos_0_SFZZCeGPau.html\">Fuente Clarin.com <\/a><\/p>\n","protected":false},"excerpt":{"rendered":"<p>Estados Unidos se prepara para un nuevo ajuste de hora. El cambio marcar\u00e1 el fin del horario de verano, una pr\u00e1ctica que modifica la rutina de millones de personas dos veces al a\u00f1o a lo largo de todo el pa\u00eds. Desde hace d\u00e9cadas, este sistema se implementa con el objetivo de aprovechar mejor la luz [&hellip;]<\/p>\n","protected":false},"author":1,"featured_media":48459,"comment_status":"open","ping_status":"open","sticky":false,"template":"","format":"standard","meta":{"footnotes":""},"categories":[2],"tags":[809,677,1737,153,24,1738],"class_list":["post-48458","post","type-post","status-publish","format-standard","has-post-thumbnail","hentry","category-ultimas-noticias","tag-cambio","tag-cuando","tag-estados","tag-sera","tag-todo","tag-unidos"],"_links":{"self":[{"href":"https:\/\/13.com.ar\/index.php\/wp-json\/wp\/v2\/posts\/48458","targetHints":{"allow":["GET"]}}],"collection":[{"href":"https:\/\/13.com.ar\/index.php\/wp-json\/wp\/v2\/posts"}],"about":[{"href":"https:\/\/13.com.ar\/index.php\/wp-json\/wp\/v2\/types\/post"}],"author":[{"embeddable":true,"href":"https:\/\/13.com.ar\/index.php\/wp-json\/wp\/v2\/users\/1"}],"replies":[{"embeddable":true,"href":"https:\/\/13.com.ar\/index.php\/wp-json\/wp\/v2\/comments?post=48458"}],"version-history":[{"count":0,"href":"https:\/\/13.com.ar\/index.php\/wp-json\/wp\/v2\/posts\/48458\/revisions"}],"wp:featuredmedia":[{"embeddable":true,"href":"https:\/\/13.com.ar\/index.php\/wp-json\/wp\/v2\/media\/48459"}],"wp:attachment":[{"href":"https:\/\/13.com.ar\/index.php\/wp-json\/wp\/v2\/media?parent=48458"}],"wp:term":[{"taxonomy":"category","embeddable":true,"href":"https:\/\/13.com.ar\/index.php\/wp-json\/wp\/v2\/categories?post=48458"},{"taxonomy":"post_tag","embeddable":true,"href":"https:\/\/13.com.ar\/index.php\/wp-json\/wp\/v2\/tags?post=48458"}],"curies":[{"name":"wp","href":"https:\/\/api.w.org\/{rel}","templated":true}]}}