{"id":48453,"date":"2025-08-05T16:09:59","date_gmt":"2025-08-05T19:09:59","guid":{"rendered":"https:\/\/13.com.ar\/index.php\/detuvo-a-los-puccio-en-la-vida-real-y-fue-policia-en-la-serie-sobre-el-clan\/"},"modified":"2025-08-05T16:09:59","modified_gmt":"2025-08-05T19:09:59","slug":"detuvo-a-los-puccio-en-la-vida-real-y-fue-policia-en-la-serie-sobre-el-clan","status":"publish","type":"post","link":"https:\/\/13.com.ar\/index.php\/detuvo-a-los-puccio-en-la-vida-real-y-fue-policia-en-la-serie-sobre-el-clan\/","title":{"rendered":"Detuvo a los Puccio en la vida real y fue polic\u00eda en la serie sobre el clan"},"content":{"rendered":"<p> <br \/>\n<br \/><img decoding=\"async\" src=\"https:\/\/13.com.ar\/wp-content\/uploads\/2025\/08\/Detuvo-a-los-Puccio-en-la-vida-real-y-fue.jpg\" \/><\/p>\n<div id=\"element-body-0\">\n<p>Cualquiera que haya visto telenovelas de Polka o Cris Morena, lo conoce. Casi se podr\u00eda decir que todas las escenas que impliquen alg\u00fan personaje vestido de polic\u00eda en programas televisivos de los 90 tienen que ver con <strong>Guillermo G\u00f3mez<\/strong>. Pero hay un detalle: \u00e9l no era un solo personaje sino un polic\u00eda de verdad que, al mismo tiempo, trabajaba como actor.<\/p>\n<\/div>\n<div id=\"element-body-1\">\n<p>&#8220;Empec\u00e9 como polic\u00eda de joven y estuve 23 a\u00f1os&#8221;, empieza a contar el protagonista de esta historia que vivi\u00f3 varios a\u00f1os en <strong>Avellaneda <\/strong>y ahora se mud\u00f3 a <strong>Canning <\/strong>para estar cerca de su hijo y su nieta. &#8220;Estuve en la parte de investigaci\u00f3n de homicidios y en el \u00faltimo tramo de mi carrera empec\u00e9 a hacer<strong> custodias internacionales<\/strong> y eso me fue llevando al mundo de la televisi\u00f3n&#8221;, relata.<\/p>\n<\/div>\n<div id=\"element-body-2\">\n<p>Cuid\u00f3 las espaldas a estrellas del momento de la talla de <strong>Julio Iglesias, Luis Miguel y Xuxa<\/strong>. Con Luismi le toc\u00f3 una an\u00e9cdota ins\u00f3lita: en pleno \u00e9xito de <strong>Cuando Calienta el Sol,<\/strong> las fan\u00e1ticas no dejaban al cantante mexicano salir del aeropuerto, por lo que debieron idear un enga\u00f1o en el que G\u00f3mez fue una pieza clave. Al polic\u00eda le pusieron una campera amarilla, un gorro y lo hicieron pasar por el astro. G\u00f3mez corri\u00f3, disfrazado, dejando que una horda de fans lo persiguiera, mientras el verdadero Luis Miguel sal\u00eda de inc\u00f3gnito rumbo al hotel Sheraton.<\/p>\n<\/div>\n<div id=\"element-body-4\">\n<p>De esas, Guillemo G\u00f3mez tiene mil historia. Pero el punto clave para empezar a ser actor fue cuando se convirti\u00f3 en custodio de Xuxa y comenz\u00f3 a caminar los pasillos de Telef\u00e9: &#8220;Empezaba la etapa de Amigos son los Amigos, Grande Pa, Mi Cu\u00f1ado&#8230; me ofrecen hacer de polic\u00eda en una escena de la tira de Carl\u00edn Calvo y Pablo Rago y ah\u00ed qued\u00e9. Estuve en todas&#8221;.<\/p>\n<\/div>\n<div id=\"element-body-5\">\n<p>Por varios a\u00f1os, <strong>combin\u00f3 los dos trabajos:<\/strong> cuando no estaba investigando cr\u00edmenes reales para la Polic\u00eda Federal, se volv\u00eda a calzar al uniforme pero para hacer alg\u00fan allanamiento televisivo o llevarse detenido a un actor. &#8220;Yo ya estaba pensando en mi retiro de las fuerzas y sacaba cuentas y me conven\u00eda seguir actuando. En ese momento los bolos se pagaban muy bien y hab\u00eda much\u00edsimos programas que pod\u00edan tener 40 puntos de rating&#8221;, recuerda de esos a\u00f1os locos de la TV argentina. As\u00ed, en 1995, colg\u00f3 la gorra en la vida real, pero sigui\u00f3 siendo<strong> el polic\u00eda al que llamaban todos los productores de la tele.<\/strong><\/p>\n<\/div>\n<div id=\"element-body-7\">\n<p>De a poco se fue ganando un lugar. &#8220;Ellos se apoyaban en m\u00ed para hacer las escenas. Les dec\u00eda c\u00f3mo va el uniforme, <strong>de qu\u00e9 forma habla un polic\u00eda, c\u00f3mo se hacen los operativos.<\/strong> Eran consejos que ayudaban a que las escenas fueran m\u00e1s realistas. Adem\u00e1s, cada vez que yo interven\u00eda hab\u00eda revuelo porque era alg\u00fan momento de m\u00e1xima tensi\u00f3n de la novela. Fueron a\u00f1os excelentes&#8221;, rememora.<\/p>\n<\/div>\n<div id=\"element-body-8\">\n<p>Afirma que no conoce otro caso en el mundo de un actor que adem\u00e1s haya sido polic\u00eda. S\u00ed hay int\u00e9rpretes que tambi\u00e9n son abogados, arquitectos u otras profesiones, pero de polic\u00edas no tiene referencias. Y aclara que, mientras hizo los dos oficios a la par, nunca tuvo problemas con sus superiores en la comisar\u00eda: &#8220;Era una buena forma de blanquear un poco la fama de la mala polic\u00eda. Era una imagen positiva. Nunca me hicieron problemas y<strong> siempre ped\u00ed permiso, obviamente<\/strong>&#8220;.<\/p>\n<\/div>\n<div id=\"element-body-9\">\n<p>Con el correr de los a\u00f1os, Guillermo fue acumulando cr\u00e9ditos y m\u00e1s cr\u00e9ditos, pero nunca pudo sacar la cuenta exacta de los programas en los que particip\u00f3. De memoria, enumera casi toda la grilla hasta la primera d\u00e9cada de los a\u00f1os 2000: estuvo en Poliladron, Campeones, Valientes, Malparidas, Padre Coraje, Guapas, Por Amor a Vos, Sos mi Vida, El sodero de mi vida, Simuladores, Montecristo, Resistir\u00e9, Graduados.<\/p>\n<\/div>\n<div id=\"element-body-10\">\n<p>As\u00ed, tambi\u00e9n vio crecer a estrellas que empezaron desde chicas. &#8220;<strong>Estuve con Lali Esp\u00f3sito en Rinc\u00f3n de Luz<\/strong> y siempre cuento que ella hac\u00eda la broma de robarme la gorra y salir corriendo para que la persiguiera. Ahora la veo llenar estadios y es una locura&#8221;. Tambi\u00e9n vio el crecimiento de Benjam\u00edn Rojas, Benjam\u00edn Amadeo y Marcela Kloosterboer y otras celebridades que empezaron de muy chicas.<\/p>\n<\/div>\n<div id=\"element-body-12\">\n<p>Un dato que termina de sintetizar las dos partes de la vida de Guillermo G\u00f3mez es que <strong>particip\u00f3 en la detenci\u00f3n del clan Puccio el 23 de agosto de 1985<\/strong> y muchos a\u00f1os despu\u00e9s interpret\u00f3 a un polic\u00eda en la serie Historia de un Clan, que recrea esos eventos de la cr\u00f3nica policial en clave de ficci\u00f3n.<\/p>\n<\/div>\n<div id=\"element-body-13\">\n<p>Pero los tiempos fueron cambiando y la industria tambi\u00e9n. Hace poco, <strong>Guillermo pudo hacer un papel en El Encargado<\/strong>, la exitosa serie protagonizada por Francella, un viejo conocido de sus a\u00f1os como polic\u00eda de TV. Le pregunt\u00f3 de qu\u00e9 manera pod\u00eda sumarse a las producciones de streaming, pero el protagonista de Casados con Hijos le aclar\u00f3 que el manejo de las productoras actuales es diferente. Hay castings, empresas internacionales, y <strong>el boca en boca que funcionaba hasta hace algunos a\u00f1os en la ficci\u00f3n se termin\u00f3 con la pandemia<\/strong>. En la TV actual no hay espacio para las ficciones nacionales, por lo que Guillermo espera que otra vez se abra la oportunidad de volver al ruedo.<\/p>\n<\/div>\n<div id=\"element-body-14\">\n<p>Sus fotos y recuerdos dan cuenta de una vida incre\u00edble, en la que pudo codearse con estrellas nacionales e internacionales y hasta sentarse a comer con Mirtha Legrand. Y quiere revancha. <\/p>\n<\/div>\n<p><br \/>\n<br \/><a href=\"https:\/\/www.clarin.com\/zonales\/detuvo-puccio-vida-real-policia-serie-clan_0_0zIzMfmvba.html\">Fuente Clarin.com <\/a><\/p>\n","protected":false},"excerpt":{"rendered":"<p>Cualquiera que haya visto telenovelas de Polka o Cris Morena, lo conoce. Casi se podr\u00eda decir que todas las escenas que impliquen alg\u00fan personaje vestido de polic\u00eda en programas televisivos de los 90 tienen que ver con Guillermo G\u00f3mez. Pero hay un detalle: \u00e9l no era un solo personaje sino un polic\u00eda de verdad que, [&hellip;]<\/p>\n","protected":false},"author":1,"featured_media":48454,"comment_status":"open","ping_status":"open","sticky":false,"template":"","format":"standard","meta":{"footnotes":""},"categories":[2],"tags":[10287,6556,105,28,1726,25463,101,1036,732,113],"class_list":["post-48453","post","type-post","status-publish","format-standard","has-post-thumbnail","hentry","category-ultimas-noticias","tag-clan","tag-detuvo","tag-fue","tag-los","tag-policia","tag-puccio","tag-real","tag-serie","tag-sobre","tag-vida"],"_links":{"self":[{"href":"https:\/\/13.com.ar\/index.php\/wp-json\/wp\/v2\/posts\/48453","targetHints":{"allow":["GET"]}}],"collection":[{"href":"https:\/\/13.com.ar\/index.php\/wp-json\/wp\/v2\/posts"}],"about":[{"href":"https:\/\/13.com.ar\/index.php\/wp-json\/wp\/v2\/types\/post"}],"author":[{"embeddable":true,"href":"https:\/\/13.com.ar\/index.php\/wp-json\/wp\/v2\/users\/1"}],"replies":[{"embeddable":true,"href":"https:\/\/13.com.ar\/index.php\/wp-json\/wp\/v2\/comments?post=48453"}],"version-history":[{"count":0,"href":"https:\/\/13.com.ar\/index.php\/wp-json\/wp\/v2\/posts\/48453\/revisions"}],"wp:featuredmedia":[{"embeddable":true,"href":"https:\/\/13.com.ar\/index.php\/wp-json\/wp\/v2\/media\/48454"}],"wp:attachment":[{"href":"https:\/\/13.com.ar\/index.php\/wp-json\/wp\/v2\/media?parent=48453"}],"wp:term":[{"taxonomy":"category","embeddable":true,"href":"https:\/\/13.com.ar\/index.php\/wp-json\/wp\/v2\/categories?post=48453"},{"taxonomy":"post_tag","embeddable":true,"href":"https:\/\/13.com.ar\/index.php\/wp-json\/wp\/v2\/tags?post=48453"}],"curies":[{"name":"wp","href":"https:\/\/api.w.org\/{rel}","templated":true}]}}