{"id":4832,"date":"2025-02-14T09:34:17","date_gmt":"2025-02-14T12:34:17","guid":{"rendered":"https:\/\/13.com.ar\/index.php\/hamas-anuncio-que-liberara-a-iair-horn-uno-de-los-argentinos-que-figuraba-en-el-listado-de-rehenes\/"},"modified":"2025-02-14T09:34:17","modified_gmt":"2025-02-14T12:34:17","slug":"hamas-anuncio-que-liberara-a-iair-horn-uno-de-los-argentinos-que-figuraba-en-el-listado-de-rehenes","status":"publish","type":"post","link":"https:\/\/13.com.ar\/index.php\/hamas-anuncio-que-liberara-a-iair-horn-uno-de-los-argentinos-que-figuraba-en-el-listado-de-rehenes\/","title":{"rendered":"Hamas anunci\u00f3 que liberar\u00e1 a Iair Horn, uno de los argentinos que figuraba en el listado de rehenes"},"content":{"rendered":"<p> <br \/>\n<br \/><img decoding=\"async\" src=\"https:\/\/13.com.ar\/wp-content\/uploads\/2025\/02\/Hamas-anuncio-que-liberara-a-Iair-Horn-uno-de-los.jpg\" \/><\/p>\n<div>\n<p><strong>Iair Horn<\/strong>, uno de los argentinos que figuraba en el listado de rehenes que Hamas entregar\u00eda en el marco de la tregua con Israel en Gaza, <strong>ser\u00e1 liberado este s\u00e1bado<\/strong>, seg\u00fan anunci\u00f3 el grupo terrorista.<\/p>\n<\/div>\n<div>\n<p>Hamas confirm\u00f3 este viernes los nombres de los tres israel\u00edes que formar\u00e1n parte del como del sexto canje de secuestrados por presos palestinos, en el marco del alto el fuego en la Franja.<\/p>\n<\/div>\n<div>\n<p>Adem\u00e1s de Iair Horn, figuran el rusoisrael\u00ed Alexander Trufanov; y Sagui Dekel-Chen, de ascendencia estadounidense.<\/p>\n<\/div>\n<div>\n<p>Iair se fue de la Argentina con la crisis del 2000, cuando ten\u00eda 22 a\u00f1os. Hincha de Atlanta, estudi\u00f3 en la escuela Scholem Aleijem de Villa Crespo, donde coordinaba en su juventud uno de los grupos de Nofesh (una agrupaci\u00f3n juvenil jud\u00eda argentina que se re\u00fane en esa escuela).<\/p>\n<\/div>\n<div>\n<p>En una charla con <strong>Clar\u00edn <\/strong>en enero pasado, su padre, Itzik Horn, hab\u00eda planteado su escepticismo acerca de las negociaciones para la liberaci\u00f3n de los rehenes que tiene Hamas, seg\u00fan informaci\u00f3n difundida por la organizaci\u00f3n terrorista.<\/p>\n<\/div>\n<div>\n<p>&#8220;Yo voy a creer cuando reciba la llamada del Ej\u00e9rcito israel\u00ed dici\u00e9ndome a qu\u00e9 hospital tengo que ir a ver a Iair y Eitan, y vea a mis hijos subiendo a una camioneta de la Cruz Roja yendo para all\u00e1&#8221;, dijo.<\/p>\n<\/div>\n<p><br \/>\n<br \/><a href=\"https:\/\/www.clarin.com\/mundo\/tregua-israel-hamas-anuncio-liberara-iair-horn-argentinos-figuraba-listado-rehenes_0_qiuDbjsm1R.html\">Fuente Clarin.com <\/a><\/p>\n","protected":false},"excerpt":{"rendered":"<p>Iair Horn, uno de los argentinos que figuraba en el listado de rehenes que Hamas entregar\u00eda en el marco de la tregua con Israel en Gaza, ser\u00e1 liberado este s\u00e1bado, seg\u00fan anunci\u00f3 el grupo terrorista. Hamas confirm\u00f3 este viernes los nombres de los tres israel\u00edes que formar\u00e1n parte del como del sexto canje de secuestrados [&hellip;]<\/p>\n","protected":false},"author":1,"featured_media":4833,"comment_status":"open","ping_status":"open","sticky":false,"template":"","format":"standard","meta":{"footnotes":""},"categories":[2],"tags":[324,671,6835,1461,6834,6833,2155,6836,28,1538,1013],"class_list":["post-4832","post","type-post","status-publish","format-standard","has-post-thumbnail","hentry","category-ultimas-noticias","tag-anuncio","tag-argentinos","tag-figuraba","tag-hamas","tag-horn","tag-iair","tag-liberara","tag-listado","tag-los","tag-rehenes","tag-uno"],"_links":{"self":[{"href":"https:\/\/13.com.ar\/index.php\/wp-json\/wp\/v2\/posts\/4832","targetHints":{"allow":["GET"]}}],"collection":[{"href":"https:\/\/13.com.ar\/index.php\/wp-json\/wp\/v2\/posts"}],"about":[{"href":"https:\/\/13.com.ar\/index.php\/wp-json\/wp\/v2\/types\/post"}],"author":[{"embeddable":true,"href":"https:\/\/13.com.ar\/index.php\/wp-json\/wp\/v2\/users\/1"}],"replies":[{"embeddable":true,"href":"https:\/\/13.com.ar\/index.php\/wp-json\/wp\/v2\/comments?post=4832"}],"version-history":[{"count":0,"href":"https:\/\/13.com.ar\/index.php\/wp-json\/wp\/v2\/posts\/4832\/revisions"}],"wp:featuredmedia":[{"embeddable":true,"href":"https:\/\/13.com.ar\/index.php\/wp-json\/wp\/v2\/media\/4833"}],"wp:attachment":[{"href":"https:\/\/13.com.ar\/index.php\/wp-json\/wp\/v2\/media?parent=4832"}],"wp:term":[{"taxonomy":"category","embeddable":true,"href":"https:\/\/13.com.ar\/index.php\/wp-json\/wp\/v2\/categories?post=4832"},{"taxonomy":"post_tag","embeddable":true,"href":"https:\/\/13.com.ar\/index.php\/wp-json\/wp\/v2\/tags?post=4832"}],"curies":[{"name":"wp","href":"https:\/\/api.w.org\/{rel}","templated":true}]}}