{"id":4828,"date":"2025-02-14T09:18:52","date_gmt":"2025-02-14T12:18:52","guid":{"rendered":"https:\/\/13.com.ar\/index.php\/detuvieron-a-un-sospechoso-de-incendiar-campos-de-corrientes\/"},"modified":"2025-02-14T09:18:52","modified_gmt":"2025-02-14T12:18:52","slug":"detuvieron-a-un-sospechoso-de-incendiar-campos-de-corrientes","status":"publish","type":"post","link":"https:\/\/13.com.ar\/index.php\/detuvieron-a-un-sospechoso-de-incendiar-campos-de-corrientes\/","title":{"rendered":"Detuvieron a un sospechoso de incendiar campos de Corrientes"},"content":{"rendered":"<p> <br \/>\n<\/p>\n<div id=\"cuerpo\">\n<div class=\"sc-80531b6b-0 chRIGJ container-text text-embed\">\n<p>La Polic\u00eda Rural de Mercedes, en conjunto con la Brigada de Paso de los Libres, detuvo a un <strong>presunto responsable del incendio que consumi\u00f3 extensas hect\u00e1reas de campo<\/strong> en las localidades correntinas de Mercedes y Bonpland.<\/p>\n<\/div>\n<div class=\"sc-80531b6b-0 chRIGJ container-text text-embed\">\n<p>La captura del sospechoso se logr\u00f3 tras un allanamiento en su vivienda en Guavirav\u00ed, donde tambi\u00e9n se secuestraron elementos clave para la causa, como un encendedor, un tel\u00e9fono celular y un veh\u00edculo, seg\u00fan inform\u00f3 el Gobierno de Corrientes.<\/p>\n<\/div>\n<div class=\"sc-ad4aedf2-0 dPPgNJ border-video video-embed horizontal border-video video-embed horizontal\">\n<div class=\"sc-ad4aedf2-1 hnFuni videoText videoText\">\n<h2>Video<\/h2>\n<p> Feroz incendio en Corrientes: el fuego ya consumi\u00f3 200mil hect\u00e1reas<\/p>\n<\/div>\n<\/div>\n<div class=\"sc-80531b6b-0 chRIGJ container-text text-embed\">\n<p>La detenci\u00f3n se concret\u00f3 gracias a datos aportados por testigos, quienes se\u00f1alaron al sospechoso como responsable del foco \u00edgneo.<\/p>\n<\/div>\n<div class=\"sc-80531b6b-0 chRIGJ container-text text-embed\">\n<p>\u201cEl incendio <strong>afect\u00f3 amplias superficies de pastizales y plantaciones,<\/strong> generando un impacto significativo en las \u00e1reas rurales\u201d, se\u00f1alaron fuentes oficiales.<\/p>\n<\/div>\n<div class=\"sc-198be8ec-0 cynXbu image-embed  image-embed \"><picture class=\"sc-198be8ec-1 kOjRiQ\"><source media=\"(min-width: 975px)\" width=\"720\" height=\"480\" \/><img alt=\"Incendios en Corrientes 2025\" loading=\"lazy\" width=\"720\" height=\"480\" decoding=\"async\" data-nimg=\"1\" style=\"color:transparent\" src=\"https:\/\/13.com.ar\/wp-content\/uploads\/2025\/02\/Detuvieron-a-un-sospechoso-de-incendiar-campos-de-Corrientes.jpg\"\/><span class=\"epigraphe\">Incendios en Corrientes 2025<\/span><span class=\"bkg\"\/><span class=\"picture-open\"><button class=\"open-image\" aria-label=\"Open Image\"\/><\/span><\/picture><\/div>\n<div class=\"sc-80531b6b-0 chRIGJ container-text text-embed\">\n<p>Las llamas contin\u00faan causando estragos en distintas zonas de Corrientes, donde localidades como Alvear, Santo Tom\u00e9, Mariano I. Loza, Riachuelo, San Luis del Palomar, Curuz\u00fa Cuati\u00e1 (zona Vaca Cu\u00e1) y Perugorr\u00eda siguen bajo el impacto del fuego.<\/p>\n<\/div>\n<div class=\"sc-80531b6b-0 chRIGJ container-text text-embed\">\n<p>Ante esta situaci\u00f3n, las autoridades pidieron a la poblaci\u00f3n que, en caso de detectar la presencia de incendios o columnas de humo, realicen la denuncia inmediata al 911.<\/p>\n<\/div>\n<div class=\"sc-80531b6b-0 chRIGJ container-text text-embed\">\n<p>Desde el inicio de febrero, <strong>los incendios arrasaron 94.167 hect\u00e1reas, principalmente en \u00e1reas de pastizales y malezales.<\/strong><\/p>\n<\/div>\n<div class=\"sc-80531b6b-0 chRIGJ container-text text-embed\">\n<p>De acuerdo con los datos recopilados por El Litoral, entre el 1 y el 12 de enero la superficie quemada alcanz\u00f3 las 25.000 hect\u00e1reas, mientras que desde el comienzo de 2025 hasta el 8 de febrero, la extensi\u00f3n afectada super\u00f3 las 94.000 hect\u00e1reas.<\/p>\n<\/div>\n<div class=\"sc-80531b6b-0 chRIGJ container-text text-embed\">\n<p>La magnitud del da\u00f1o llev\u00f3 a las autoridades provinciales a se\u00f1alar que los siniestros habr\u00edan sido provocados por la acci\u00f3n humana, lo que deriv\u00f3 en la detenci\u00f3n de un sospechoso por parte de la Polic\u00eda Rural de Mercedes.<\/p>\n<\/div>\n<div class=\"sc-198be8ec-0 cynXbu image-embed  image-embed \"><picture class=\"sc-198be8ec-1 kOjRiQ\"><source media=\"(min-width: 975px)\" width=\"720\" height=\"480\" \/><img alt=\"Incendios en Corrientes 2025\" loading=\"lazy\" width=\"720\" height=\"480\" decoding=\"async\" data-nimg=\"1\" style=\"color:transparent\" src=\"https:\/\/13.com.ar\/wp-content\/uploads\/2025\/02\/1739535532_388_Detuvieron-a-un-sospechoso-de-incendiar-campos-de-Corrientes.jpg\"\/><span class=\"epigraphe\">Incendios en Corrientes 2025<\/span><span class=\"bkg\"\/><span class=\"picture-open\"><button class=\"open-image\" aria-label=\"Open Image\"\/><\/span><\/picture><\/div>\n<div class=\"sc-80531b6b-0 chRIGJ container-text text-embed\">\n<p>La captura se concret\u00f3 en Guavirav\u00ed tras una investigaci\u00f3n encabezada por la Fiscal\u00eda Rural y Ambiental, en conjunto con la Brigada de Paso de los Libres.<\/p>\n<\/div>\n<div class=\"sc-80531b6b-0 chRIGJ container-text text-embed\">\n<p>Las pericias avanzan para determinar la posible vinculaci\u00f3n del detenido con otros focos \u00edgneos en la provincia.<\/p>\n<\/div>\n<div class=\"sc-80531b6b-0 chRIGJ container-text text-embed\">\n<p>En paralelo, mientras se eval\u00faan los da\u00f1os ocasionados por los incendios, la diputada correntina Sof\u00eda Brambilla present\u00f3 en el Congreso de la Naci\u00f3n un <strong>proyecto de ley para declarar la emergencia econ\u00f3mica, social y fiscal en la provincia.<\/strong><\/p>\n<\/div>\n<div class=\"sc-80531b6b-0 chRIGJ container-text text-embed\">\n<p>La iniciativa busca atender las consecuencias del desastre ambiental y brindar asistencia a las localidades afectadas, en un contexto donde las p\u00e9rdidas de superficie productiva y biodiversidad siguen en aumento.<\/p>\n<\/div>\n<div class=\"sc-80531b6b-0 chRIGJ container-text text-embed\">\n<p>Brambilla record\u00f3 que en 2022 los incendios arrasaron un mill\u00f3n de hect\u00e1reas y advirti\u00f3 sobre la necesidad de tomar medidas urgentes para evitar una tragedia similar.<\/p>\n<\/div>\n<div class=\"sc-80531b6b-0 chRIGJ container-text text-embed\">\n<p>El proyecto plantea que el Poder Ejecutivo Nacional reasigne fondos para fortalecer el Servicio Nacional de Manejo del Fuego, implemente asistencia directa a las comunidades afectadas y coordine con las autoridades provinciales y municipales la reconstrucci\u00f3n de la infraestructura da\u00f1ada.<\/p>\n<\/div>\n<\/div>\n<p><br \/>\n<br \/><a href=\"https:\/\/www.clarin.com\/rural\/detuvieron-sospechoso-incendiar-campos-corrientes_0_knNcbiuJ95.html\">Fuente Clarin.com <\/a><\/p>\n","protected":false},"excerpt":{"rendered":"<p>La Polic\u00eda Rural de Mercedes, en conjunto con la Brigada de Paso de los Libres, detuvo a un presunto responsable del incendio que consumi\u00f3 extensas hect\u00e1reas de campo en las localidades correntinas de Mercedes y Bonpland. La captura del sospechoso se logr\u00f3 tras un allanamiento en su vivienda en Guavirav\u00ed, donde tambi\u00e9n se secuestraron elementos [&hellip;]<\/p>\n","protected":false},"author":1,"featured_media":4829,"comment_status":"open","ping_status":"open","sticky":false,"template":"","format":"standard","meta":{"footnotes":""},"categories":[2],"tags":[2022,1322,1148,1256,6832],"class_list":["post-4828","post","type-post","status-publish","format-standard","has-post-thumbnail","hentry","category-ultimas-noticias","tag-campos","tag-corrientes","tag-detuvieron","tag-incendiar","tag-sospechoso"],"_links":{"self":[{"href":"https:\/\/13.com.ar\/index.php\/wp-json\/wp\/v2\/posts\/4828","targetHints":{"allow":["GET"]}}],"collection":[{"href":"https:\/\/13.com.ar\/index.php\/wp-json\/wp\/v2\/posts"}],"about":[{"href":"https:\/\/13.com.ar\/index.php\/wp-json\/wp\/v2\/types\/post"}],"author":[{"embeddable":true,"href":"https:\/\/13.com.ar\/index.php\/wp-json\/wp\/v2\/users\/1"}],"replies":[{"embeddable":true,"href":"https:\/\/13.com.ar\/index.php\/wp-json\/wp\/v2\/comments?post=4828"}],"version-history":[{"count":0,"href":"https:\/\/13.com.ar\/index.php\/wp-json\/wp\/v2\/posts\/4828\/revisions"}],"wp:featuredmedia":[{"embeddable":true,"href":"https:\/\/13.com.ar\/index.php\/wp-json\/wp\/v2\/media\/4829"}],"wp:attachment":[{"href":"https:\/\/13.com.ar\/index.php\/wp-json\/wp\/v2\/media?parent=4828"}],"wp:term":[{"taxonomy":"category","embeddable":true,"href":"https:\/\/13.com.ar\/index.php\/wp-json\/wp\/v2\/categories?post=4828"},{"taxonomy":"post_tag","embeddable":true,"href":"https:\/\/13.com.ar\/index.php\/wp-json\/wp\/v2\/tags?post=4828"}],"curies":[{"name":"wp","href":"https:\/\/api.w.org\/{rel}","templated":true}]}}