{"id":4824,"date":"2025-02-14T09:03:33","date_gmt":"2025-02-14T12:03:33","guid":{"rendered":"https:\/\/13.com.ar\/index.php\/cuanto-ganan-los-gendarmes-de-la-argentina-en-febrero-de-2025\/"},"modified":"2025-02-14T09:03:33","modified_gmt":"2025-02-14T12:03:33","slug":"cuanto-ganan-los-gendarmes-de-la-argentina-en-febrero-de-2025","status":"publish","type":"post","link":"https:\/\/13.com.ar\/index.php\/cuanto-ganan-los-gendarmes-de-la-argentina-en-febrero-de-2025\/","title":{"rendered":"Cu\u00e1nto ganan los gendarmes de la Argentina en febrero de 2025"},"content":{"rendered":"<p> <br \/>\n<br \/><img decoding=\"async\" src=\"https:\/\/13.com.ar\/wp-content\/uploads\/2025\/02\/Malestar-de-gendarmes-por-los-sueldos-y-amenaza-de-una.jpg\" \/><\/p>\n<div>\n<p>La <strong>Gendarmer\u00eda Nacional<\/strong>, como tambi\u00e9n los de la Prefectura Naval Argentina, la Polic\u00eda de Seguridad Aeroportuaria, la Polic\u00eda Federal y el personal del Servicio Penitenciario Federal recibieron aumentos salariales en <strong>noviembre y diciembre<\/strong>, pero<strong> no tendr\u00e1n incrementos de cara a febrero de 2025.<\/strong><\/p>\n<\/div>\n<div>\n<p>El \u00faltimo aumento lleg\u00f3 a trav\u00e9s de la<strong> Resoluci\u00f3n 1270\/2024<\/strong> publicada en el <strong>Bolet\u00edn Oficial<\/strong>, el Gobierno estableci\u00f3 una nueva escala salarial para las fuerzas de seguridad.<\/p>\n<\/div>\n<div>\n<p>&#8220;F\u00edjase, a partir del 1\u00b0 de noviembre de 2024 y del 1\u00b0 de diciembre de 2024, el haber mensual y los importes correspondientes al suplemento particular \u201cpor Funciones de Prevenci\u00f3n Barrial\u201d y de la compensaci\u00f3n \u201cpor Recargo de Servicio\u201d para el personal con estado militar de gendarme en actividad de la GENDARMER\u00cdA NACIONAL, conforme los importes que para los distintos grados se detallan en el ANEXO I (IF-2024-121989530-APN-SCA#MSG ) que forma parte de la presente medida&#8221;, detalla el art\u00edculo 1\u00b0 de la Resoluci\u00f3n 1270\/2024.<\/p>\n<\/div>\n<div>\n<p>En la <strong>resoluci\u00f3n <\/strong>se indica tambi\u00e9n que &#8220;a partir del 1\u00b0 de noviembre de 2024 y del 1\u00b0 de diciembre de 2024, los importes correspondientes al<strong> &#8216;complemento por responsabilidad jer\u00e1rquica&#8217; <\/strong>que perciben el Director o la Directora Nacional y el Subdirector o la Subdirectora Nacional de la Gendarmer\u00eda Nacional; el Prefecto o la Prefecta Nacional Naval y el Subprefecto o la Subprefecta Nacional Naval de la Prefectura, y el Jefe o la Jefa y el Subjefe o la Subjefe de la Polic\u00eda Federal&#8221;.<\/p>\n<\/div>\n<div>\n<p>En detalle, <strong>cu\u00e1nto van a cobrar los gendermes en Argentina el febrero de 2025:<\/strong><\/p>\n<\/div>\n<div>\n<p>Adem\u00e1s, cada uno de ellos puede recibir un <strong>adicional <\/strong>para aquellas personas que cumplen funciones relacionadas con la<strong> prevenci\u00f3n barrial<\/strong>. Estos montos pueden ascender hasta:<\/p>\n<\/div>\n<p><br \/>\n<br \/><a href=\"https:\/\/www.clarin.com\/informacion-general\/ganan-gendarmes-argentina-febrero-2025_0_GeBKPOL29K.html\">Fuente Clarin.com <\/a><\/p>\n","protected":false},"excerpt":{"rendered":"<p>La Gendarmer\u00eda Nacional, como tambi\u00e9n los de la Prefectura Naval Argentina, la Polic\u00eda de Seguridad Aeroportuaria, la Polic\u00eda Federal y el personal del Servicio Penitenciario Federal recibieron aumentos salariales en noviembre y diciembre, pero no tendr\u00e1n incrementos de cara a febrero de 2025. El \u00faltimo aumento lleg\u00f3 a trav\u00e9s de la Resoluci\u00f3n 1270\/2024 publicada en [&hellip;]<\/p>\n","protected":false},"author":1,"featured_media":2581,"comment_status":"open","ping_status":"open","sticky":false,"template":"","format":"standard","meta":{"footnotes":""},"categories":[2],"tags":[288,448,1823,6829,4553,28],"class_list":["post-4824","post","type-post","status-publish","format-standard","has-post-thumbnail","hentry","category-ultimas-noticias","tag-argentina","tag-cuanto","tag-febrero","tag-ganan","tag-gendarmes","tag-los"],"_links":{"self":[{"href":"https:\/\/13.com.ar\/index.php\/wp-json\/wp\/v2\/posts\/4824","targetHints":{"allow":["GET"]}}],"collection":[{"href":"https:\/\/13.com.ar\/index.php\/wp-json\/wp\/v2\/posts"}],"about":[{"href":"https:\/\/13.com.ar\/index.php\/wp-json\/wp\/v2\/types\/post"}],"author":[{"embeddable":true,"href":"https:\/\/13.com.ar\/index.php\/wp-json\/wp\/v2\/users\/1"}],"replies":[{"embeddable":true,"href":"https:\/\/13.com.ar\/index.php\/wp-json\/wp\/v2\/comments?post=4824"}],"version-history":[{"count":0,"href":"https:\/\/13.com.ar\/index.php\/wp-json\/wp\/v2\/posts\/4824\/revisions"}],"wp:featuredmedia":[{"embeddable":true,"href":"https:\/\/13.com.ar\/index.php\/wp-json\/wp\/v2\/media\/2581"}],"wp:attachment":[{"href":"https:\/\/13.com.ar\/index.php\/wp-json\/wp\/v2\/media?parent=4824"}],"wp:term":[{"taxonomy":"category","embeddable":true,"href":"https:\/\/13.com.ar\/index.php\/wp-json\/wp\/v2\/categories?post=4824"},{"taxonomy":"post_tag","embeddable":true,"href":"https:\/\/13.com.ar\/index.php\/wp-json\/wp\/v2\/tags?post=4824"}],"curies":[{"name":"wp","href":"https:\/\/api.w.org\/{rel}","templated":true}]}}