{"id":4822,"date":"2025-02-14T09:00:59","date_gmt":"2025-02-14T12:00:59","guid":{"rendered":"https:\/\/13.com.ar\/index.php\/cuando-empezara-la-inflacion-con-1\/"},"modified":"2025-02-14T09:00:59","modified_gmt":"2025-02-14T12:00:59","slug":"cuando-empezara-la-inflacion-con-1","status":"publish","type":"post","link":"https:\/\/13.com.ar\/index.php\/cuando-empezara-la-inflacion-con-1\/","title":{"rendered":"\u00bfcu\u00e1ndo empezar\u00e1 la inflaci\u00f3n con 1%?"},"content":{"rendered":"<p> <br \/>\n<br \/><img decoding=\"async\" src=\"https:\/\/13.com.ar\/wp-content\/uploads\/2025\/02\/\u00bfcuando-empezara-la-inflacion-con-1.jpg\" \/><\/p>\n<div>\n<p>El<strong> 2,2% de enero<\/strong> marc\u00f3 el menor registro de inflaci\u00f3n de los \u00faltimos cinco a\u00f1os. Las expectativas marcan que el \u00edndice de precios al consumidor seguir\u00e1 bajando en los pr\u00f3ximos meses. <\/p>\n<\/div>\n<div>\n<p>El dato de enero fue mejor de lo que el mercado esperaba y llev\u00f3 a que varias consultoras empezaron a <strong>recalcular sus proyecciones para los pr\u00f3ximos meses a la baja.<\/strong> Hasta la semana pasada, los economistas que participan del Relevamiento de Expectativas del mercado (REM) del Banco Central <strong>ve\u00edan la inflaci\u00f3n por debajo del 2% reci\u00e9n en abril.<\/strong> Para ese mes pronosticaban un Indice de Precios al Consumidor (IPC) de 1,9%.<\/p>\n<\/div>\n<div>\n<p>Esta estimaci\u00f3n marcaba una mejora respecto de las proyecciones de diciembre: ese aquel mes calculaban que para ver al \u00edndice empezando con 1<strong> habr\u00eda que esperar hasta mayo.<\/strong><\/p>\n<\/div>\n<div>\n<p>Pero los datos de enero aceleraron los tiempos. Dos consultoras se juegan a pronosticar que <strong>ya en febrero la inflaci\u00f3n podr\u00eda empezar con 1%.<\/strong> Y eso se lograr\u00eda pese al salto de precios de la carne que entre la \u00faltima semana de enero y la primera de febrero aument\u00f3 15%.<\/p>\n<\/div>\n<div>\n<p>&#8220;Los datos del relevamiento de precios de C&amp;T para la regi\u00f3n GBA de lo que va de febrero sugieren que<strong> la inflaci\u00f3n del mes podr\u00eda bajar de 2% mensual y acercarse al 1,5%&#8221;<\/strong>, indic\u00f3 el economista Camilo Tiscornia.<\/p>\n<\/div>\n<div>\n<p>El economista detalla que la reducci\u00f3n de la inflaci\u00f3n por debajo del 2% que hasta hace poco esperaban para marzo o abril <strong>&#8220;se est\u00e1 adelantando&#8221;.<\/strong><\/p>\n<\/div>\n<div>\n<p>Respecto al efecto del salto de la carne, Tiscornia se\u00f1ala que la suba se concentr\u00f3 en la \u00faltima semana de enero y en la primera de febrero. &#8220;Veremos c\u00f3mo sigue. Todav\u00eda falta medio mes&#8221;. <\/p>\n<\/div>\n<div>\n<p>En esa misma l\u00ednea, consultora LCG, que mide semanalmente la inflaci\u00f3n en alimentos, apunta que en la primera semana del mes los alimentos y bebidas subieron 2,3%,<strong> pero en la segunda semana registraron una baja del 0,1%<\/strong>. En los \u00faltimos siete d\u00edas, <strong>la carne cay\u00f3 0,6%. <\/strong><\/p>\n<\/div>\n<div>\n<p>Los analistas que ven la inflaci\u00f3n de febrero empezando con 1% le ponen muchas fichas al<strong> crawling peg<\/strong>, el ajuste mensual del d\u00f3lar que pas\u00f3 de 2% en enero a 1% este mes.<\/p>\n<\/div>\n<div>\n<p>&#8220;Esto nos pone en camino a registrar en febrero una inflaci\u00f3n a\u00fan menor, e incluso con un 1% al inicio. Esto se debe, en primer lugar, a<strong> la estacionalidad favorable que tiene febrero en comparaci\u00f3n con enero<\/strong>. Adem\u00e1s, la decisi\u00f3n del Gobierno de reducir el crawling peg contribuye a desacelerar la din\u00e1mica de precios de los bienes transables&#8221;, sostiene Eugenio Mar\u00ed, Economista Jefe en la Fundaci\u00f3n Libertad y Progreso.<\/p>\n<\/div>\n<div>\n<p>&#8220;La clave es el orden macroecon\u00f3mico, fiscal y monetario, que dan un marco para la recuperaci\u00f3n de la demanda de dinero y la estabilizaci\u00f3n del peso. En este aspecto, <strong>el Banco Central deber\u00e1 calibrar la cantidad de dinero en circulaci\u00f3n <\/strong>para que la ca\u00edda estacional de la demanda de pesos no repercuta en el proceso de desinflaci\u00f3n&#8221;, profundiza Mar\u00ed.<\/p>\n<\/div>\n<div>\n<p>&#8220;De cara al futuro, las expectativas del REM mantienen una perspectiva positiva para los primeros meses de 2025, con <strong>una inflaci\u00f3n en torno al 2% promedio mensual para el primer semestre, proyectando que, en abril, la variaci\u00f3n mensual empiece con 1%.<\/strong> Finalmente, el mercado proyecta una inflaci\u00f3n anual del 23,2%, significativamente inferior a la registrada en 2024, lo que consolidar\u00eda una tendencia de estabilizaci\u00f3n inflacionaria&#8221;, agregan desde ACM.<\/p>\n<\/div>\n<p><br \/>\n<br \/><a href=\"https:\/\/www.clarin.com\/economia\/despues-22-enero-empezara-inflacion-1_0_kxacUxJewP.html\">Fuente Clarin.com <\/a><\/p>\n","protected":false},"excerpt":{"rendered":"<p>El 2,2% de enero marc\u00f3 el menor registro de inflaci\u00f3n de los \u00faltimos cinco a\u00f1os. Las expectativas marcan que el \u00edndice de precios al consumidor seguir\u00e1 bajando en los pr\u00f3ximos meses. El dato de enero fue mejor de lo que el mercado esperaba y llev\u00f3 a que varias consultoras empezaron a recalcular sus proyecciones para [&hellip;]<\/p>\n","protected":false},"author":1,"featured_media":4823,"comment_status":"open","ping_status":"open","sticky":false,"template":"","format":"standard","meta":{"footnotes":""},"categories":[2],"tags":[18,677,6828,1544],"class_list":["post-4822","post","type-post","status-publish","format-standard","has-post-thumbnail","hentry","category-ultimas-noticias","tag-con","tag-cuando","tag-empezara","tag-inflacion"],"_links":{"self":[{"href":"https:\/\/13.com.ar\/index.php\/wp-json\/wp\/v2\/posts\/4822","targetHints":{"allow":["GET"]}}],"collection":[{"href":"https:\/\/13.com.ar\/index.php\/wp-json\/wp\/v2\/posts"}],"about":[{"href":"https:\/\/13.com.ar\/index.php\/wp-json\/wp\/v2\/types\/post"}],"author":[{"embeddable":true,"href":"https:\/\/13.com.ar\/index.php\/wp-json\/wp\/v2\/users\/1"}],"replies":[{"embeddable":true,"href":"https:\/\/13.com.ar\/index.php\/wp-json\/wp\/v2\/comments?post=4822"}],"version-history":[{"count":0,"href":"https:\/\/13.com.ar\/index.php\/wp-json\/wp\/v2\/posts\/4822\/revisions"}],"wp:featuredmedia":[{"embeddable":true,"href":"https:\/\/13.com.ar\/index.php\/wp-json\/wp\/v2\/media\/4823"}],"wp:attachment":[{"href":"https:\/\/13.com.ar\/index.php\/wp-json\/wp\/v2\/media?parent=4822"}],"wp:term":[{"taxonomy":"category","embeddable":true,"href":"https:\/\/13.com.ar\/index.php\/wp-json\/wp\/v2\/categories?post=4822"},{"taxonomy":"post_tag","embeddable":true,"href":"https:\/\/13.com.ar\/index.php\/wp-json\/wp\/v2\/tags?post=4822"}],"curies":[{"name":"wp","href":"https:\/\/api.w.org\/{rel}","templated":true}]}}