{"id":4820,"date":"2025-02-14T08:58:17","date_gmt":"2025-02-14T11:58:17","guid":{"rendered":"https:\/\/13.com.ar\/index.php\/los-curadores-siempre-estan-muy-interesados-en-las-galerias-argentinas\/"},"modified":"2025-02-14T08:58:17","modified_gmt":"2025-02-14T11:58:17","slug":"los-curadores-siempre-estan-muy-interesados-en-las-galerias-argentinas","status":"publish","type":"post","link":"https:\/\/13.com.ar\/index.php\/los-curadores-siempre-estan-muy-interesados-en-las-galerias-argentinas\/","title":{"rendered":"Los curadores siempre est\u00e1n muy interesados en las galer\u00edas argentinas"},"content":{"rendered":"<p> <br \/>\n<\/p>\n<div id=\"cuerpo\">\n<div class=\"sc-80531b6b-0 chRIGJ container-text text-embed\">\n<p>El verano nos depar\u00f3 un se\u00f1ero env\u00edo a la feria Zona Maco, de M\u00e9xico, la m\u00e1s grande de Latinoam\u00e9rica. Entre las 12 galer\u00edas argentinas presentes, muchas fueron de estreno, como Gachi Prieto, y se lograron ventas destacadas \u2013una obra textil de la joven Candelaria Traverso, de la serie Chakana, al coleccionista cubano Jorge P\u00e9rez y obra de Andr\u00e9s Bedoya (ambos en el stand Herlitzka &amp; Co.). As\u00ed, el primer trimestre de 2025 no da respiro. En breve comienza ARCOmadrid, entre el 3 y el 9 de marzo, la gran feria espa\u00f1ola donde el arte contempor\u00e1neo argentino viene gan\u00e1ndose el respeto de todos. <strong>Nueve galer\u00edas argentinas consolidan la continuidad en la escena espa\u00f1ola<\/strong>, pese a los embates econ\u00f3micos que marcaron 2024 y que han hecho peligrar varios espacios \u2013los cuales siguen maniobrando el mes a mes\u2013.<\/p>\n<\/div>\n<div class=\"sc-80531b6b-0 chRIGJ container-text text-embed\">\n<p>De hecho, <strong>Madrid tendr\u00e1 su torbellino argentino.<\/strong> En la galer\u00eda Albarr\u00e1n Bourdais, desde el 4 de marzo hasta el 26 de abril se ver\u00e1 &#8220;En movimiento&#8221;, <strong>la primera expo individual aqu\u00ed de Julio Le Parc <\/strong>(Mendoza, 1928), con m\u00e1s de 20 obras de arte cin\u00e9tico y Op-Art. A\u00fan no es seguro que el gran mendocino pueda participar en la apertura. Y con la feria coincidir\u00e1 la Semana Argentina en Espa\u00f1a, en la que se espera al secretario de Cultura, Leonardo Cifelli.<\/p>\n<\/div>\n<div class=\"sc-80531b6b-0 chRIGJ container-text text-embed\">\n<p>Por si algo faltara, el 3 de marzo Eduardo Costantini recibir\u00e1 el Premio Latinoamericano en los Premios Internacionales de Mecenazgo, en la bell\u00edsima Academia de Bellas Artes de San Fernando, en la calle Alcal\u00e1. En ediciones anteriores lo recibieron personalidades como el mexicano Carlos Slim, los  coleccionistas Jorge P\u00e9rez, Daniel y Estrellita B. Brodsky y Patricia Phelps\u00a0de\u00a0Cisneros.<\/p>\n<\/div>\n<div class=\"sc-80531b6b-0 chRIGJ container-text text-embed\">\n<p>La directora de ARCOmadrid, Maribel L\u00f3pez, quien ya ha probado con creces su estima por el arte argentino, <strong>no espera menos de las 9 galer\u00edas argentinas <\/strong>que acuden este a\u00f1o. Participan del programa central W\u2013galer\u00eda, Benzacar, Rolf Art, con un proyecto Mapa Teatro, Del Infinito, Pasto, Nora Fisch y Herlitzka &amp; Co., mientras que Isla Flotante y Remota volver\u00e1n a estar en las secciones &#8220;Perfiles: Arte Latinoamericano&#8221; y &#8220;Opening&#8221;. La salte\u00f1a Remota, que en 2024 fue saludada por el rey Felipe en su paseo inaugural, trae este a\u00f1o obra de uno de sus due\u00f1os, Guido Yannitto, un destacado innovador del arte en telar, e introduce en Espa\u00f1a al gran Luis \u201cPajita\u201d Garc\u00eda Bes, referente modernista del tapiz en los a\u00f1os 60 y 70. Maribel L\u00f3pez deja traslucir <strong>su entusiasmo personal por el solo show de Mariela Scafati <\/strong>en la galer\u00eda Isla Flotante.  <\/p>\n<\/div>\n<div class=\"sc-198be8ec-0 cynXbu image-embed  image-embed \"><picture class=\"sc-198be8ec-1 kOjRiQ\"><source media=\"(min-width: 975px)\" width=\"720\" height=\"480\" \/><img alt=\"En Remota, de Salta, obra de Guido Yannitto. \" loading=\"lazy\" width=\"720\" height=\"480\" decoding=\"async\" data-nimg=\"1\" style=\"color:transparent\" src=\"https:\/\/13.com.ar\/wp-content\/uploads\/2025\/02\/Los-curadores-siempre-estan-muy-interesados-en-las-galerias-argentinas.jpg\"\/><span class=\"epigraphe\">En Remota, de Salta, obra de Guido Yannitto. <\/span><span class=\"bkg\"\/><span class=\"picture-open\"><button class=\"open-image\" aria-label=\"Open Image\"\/><\/span><\/picture><\/div>\n<div class=\"sc-80531b6b-0 chRIGJ container-text text-embed\">\n<p>Este a\u00f1o ARCOmadrid celebrar\u00e1 su 44\u00aa edici\u00f3n con un proyecto central dedicado a la Amazon\u00eda, entendida como un universo creativo propio, que toca a varios pa\u00edses de Am\u00e9rica Latina. El programa, comisariado por Denilson Baniwa y Mar\u00eda Wills, en colaboraci\u00f3n con el Institute for Postnatural Studies, Wametis\u00e9: ideas para un amazofuturismo, busca dar relieve a las representaciones y cruces h\u00edbridos dentro de la bioesfera, entre los reinos animal, vegetal y humano. El sesgo de las <strong>emergencias clim\u00e1ticas y ambientales est\u00e1 m\u00e1s que sugerido, l<\/strong>o que invita al <strong>artivismo; no obstante, <\/strong>el tema contempla tanto el plano metaf\u00edsico como el industrial y la proyecci\u00f3n de las comunidades originarias.<\/p>\n<\/div>\n<div class=\"sc-80531b6b-0 chRIGJ container-text text-embed\">\n<p>En la secci\u00f3n Opening, que alberga a galer\u00edas de menos de 7 a\u00f1os, la curadur\u00eda ser\u00e1 de Cristina Anglada y Anissa Touati, mientras que &#8220;Perfiles | Arte Latinoamericano&#8221; (antes llamado &#8220;Nunca lo mismo&#8221;), tendr\u00e1 la curadur\u00eda de Jos\u00e9 Esparza Chong Cuy.<\/p>\n<\/div>\n<div class=\"sc-198be8ec-0 cynXbu image-embed  image-embed \"><picture class=\"sc-198be8ec-1 kOjRiQ\"><source media=\"(min-width: 975px)\" width=\"720\" height=\"480\" \/><img alt=\"Ser\u00e1 la gran presentaci\u00f3n del maestro salte\u00f1o Luis \u201cPajita\u201d Garc\u00eda Bes, referente modernista del tapiz en los a\u00f1os 60 y 70.\" loading=\"lazy\" width=\"720\" height=\"480\" decoding=\"async\" data-nimg=\"1\" style=\"color:transparent\" src=\"https:\/\/13.com.ar\/wp-content\/uploads\/2025\/02\/1739534297_600_Los-curadores-siempre-estan-muy-interesados-en-las-galerias-argentinas.jpg\"\/><span class=\"epigraphe\">Ser\u00e1 la gran presentaci\u00f3n del maestro salte\u00f1o Luis \u201cPajita\u201d Garc\u00eda Bes, referente modernista del tapiz en los a\u00f1os 60 y 70.<\/span><span class=\"bkg\"\/><span class=\"picture-open\"><button class=\"open-image\" aria-label=\"Open Image\"\/><\/span><\/picture><\/div>\n<div class=\"sc-80531b6b-0 chRIGJ container-text text-embed\">\n<p>Se podr\u00eda estimar a priori que este ARCO supondr\u00e1 un desaf\u00edo mayor al env\u00edo de Argentina, debido a la presencia este a\u00f1o de numerosas galer\u00edas de Brasil, un pa\u00eds con un mercado interno de arte contempor\u00e1neo prol\u00edfico y autosustentable, que en los \u00faltimos a\u00f1os hab\u00eda prescindido bastante de la feria espa\u00f1ola. <strong>Argentina viene de unos a\u00f1os preferenciales en esta feria, j<\/strong>ugando casi sola en n\u00famero frente al resto de las galer\u00edas latinoamericanas (por tres ediciones consecutivas, fueron galer\u00edas argentinas las distinguidas por diversos premios y por la visita de los Reyes en su recorrido de apertura). Tambi\u00e9n vendr\u00e1 a ARCO una galer\u00eda mexicana l\u00edder como Kurimanzutto. De hecho, la ausencia de M\u00e9xico y Brasil nos dio mucho avent\u00f3n y veremos si esto afecta a nuestras galer\u00edas. La directora Maribel L\u00f3pez no lo cree; hablamos con ella en la recta final antes de la apertura.<\/p>\n<\/div>\n<div class=\"sc-198be8ec-0 cynXbu image-embed  image-embed \"><picture class=\"sc-198be8ec-1 kOjRiQ\"><source media=\"(min-width: 975px)\" width=\"720\" height=\"480\" \/><img alt=\"El maestro salte\u00f1o Luis \u201cPajita\u201d Garc\u00eda Bes ha tenido una relectura decisiva en los \u00faltimos a\u00f1os, en el marco de la revalorizaci\u00f3n del arte textil. En la salte\u00f1a Remota.\" loading=\"lazy\" width=\"720\" height=\"480\" decoding=\"async\" data-nimg=\"1\" style=\"color:transparent\" src=\"https:\/\/13.com.ar\/wp-content\/uploads\/2025\/02\/1739534297_30_Los-curadores-siempre-estan-muy-interesados-en-las-galerias-argentinas.jpg\"\/><span class=\"epigraphe\">El maestro salte\u00f1o Luis \u201cPajita\u201d Garc\u00eda Bes ha tenido una relectura decisiva en los \u00faltimos a\u00f1os, en el marco de la revalorizaci\u00f3n del arte textil. En la salte\u00f1a Remota.<\/span><span class=\"bkg\"\/><span class=\"picture-open\"><button class=\"open-image\" aria-label=\"Open Image\"\/><\/span><\/picture><\/div>\n<div class=\"sc-80531b6b-0 chRIGJ container-text text-embed\">\n<p><strong>\u2013Tendremos 9 galer\u00edas este a\u00f1o. Es es casi milagroso que hayan podido asistir luego de un 2024 con un esfuerzo econ\u00f3mico tit\u00e1nico. Se ve distinto esta vez: ARCOmadrid pone el acento en Brasil y la comarca amaz\u00f3nica.<\/strong><\/p>\n<\/div>\n<div class=\"sc-80531b6b-0 chRIGJ container-text text-embed\">\n<p><strong> \u2013<\/strong>No hay de qu\u00e9 preocuparse; es solo un cambio tem\u00e1tico por un a\u00f1o, as\u00ed como en 2024 el foco fue el Caribe. No creo que necesariamente est\u00e9 unido. Habr\u00e1 m\u00e1s galer\u00edas de Brasil, es cierto, algunas de ellas nunca vinieron antes, como Aura, Carmen Johnson, Manaus. Pero esto no necesariamente est\u00e1 asociado al programa de Brasil.<\/p>\n<\/div>\n<div class=\"sc-80531b6b-0 chRIGJ container-text text-embed\">\n<p><strong>\u2013\u00bfCu\u00e1l es tu evaluaci\u00f3n de estos \u00faltimos a\u00f1os continuados de Argentina? Desde 2017, cuando fue el pa\u00eds invitado, la presencia no dej\u00f3 de crecer y se ha consolidado.<\/strong><\/p>\n<\/div>\n<div class=\"sc-80531b6b-0 chRIGJ container-text text-embed\">\n<p>\u2013Es la misma que ten\u00eda en 2024. M\u00e1s all\u00e1 de las compras del coleccionismo y de las compras institucionales, de las que el pa\u00eds ha gozado y que siempre nos movilizan mucho, el inter\u00e9s de los curadores internacionales por el arte argentino es alt\u00edsimo. Piensa que ganaron premios en la secci\u00f3n Opening y en la latinoamericana. Por eso es crucial ver que una vez m\u00e1s las galer\u00edas argentinas vuelven en bloque.<\/p>\n<\/div>\n<div class=\"sc-198be8ec-0 cynXbu image-embed  image-embed \"><picture class=\"sc-198be8ec-1 kOjRiQ\"><source media=\"(min-width: 975px)\" width=\"720\" height=\"480\" \/><img alt=\"Solo show de Mariela Scafati en Isla Flotante. \" loading=\"lazy\" width=\"720\" height=\"480\" decoding=\"async\" data-nimg=\"1\" style=\"color:transparent\" src=\"https:\/\/13.com.ar\/wp-content\/uploads\/2025\/02\/1739534297_390_Los-curadores-siempre-estan-muy-interesados-en-las-galerias-argentinas.jpg\"\/><span class=\"epigraphe\">Solo show de Mariela Scafati en Isla Flotante. <\/span><span class=\"bkg\"\/><span class=\"picture-open\"><button class=\"open-image\" aria-label=\"Open Image\"\/><\/span><\/picture><\/div>\n<div class=\"sc-4306f4f9-0 bAPCpp\">\n<div class=\"inner-card-m\">\n<div class=\"related-content\">\n<p><span class=\"body-title\">Mir\u00e1 tambi\u00e9n<\/span><\/p>\n<h3>Primeras ventas y distinciones: 12 galer\u00edas argentinas llevan el arte local a la Semana del Arte mexicana <\/h3>\n<source media=\"(min-width: 975px)\" width=\"340\" height=\"340\" \/><img alt=\"Primeras ventas y distinciones: 12 galer\u00edas argentinas llevan el arte local a la Semana del Arte mexicana \" loading=\"lazy\" width=\"340\" height=\"340\" decoding=\"async\" data-nimg=\"1\" style=\"color:transparent\" src=\"https:\/\/13.com.ar\/wp-content\/uploads\/2025\/02\/1739534297_729_Los-curadores-siempre-estan-muy-interesados-en-las-galerias-argentinas.jpg\"\/><\/div>\n<\/div>\n<\/div>\n<div class=\"sc-80531b6b-0 chRIGJ container-text text-embed\">\n<p><strong>\u2013Una galer\u00eda mediana, Del Infinito, ingresa directo a la secci\u00f3n principal, y regresa all\u00ed Pasto.<\/strong><\/p>\n<\/div>\n<div class=\"sc-80531b6b-0 chRIGJ container-text text-embed\">\n<p>\u2013S\u00ed, es una buena noticia porque, de verdad, acceder a la secci\u00f3n principal es complejo y muy exigente, no solo en t\u00e9rminos de presupuesto. Fijate que esta edici\u00f3n tiene nueve galer\u00edas m\u00e1s, ser\u00e1n 179; esto obedece a que este a\u00f1o hubo tantas buen\u00edsimas solicitudes. Tenemos una fidelidad del 90% entre las galer\u00edas, de manera que si ninguna quiere salir, no hay m\u00e1s sitio. Es dif\u00edcil entrar a ARCOmadrid desde la calle. Frente a esta dificultad, respaldamos mucho la inserci\u00f3n en la feria desde Opening, el espacio de las galer\u00edas n\u00f3veles. Todas las secciones son comisariadas, lo que implica que cada proyecto est\u00e1 superprotegido; quienes se estrenan son muy acompa\u00f1ados. Quiero decir, cuando pasan a la secci\u00f3n general, ya las conocemos muy bien. Es dif\u00edcil para todo el mundo entrar en la secci\u00f3n general. No tenemos cupos por pa\u00edses. Luciana Brito ha vuelto luego de haber estado en el comit\u00f1e y de haber salido. De hecho, es mas dif\u00edcil para las galer\u00edas espa\u00f1olas que para las internacionales.<\/p>\n<\/div>\n<div class=\"sc-4306f4f9-0 bAPCpp\">\n<div class=\"inner-card-m\">\n<div class=\"related-content\">\n<p><span class=\"body-title\">Mir\u00e1 tambi\u00e9n<\/span><\/p>\n<h3>Arte argentino en Madrid: ARCOmadrid 2025, Marta Minuj\u00edn y nuevas compras en el Reina Sof\u00eda<\/h3>\n<source media=\"(min-width: 975px)\" width=\"340\" height=\"340\" \/><img alt=\"Arte argentino en Madrid: ARCOmadrid 2025, Marta Minuj\u00edn y nuevas compras en el Reina Sof\u00eda\" loading=\"lazy\" width=\"340\" height=\"340\" decoding=\"async\" data-nimg=\"1\" style=\"color:transparent\" src=\"https:\/\/13.com.ar\/wp-content\/uploads\/2025\/02\/1739534297_817_Los-curadores-siempre-estan-muy-interesados-en-las-galerias-argentinas.jpg\"\/><\/div>\n<\/div>\n<\/div>\n<div class=\"sc-198be8ec-0 cynXbu image-embed  image-embed \"><picture class=\"sc-198be8ec-1 kOjRiQ\"><source media=\"(min-width: 975px)\" width=\"720\" height=\"480\" \/><img alt=\"Obra de Mariela Scafati, en la galer\u00eda Isla Flotante. \" loading=\"lazy\" width=\"720\" height=\"480\" decoding=\"async\" data-nimg=\"1\" style=\"color:transparent\" src=\"https:\/\/13.com.ar\/wp-content\/uploads\/2025\/02\/1739534297_316_Los-curadores-siempre-estan-muy-interesados-en-las-galerias-argentinas.jpg\"\/><span class=\"epigraphe\">Obra de Mariela Scafati, en la galer\u00eda Isla Flotante. <\/span><span class=\"bkg\"\/><span class=\"picture-open\"><button class=\"open-image\" aria-label=\"Open Image\"\/><\/span><\/picture><\/div>\n<div class=\"sc-80531b6b-0 chRIGJ container-text text-embed\">\n<p><strong>\u2013\u00bfC\u00f3mo ves la continuidad de la secci\u00f3n Perfiles? Este a\u00f1o ha quedado con solo un curador, Jos\u00e9 Esparza Chong.<\/strong><\/p>\n<\/div>\n<div class=\"sc-80531b6b-0 chRIGJ container-text text-embed\">\n<p>\u2013Claro, pues Manuela Moscoso cumpli\u00f3 su ciclo de dos a\u00f1os y por eso no est\u00e1 ya. A m\u00ed el gusta el di\u00e1logo entre dos curadores y volver\u00e1 a haberlos en 2026. A la secci\u00f3n latinoamericana va este a\u00f1o Kurimanzutto, la gran mexicana, que estuvo en 2005 y que yo invit\u00e9 en 2016. Y espero con entusiasmo lo que veremos en la porte\u00f1a Isla Flotante, con un solo show de la argentina Mariela Scaffati, a la que amo. Estar\u00e1 incre\u00edble.<\/p>\n<\/div>\n<div class=\"sc-198be8ec-0 cynXbu image-embed  image-embed \"><picture class=\"sc-198be8ec-1 kOjRiQ\"><source media=\"(min-width: 975px)\" width=\"720\" height=\"480\" \/><img alt=\"Pieza hist\u00f3rica de Mariela Scafati, de Basel a ARCOmadrid. \" loading=\"lazy\" width=\"720\" height=\"480\" decoding=\"async\" data-nimg=\"1\" style=\"color:transparent\" src=\"https:\/\/13.com.ar\/wp-content\/uploads\/2025\/02\/1739534297_104_Los-curadores-siempre-estan-muy-interesados-en-las-galerias-argentinas.jpg\"\/><span class=\"epigraphe\">Pieza hist\u00f3rica de Mariela Scafati, de Basel a ARCOmadrid. <\/span><span class=\"bkg\"\/><span class=\"picture-open\"><button class=\"open-image\" aria-label=\"Open Image\"\/><\/span><\/picture><\/div>\n<div class=\"sc-80531b6b-0 chRIGJ container-text text-embed\">\n<p>La atenci\u00f3n a Latinoam\u00e9rica se ve en cada pincelada de ARCOmadrid, en una especie de proyecto lateral sostenido a trav\u00e9s de los a\u00f1os. En 2025 el Premio \u201cA\u201d Honor\u00edfico por su apoyo al arte, ser\u00e1 para Patricia Phelps de Cisneros, benefactora decisiva del arte de la regi\u00f3n en instituciones estadounidenses, que desde hace un tiempo pasa muchos meses al a\u00f1o en Madrid, mientras Juan Carlos Maldonado tendr\u00e1 su premio al Coleccionismo Internacional. Adem\u00e1s de otros premiados peninsulares, el Premio \u201cA\u201d Colecci\u00f3n Joven Internacional ser\u00e1 para \u00c1lex Ruas Wege, un brasile\u00f1o que reside en Lisboa, donde ARCO tiene una segunda sede. <\/p>\n<\/div>\n<\/div>\n<p><br \/>\n<br \/><a href=\"https:\/\/www.clarin.com\/cultura\/curadores-siempre-interesados-galerias-argentinas_0_JbiF5mVn7G.html\">Fuente Clarin.com <\/a><\/p>\n","protected":false},"excerpt":{"rendered":"<p>El verano nos depar\u00f3 un se\u00f1ero env\u00edo a la feria Zona Maco, de M\u00e9xico, la m\u00e1s grande de Latinoam\u00e9rica. Entre las 12 galer\u00edas argentinas presentes, muchas fueron de estreno, como Gachi Prieto, y se lograron ventas destacadas \u2013una obra textil de la joven Candelaria Traverso, de la serie Chakana, al coleccionista cubano Jorge P\u00e9rez y [&hellip;]<\/p>\n","protected":false},"author":1,"featured_media":4821,"comment_status":"open","ping_status":"open","sticky":false,"template":"","format":"standard","meta":{"footnotes":""},"categories":[2],"tags":[63,6826,2376,4727,6827,48,28,188,2789],"class_list":["post-4820","post","type-post","status-publish","format-standard","has-post-thumbnail","hentry","category-ultimas-noticias","tag-argentinas","tag-curadores","tag-estan","tag-galerias","tag-interesados","tag-las","tag-los","tag-muy","tag-siempre"],"_links":{"self":[{"href":"https:\/\/13.com.ar\/index.php\/wp-json\/wp\/v2\/posts\/4820","targetHints":{"allow":["GET"]}}],"collection":[{"href":"https:\/\/13.com.ar\/index.php\/wp-json\/wp\/v2\/posts"}],"about":[{"href":"https:\/\/13.com.ar\/index.php\/wp-json\/wp\/v2\/types\/post"}],"author":[{"embeddable":true,"href":"https:\/\/13.com.ar\/index.php\/wp-json\/wp\/v2\/users\/1"}],"replies":[{"embeddable":true,"href":"https:\/\/13.com.ar\/index.php\/wp-json\/wp\/v2\/comments?post=4820"}],"version-history":[{"count":0,"href":"https:\/\/13.com.ar\/index.php\/wp-json\/wp\/v2\/posts\/4820\/revisions"}],"wp:featuredmedia":[{"embeddable":true,"href":"https:\/\/13.com.ar\/index.php\/wp-json\/wp\/v2\/media\/4821"}],"wp:attachment":[{"href":"https:\/\/13.com.ar\/index.php\/wp-json\/wp\/v2\/media?parent=4820"}],"wp:term":[{"taxonomy":"category","embeddable":true,"href":"https:\/\/13.com.ar\/index.php\/wp-json\/wp\/v2\/categories?post=4820"},{"taxonomy":"post_tag","embeddable":true,"href":"https:\/\/13.com.ar\/index.php\/wp-json\/wp\/v2\/tags?post=4820"}],"curies":[{"name":"wp","href":"https:\/\/api.w.org\/{rel}","templated":true}]}}