{"id":4810,"date":"2025-02-14T07:51:31","date_gmt":"2025-02-14T10:51:31","guid":{"rendered":"https:\/\/13.com.ar\/index.php\/por-que-en-este-pais-no-se-celebra-san-valentin-y-con-que-celebracion-lo-reemplazan\/"},"modified":"2025-02-14T07:51:31","modified_gmt":"2025-02-14T10:51:31","slug":"por-que-en-este-pais-no-se-celebra-san-valentin-y-con-que-celebracion-lo-reemplazan","status":"publish","type":"post","link":"https:\/\/13.com.ar\/index.php\/por-que-en-este-pais-no-se-celebra-san-valentin-y-con-que-celebracion-lo-reemplazan\/","title":{"rendered":"\u00bfPor qu\u00e9 en este pa\u00eds no se celebra San Valent\u00edn y con qu\u00e9 celebraci\u00f3n lo reemplazan?"},"content":{"rendered":"<p> <br \/>\n<\/p>\n<div id=\"cuerpo\">\n<div class=\"sc-80531b6b-0 chRIGJ container-text text-embed\">\n<p>Cada 14 de febrero, <strong>el D\u00eda de los Enamorados<\/strong>, es el elegido para celebrar el<strong> romance <\/strong>en numerosas partes del mundo. Los novios aprovechan esta ocasi\u00f3n para demostrar sus sentimientos y compartir un momento especial.<\/p>\n<\/div>\n<div class=\"sc-80531b6b-0 chRIGJ container-text text-embed\">\n<p><strong>El amor es universal<\/strong>, sin embargo, hay pa\u00edses en donde sus habitantes no le dan tanta importancia a esta fecha, o le dan otro significado.<\/p>\n<\/div>\n<div class=\"sc-80531b6b-0 chRIGJ container-text text-embed\">\n<p>Para aquellos que no tienen pareja o que no les gustan las fechas comerciales como esta, existen destinos ideales en donde no deben preocuparse por el <strong>D\u00eda de<\/strong> <strong>San Valent\u00edn <\/strong>no tiene tanta relevancia, tal es caso de <strong>Finlandia,<\/strong> que festeja <strong>otro acontecimiento<\/strong>.<\/p>\n<\/div>\n<div class=\"sc-80531b6b-0 chRIGJ container-text text-embed\">\n<p>En este pa\u00eds, este evento lleva el nombre <strong>Yst\u00e4v\u00e4np\u00e4iv\u00e4<\/strong>, que se traduce como <strong>D\u00eda de la Amistad<\/strong>, por lo tanto no est\u00e1 dedicado exclusivamente a los novios.<\/p>\n<\/div>\n<div class=\"sc-80531b6b-0 chRIGJ container-text text-embed\">\n<p>En esta jornada, los <strong>finlandeses<\/strong> demuestran su cari\u00f1o a la familia, los vecinos, los compa\u00f1eros de estudio y trabajo. Todos los seres queridos pueden recibir flores, chocolates, peluches o ser invitados al cine o a una cena especial.<\/p>\n<\/div>\n<div class=\"sc-80531b6b-0 chRIGJ container-text text-embed\">\n<p>Si bien hay <strong>parejas<\/strong> que, durante este d\u00eda, eligen planificar algo distinto con su c\u00f3nyuge, <strong>no son la mayor\u00eda<\/strong>. Los bares, restaurantes y discotecas est\u00e1n pobladas por grupos de amigos.<\/p>\n<\/div>\n<p><h2>Finlandia festeja el D\u00eda de la Amistad, no el D\u00eda de los Enamorados<\/h2>\n<\/p>\n<div class=\"sc-80531b6b-0 chRIGJ container-text text-embed\">\n<p>Al igual que en <strong>Puerto Rico, Estonia, Rep\u00fablica Dominicana y Per\u00fa<\/strong>, las parejas pasan de ser percibidas en este d\u00eda. En cambio, si se habla de <strong>amistad<\/strong>, las personas organizan con antelaci\u00f3n distintos planes con sus mejores amigos.<\/p>\n<\/div>\n<div class=\"sc-198be8ec-0 cynXbu image-embed  image-embed \"><picture class=\"sc-198be8ec-1 kOjRiQ\"><source media=\"(min-width: 975px)\" width=\"2000\" height=\"1500\" \/><img alt=\"En Finlandia 14 de febrero, o tambi\u00e9n llamado Yst\u00e4v\u00e4np\u00e4iv\u00e4, se celebra el d\u00eda de la amistad.&#10; Foto (ilustraci\u00f3n): Shutterstock\" loading=\"lazy\" width=\"2000\" height=\"1500\" decoding=\"async\" data-nimg=\"1\" style=\"color:transparent\" src=\"https:\/\/13.com.ar\/wp-content\/uploads\/2025\/02\/\u00bfPor-que-en-este-pais-no-se-celebra-San-Valentin.jpg\"\/><span class=\"epigraphe\">En Finlandia 14 de febrero, o tambi\u00e9n llamado Yst\u00e4v\u00e4np\u00e4iv\u00e4, se celebra el d\u00eda de la amistad.<br \/>\n Foto (ilustraci\u00f3n): Shutterstock<\/span><span class=\"bkg\"\/><span class=\"picture-open\"><button class=\"open-image\" aria-label=\"Open Image\"\/><\/span><\/picture><\/div>\n<div class=\"sc-80531b6b-0 chRIGJ container-text text-embed\">\n<p>Pero no siempre fue as\u00ed, la <strong>cultura finlandesa<\/strong> ha anclado en su calendario el <strong>D\u00eda del Amigo<\/strong> a fines de la d\u00e9cada de los 80. Desde entonces, es la segunda fecha m\u00e1s esperada y festejada por sus ciudadanos. La primera, como todo pa\u00eds cristiano, es la navidad.<\/p>\n<\/div>\n<div class=\"sc-80531b6b-0 chRIGJ container-text text-embed\">\n<p>Una tradici\u00f3n muy utilizada por ellos durante este d\u00eda es, entre otras opciones,<strong> regalar tarjetas<\/strong> para demostrar su cari\u00f1o. Algunos las imprimen con postales y dise\u00f1os personalizados, otros se toman el tiempo de hacerlas a mano.<\/p>\n<\/div>\n<div class=\"sc-80531b6b-0 chRIGJ container-text text-embed\">\n<p>La sede finlandesa de la <strong>Cruz Roja<\/strong> fue la primera en imprimir y enviar sus propias tarjetas y luego se convirti\u00f3 en un gesto recurrente durante entre amigos.<\/p>\n<\/div>\n<div class=\"sc-80531b6b-0 chRIGJ container-text text-embed\">\n<p>En el a\u00f1o 2015, <strong>El Servicio Nacional de Correos finlandesa, Posti,<\/strong> registr\u00f3 el env\u00edo de 3 millones. Cada a\u00f1o publicitan su servicio de env\u00edos con semanas de anticipaci\u00f3n ya que reciben miles de pedidos.<\/p>\n<\/div>\n<div class=\"sc-198be8ec-0 cynXbu image-embed  image-embed \"><picture class=\"sc-198be8ec-1 kOjRiQ\"><source media=\"(min-width: 975px)\" width=\"720\" height=\"480\" \/><img alt=\"Una tradici\u00f3n muy utilizada por los finlandeses es regalar tarjetas por el d\u00eda de los enamorados.&#10;Foto ilustraci\u00f3n: Shutterstock.\" loading=\"lazy\" width=\"720\" height=\"480\" decoding=\"async\" data-nimg=\"1\" style=\"color:transparent\" src=\"https:\/\/13.com.ar\/wp-content\/uploads\/2025\/02\/1739530291_391_\u00bfPor-que-en-este-pais-no-se-celebra-San-Valentin.jpg\"\/><span class=\"epigraphe\">Una tradici\u00f3n muy utilizada por los finlandeses es regalar tarjetas por el d\u00eda de los enamorados.<br \/>\nFoto ilustraci\u00f3n: Shutterstock.<\/span><span class=\"bkg\"\/><span class=\"picture-open\"><button class=\"open-image\" aria-label=\"Open Image\"\/><\/span><\/picture><\/div>\n<div class=\"sc-80531b6b-0 chRIGJ container-text text-embed\">\n<p>Los ni\u00f1os no quedan excluidos de esta festividad. Los alumnos de la escuela primaria suelen dedicar parte de la clase a recortar corazones y escribir alg\u00fan mensaje bonito en ellos para entreg\u00e1rselo a su compa\u00f1ero favorito.<\/p>\n<\/div>\n<div class=\"sc-80531b6b-0 chRIGJ container-text text-embed\">\n<p>Uno de los motivos por lo que esta parte del mundo <strong>no le interesa <\/strong>dedicarle un momento al romanticismo es porque quienes viven all\u00ed consideran que el D\u00eda de los Enamorados se trata de una tradici\u00f3n ligada a pa\u00edses anglosajones, &#8220;muy estadounidense&#8221; para su gusto.<\/p>\n<\/div>\n<div class=\"sc-80531b6b-0 chRIGJ container-text text-embed\">\n<p>Adem\u00e1s, los locales no acostumbran a <strong>demostrar p\u00fablicamente<\/strong> afecto con <strong>abrazos o besos<\/strong>, prefieren hacerlo de la puerta para adentro. Lo que vuelve m\u00e1s l\u00f3gico que las parejas no anden deambulando durante este d\u00eda.<\/p>\n<\/div>\n<\/div>\n<p><br \/>\n<br \/><a href=\"https:\/\/www.clarin.com\/internacional\/pais-celebra-san-valentin-celebracion-reemplazan_0_ZHDHVuycF3.html\">Fuente Clarin.com <\/a><\/p>\n","protected":false},"excerpt":{"rendered":"<p>Cada 14 de febrero, el D\u00eda de los Enamorados, es el elegido para celebrar el romance en numerosas partes del mundo. Los novios aprovechan esta ocasi\u00f3n para demostrar sus sentimientos y compartir un momento especial. El amor es universal, sin embargo, hay pa\u00edses en donde sus habitantes no le dan tanta importancia a esta fecha, [&hellip;]<\/p>\n","protected":false},"author":1,"featured_media":4811,"comment_status":"open","ping_status":"open","sticky":false,"template":"","format":"standard","meta":{"footnotes":""},"categories":[2],"tags":[5144,1298,18,139,134,142,286,6817,451,5350],"class_list":["post-4810","post","type-post","status-publish","format-standard","has-post-thumbnail","hentry","category-ultimas-noticias","tag-celebra","tag-celebracion","tag-con","tag-este","tag-pais","tag-por","tag-que","tag-reemplazan","tag-san","tag-valentin"],"_links":{"self":[{"href":"https:\/\/13.com.ar\/index.php\/wp-json\/wp\/v2\/posts\/4810","targetHints":{"allow":["GET"]}}],"collection":[{"href":"https:\/\/13.com.ar\/index.php\/wp-json\/wp\/v2\/posts"}],"about":[{"href":"https:\/\/13.com.ar\/index.php\/wp-json\/wp\/v2\/types\/post"}],"author":[{"embeddable":true,"href":"https:\/\/13.com.ar\/index.php\/wp-json\/wp\/v2\/users\/1"}],"replies":[{"embeddable":true,"href":"https:\/\/13.com.ar\/index.php\/wp-json\/wp\/v2\/comments?post=4810"}],"version-history":[{"count":0,"href":"https:\/\/13.com.ar\/index.php\/wp-json\/wp\/v2\/posts\/4810\/revisions"}],"wp:featuredmedia":[{"embeddable":true,"href":"https:\/\/13.com.ar\/index.php\/wp-json\/wp\/v2\/media\/4811"}],"wp:attachment":[{"href":"https:\/\/13.com.ar\/index.php\/wp-json\/wp\/v2\/media?parent=4810"}],"wp:term":[{"taxonomy":"category","embeddable":true,"href":"https:\/\/13.com.ar\/index.php\/wp-json\/wp\/v2\/categories?post=4810"},{"taxonomy":"post_tag","embeddable":true,"href":"https:\/\/13.com.ar\/index.php\/wp-json\/wp\/v2\/tags?post=4810"}],"curies":[{"name":"wp","href":"https:\/\/api.w.org\/{rel}","templated":true}]}}