{"id":4808,"date":"2025-02-14T07:48:29","date_gmt":"2025-02-14T10:48:29","guid":{"rendered":"https:\/\/13.com.ar\/index.php\/cuanto-cobran-las-nineras-y-cuidadores-de-adultos-en-febrero-de-2025\/"},"modified":"2025-02-14T07:48:29","modified_gmt":"2025-02-14T10:48:29","slug":"cuanto-cobran-las-nineras-y-cuidadores-de-adultos-en-febrero-de-2025","status":"publish","type":"post","link":"https:\/\/13.com.ar\/index.php\/cuanto-cobran-las-nineras-y-cuidadores-de-adultos-en-febrero-de-2025\/","title":{"rendered":"Cu\u00e1nto cobran las ni\u00f1eras y cuidadores de adultos en febrero de 2025"},"content":{"rendered":"<p> <br \/>\n<br \/><img decoding=\"async\" src=\"https:\/\/13.com.ar\/wp-content\/uploads\/2025\/02\/Cuanto-cobran-las-nineras-y-cuidadores-de-adultos-en-febrero.jpg\" \/><\/p>\n<div>\n<p>Luego de varios meses de espera, las <strong>ni\u00f1eras y cuidadores de adultos<\/strong> tendr\u00e1n un incremento salarial de cara a<strong> febrero de 2025 <\/strong>teniendo en cuenta el acuerdo ente la Comisi\u00f3n de Casas Particulares (CNTCP) y el gremio del sector. De esta manera, el segundo mes del a\u00f1o los sueldos ver\u00e1n reflejados un aumento de 1,3% de aumento sobre el sueldo de noviembre y un 1,2% sobre el sueldo de diciembre.<\/p>\n<\/div>\n<div>\n<p>El \u00faltimo hab\u00eda llegado en octubre de 2024 para aquellas trabajadoras o trabajadores de casas particulares que est\u00e9n registradas formalmente en la <strong>Agencia de Recaudaci\u00f3n y Control Aduanero (ARCA)<\/strong>, anteriormente conocida como Administraci\u00f3n Federal de Ingresos P\u00fablicos (AFIP). <\/p>\n<\/div>\n<div>\n<p>En ese sentido, este \u00faltimo incremento estuvo dividido en septiembre (3,2% sobre el sueldo de agosto) y octubre (2,8% sobre el sueldo de septiembre). Fue destinado a las trabajadoras o trabajadores de casas particulares registradas formalmente por su empleador.<\/p>\n<\/div>\n<div>\n<p>Con este \u00faltimo aumento, los valores quedaron determinados de la siguiente manera, aunque hay que tener en cuenta que se califican por hora con retiro u hora sin retiro. Adem\u00e1s, tambi\u00e9n cabe destacar que estos valores sirven para<strong> trabajadores comprendidos en el r\u00e9gimen establecido por la Ley n\u00b0 26.844<\/strong> y quienes trabajen para un mismo empleador menos de 24 horas semanales.<\/p>\n<\/div>\n<div>\n<p>Luego, cada empleada puede acordar si est\u00e1n contratadas por<strong> horas, por jornada o por mes<\/strong>, aunque para todas deben tener en cuenta el valor por hora indicado anteriormente. De esta forma, el esquema mensual quedar\u00eda con <strong>estos montos:<\/strong><\/p>\n<\/div>\n<div>\n<p>Adem\u00e1s del salario correspondiente, las ni\u00f1eras y cuidadores de adultos deber\u00e1n<strong> calcular el 1% por cada a\u00f1o trabajado para poder calcular su antig\u00fcedad. <\/strong>Se debe incluir como un nuevo \u00edtem en los recibos de sueldo para facilitar su identificaci\u00f3n. Las empleadoras y los empleadores deber\u00e1n abonar un<strong> adicional del 1% por a\u00f1o sobre los salarios mensuales para el personal dom\u00e9stico.<\/strong><\/p>\n<\/div>\n<div>\n<p>Esta liquidaci\u00f3n es generalizada y abarca a todas las relaciones laborales vigentes. El concepto estar\u00e1 incluido como un nuevo \u00edtem en los recibos de sueldo para facilitar su identificaci\u00f3n.<strong> Se deber\u00e1 calcular el 1% por cada a\u00f1o trabajado y consignar en el \u00edtem \u201cAntig\u00fcedad\u201d.<\/strong> El sistema emitir\u00e1 el recibo final con todos los conceptos declarados&#8221;, explica la web oficial del Ministerio de Capital Humano.<\/p>\n<\/div>\n<div>\n<p>Adem\u00e1s, se indica que cuando el personal preste servicios en horas extra se deber\u00e1 abonar: &#8220;Un recargo del 50% calculado sobre el salario habitual si se tratare de d\u00edas comunes. Un recargo del 100% calculado sobre el salario habitual en d\u00edas s\u00e1bados despu\u00e9s de las trece horas, en d\u00edas domingo y feriados&#8221;.<\/p>\n<\/div>\n<div>\n<p>No obstante, antes habr\u00e1 que presentar los siguientes datos personales ante el empleador para poder sumarlo al pago total:<\/p>\n<\/div>\n<p><br \/>\n<br \/><a href=\"https:\/\/www.clarin.com\/informacion-general\/cobran-nineras-cuidadores-adultos-febrero-2025_0_Awwv3wDJAS.html\">Fuente Clarin.com <\/a><\/p>\n","protected":false},"excerpt":{"rendered":"<p>Luego de varios meses de espera, las ni\u00f1eras y cuidadores de adultos tendr\u00e1n un incremento salarial de cara a febrero de 2025 teniendo en cuenta el acuerdo ente la Comisi\u00f3n de Casas Particulares (CNTCP) y el gremio del sector. De esta manera, el segundo mes del a\u00f1o los sueldos ver\u00e1n reflejados un aumento de 1,3% [&hellip;]<\/p>\n","protected":false},"author":1,"featured_media":4809,"comment_status":"open","ping_status":"open","sticky":false,"template":"","format":"standard","meta":{"footnotes":""},"categories":[2],"tags":[4395,6423,448,6816,1823,48,6815],"class_list":["post-4808","post","type-post","status-publish","format-standard","has-post-thumbnail","hentry","category-ultimas-noticias","tag-adultos","tag-cobran","tag-cuanto","tag-cuidadores","tag-febrero","tag-las","tag-nineras"],"_links":{"self":[{"href":"https:\/\/13.com.ar\/index.php\/wp-json\/wp\/v2\/posts\/4808","targetHints":{"allow":["GET"]}}],"collection":[{"href":"https:\/\/13.com.ar\/index.php\/wp-json\/wp\/v2\/posts"}],"about":[{"href":"https:\/\/13.com.ar\/index.php\/wp-json\/wp\/v2\/types\/post"}],"author":[{"embeddable":true,"href":"https:\/\/13.com.ar\/index.php\/wp-json\/wp\/v2\/users\/1"}],"replies":[{"embeddable":true,"href":"https:\/\/13.com.ar\/index.php\/wp-json\/wp\/v2\/comments?post=4808"}],"version-history":[{"count":0,"href":"https:\/\/13.com.ar\/index.php\/wp-json\/wp\/v2\/posts\/4808\/revisions"}],"wp:featuredmedia":[{"embeddable":true,"href":"https:\/\/13.com.ar\/index.php\/wp-json\/wp\/v2\/media\/4809"}],"wp:attachment":[{"href":"https:\/\/13.com.ar\/index.php\/wp-json\/wp\/v2\/media?parent=4808"}],"wp:term":[{"taxonomy":"category","embeddable":true,"href":"https:\/\/13.com.ar\/index.php\/wp-json\/wp\/v2\/categories?post=4808"},{"taxonomy":"post_tag","embeddable":true,"href":"https:\/\/13.com.ar\/index.php\/wp-json\/wp\/v2\/tags?post=4808"}],"curies":[{"name":"wp","href":"https:\/\/api.w.org\/{rel}","templated":true}]}}