{"id":4804,"date":"2025-02-14T07:34:28","date_gmt":"2025-02-14T10:34:28","guid":{"rendered":"https:\/\/13.com.ar\/index.php\/el-papa-francisco-fue-hospitalizado-para-someterse-a-pruebas-medicas-y-tratar-su-bronquitis\/"},"modified":"2025-02-14T07:34:28","modified_gmt":"2025-02-14T10:34:28","slug":"el-papa-francisco-fue-hospitalizado-para-someterse-a-pruebas-medicas-y-tratar-su-bronquitis","status":"publish","type":"post","link":"https:\/\/13.com.ar\/index.php\/el-papa-francisco-fue-hospitalizado-para-someterse-a-pruebas-medicas-y-tratar-su-bronquitis\/","title":{"rendered":"El papa Francisco fue hospitalizado para someterse a pruebas m\u00e9dicas y tratar su bronquitis"},"content":{"rendered":"<p> <br \/>\n<br \/><img decoding=\"async\" src=\"https:\/\/13.com.ar\/wp-content\/uploads\/2025\/02\/El-papa-Francisco-fue-hospitalizado-para-someterse-a-pruebas-medicas.jpg\" \/><\/p>\n<div>\n<p><strong>El papa Francisco<\/strong> <strong>ingres\u00f3 en la ma\u00f1ana de este viernes al hospital Agostino Gemelli <\/strong>de la ciudad de Roma para someterse a pruebas m\u00e9dicas y<strong> continuar el tratamiento de la bronquitis<\/strong>, inform\u00f3 el Vaticano.<\/p>\n<\/div>\n<div>\n<p>El pont\u00edfice argentino, de 88 a\u00f1os, fue ingresado tras sus audiencias matinales, precisaron fuentes oficiales. En los \u00faltimos d\u00edas, <strong>hab\u00eda mostrado dificultades para respirar<\/strong> y hasta tuvo que pedirles a sus asistentes que leyeran sus intervenciones.<\/p>\n<\/div>\n<div>\n<p>El pasado mi\u00e9rcoles, Francisco <strong>le pidi\u00f3 a un sacerdote leer su discurso <\/strong>durante su audiencia semanal en el Vaticano. &#8220;D\u00e9jenme pedirle al padre que contin\u00fae leyendo porque a\u00fan no puedo con mi bronquitis. Espero que la pr\u00f3xima vez pueda&#8221;, expres\u00f3, poco despu\u00e9s de haber iniciado el mensaje. Sin embargo, retom\u00f3 la palabra al final de la audiencia para saludar a los peregrinos italianos y pedir nuevamente rezar por la paz en el mundo.<\/p>\n<\/div>\n<div>\n<p>En la misa del domingo, el sumo pont\u00edfice tambi\u00e9n hab\u00eda pedido ayuda para terminar de leer su homil\u00eda debido a dificultades &#8220;para respirar&#8221;.<\/p>\n<\/div>\n<div>\n<p>El Vaticano hab\u00eda anunciado a principios de mes que Francisco celebrar\u00eda sus audiencias del 6 y 7 de febrero en su casa para recuperarse de la bronquitis.<\/p>\n<\/div>\n<div>\n<p>Jorge Mario Bergoglio, electo papa en 2013, present\u00f3 en los \u00faltimos a\u00f1os varios problemas de salud, incluyendo dolores de rodillas y caderas, inflamaci\u00f3n del colon y una operaci\u00f3n de hernia.<\/p>\n<\/div>\n<div>\n<p>Francisco, a quien le extirparon una parte de su pulm\u00f3n cuando era joven, fue hospitalizado durante tres noches en 2023 debido a una bronquitis que fue tratada con antibi\u00f3ticos.<\/p>\n<\/div>\n<p><br \/>\n<br \/><a href=\"https:\/\/www.clarin.com\/mundo\/papa-francisco-hospitalizado-someterse-pruebas-medicas-tratar-bronquitis_0_PZkqSNWP11.html\">Fuente Clarin.com <\/a><\/p>\n","protected":false},"excerpt":{"rendered":"<p>El papa Francisco ingres\u00f3 en la ma\u00f1ana de este viernes al hospital Agostino Gemelli de la ciudad de Roma para someterse a pruebas m\u00e9dicas y continuar el tratamiento de la bronquitis, inform\u00f3 el Vaticano. El pont\u00edfice argentino, de 88 a\u00f1os, fue ingresado tras sus audiencias matinales, precisaron fuentes oficiales. En los \u00faltimos d\u00edas, hab\u00eda mostrado [&hellip;]<\/p>\n","protected":false},"author":1,"featured_media":4805,"comment_status":"open","ping_status":"open","sticky":false,"template":"","format":"standard","meta":{"footnotes":""},"categories":[2],"tags":[4820,917,105,6285,6812,2919,16,5295,4589,2020],"class_list":["post-4804","post","type-post","status-publish","format-standard","has-post-thumbnail","hentry","category-ultimas-noticias","tag-bronquitis","tag-francisco","tag-fue","tag-hospitalizado","tag-medicas","tag-papa","tag-para","tag-pruebas","tag-someterse","tag-tratar"],"_links":{"self":[{"href":"https:\/\/13.com.ar\/index.php\/wp-json\/wp\/v2\/posts\/4804","targetHints":{"allow":["GET"]}}],"collection":[{"href":"https:\/\/13.com.ar\/index.php\/wp-json\/wp\/v2\/posts"}],"about":[{"href":"https:\/\/13.com.ar\/index.php\/wp-json\/wp\/v2\/types\/post"}],"author":[{"embeddable":true,"href":"https:\/\/13.com.ar\/index.php\/wp-json\/wp\/v2\/users\/1"}],"replies":[{"embeddable":true,"href":"https:\/\/13.com.ar\/index.php\/wp-json\/wp\/v2\/comments?post=4804"}],"version-history":[{"count":0,"href":"https:\/\/13.com.ar\/index.php\/wp-json\/wp\/v2\/posts\/4804\/revisions"}],"wp:featuredmedia":[{"embeddable":true,"href":"https:\/\/13.com.ar\/index.php\/wp-json\/wp\/v2\/media\/4805"}],"wp:attachment":[{"href":"https:\/\/13.com.ar\/index.php\/wp-json\/wp\/v2\/media?parent=4804"}],"wp:term":[{"taxonomy":"category","embeddable":true,"href":"https:\/\/13.com.ar\/index.php\/wp-json\/wp\/v2\/categories?post=4804"},{"taxonomy":"post_tag","embeddable":true,"href":"https:\/\/13.com.ar\/index.php\/wp-json\/wp\/v2\/tags?post=4804"}],"curies":[{"name":"wp","href":"https:\/\/api.w.org\/{rel}","templated":true}]}}