{"id":4803,"date":"2025-02-14T07:25:49","date_gmt":"2025-02-14T10:25:49","guid":{"rendered":"https:\/\/13.com.ar\/index.php\/el-gobierno-declaro-organizacion-terrorista-a-la-organizacion-mapuche-ram-a-traves-de-un-decreto-en-el-boletin-oficial\/"},"modified":"2025-02-14T07:25:49","modified_gmt":"2025-02-14T10:25:49","slug":"el-gobierno-declaro-organizacion-terrorista-a-la-organizacion-mapuche-ram-a-traves-de-un-decreto-en-el-boletin-oficial","status":"publish","type":"post","link":"https:\/\/13.com.ar\/index.php\/el-gobierno-declaro-organizacion-terrorista-a-la-organizacion-mapuche-ram-a-traves-de-un-decreto-en-el-boletin-oficial\/","title":{"rendered":"El Gobierno declar\u00f3 organizaci\u00f3n terrorista a la organizaci\u00f3n mapuche RAM a trav\u00e9s de un decreto en el Bolet\u00edn Oficial"},"content":{"rendered":"<p> <br \/>\n<br \/><img decoding=\"async\" src=\"https:\/\/13.com.ar\/wp-content\/uploads\/2025\/02\/El-Gobierno-declaro-organizacion-terrorista-a-la-RAM-apuntada-por.jpg\" \/><\/p>\n<div id=\"cuerpo\">\n<div class=\"sc-80531b6b-0 chRIGJ container-text text-embed\">\n<p>El Gobierno public\u00f3 en las primeras horas de este viernes un decreto en el que decidi\u00f3 la inscripci\u00f3n de la organizaci\u00f3n Resistencia Ancentral Mapuche (RAM) en el Registro P\u00fablico de Personas y entidades vinculadas a actos de terrorismo y su financiameinto (RePet).<\/p>\n<\/div>\n<div class=\"sc-80531b6b-0 chRIGJ container-text text-embed\">\n<p>El texto viene a modificar un decreto de 2012 y lleva la firma de la ministra de Seguridad Patricia Bullrich y surge a partir de la nueva vinculaci\u00f3n del grupo que comanda Facundo Jones Huala con el incendio de una estancia en Trevelin, Chubut, hecho por el que fue detenida una mujer de 34 a\u00f1os. Y en un contexto de extrema alarma en la Patagonia por los incendios que est\u00e1n afectando varias provincias, especialmente la localidad de El Bols\u00f3n.<\/p>\n<\/div>\n<div class=\"sc-80531b6b-0 chRIGJ container-text text-embed\">\n<p>En el decreto, el Gobierno repasa una serie de puntos que enmarcan la gravedad de los episodios de violencia llevados adelante por la RAM, de la que asegura &#8220;act\u00faa en coordinaci\u00f3n con otras agrupaciones con nombres de fantas\u00eda, pero que sin duda responden a su coordinaci\u00f3n y al alcance de los mismos objetivos&#8221;.<\/p>\n<\/div>\n<div class=\"sc-80531b6b-0 chRIGJ container-text text-embed\">\n<p>A\u00f1ade, en ese sentido, &#8220;que la complejidad y el alcance del abordaje de las conductas criminales vinculadas con el crimen organizado demandan un esfuerzo a nivel nacional para concebir estrategias de intervenci\u00f3n adecuadas que permitan la optimizaci\u00f3n en la asignaci\u00f3n de recursos y contribuyan a la mejora de los resultados de las investigaciones&#8221;.<\/p>\n<\/div>\n<div class=\"sc-80531b6b-0 chRIGJ container-text text-embed\">\n<p>Sostiene tambi\u00e9n, &#8220;que el crimen organizado constituye una amenaza grave para la seguridad nacional y el orden p\u00fablico que demanda respuestas urgentes y contundentes por parte de los distintos actores del Estado involucrados en la prevenci\u00f3n, la investigaci\u00f3n y la represi\u00f3n de la criminalidad organizada&#8221;. Y argumenta &#8220;que es necesario cortar todo tipo de financiaci\u00f3n con la que puedan contar estos grupos violentos para llevar a cabo sus perversos fines&#8221;.<\/p>\n<\/div>\n<div class=\"sc-80531b6b-0 chRIGJ container-text text-embed\">\n<p>A partir de eso, considera el escrito firmado por Bullrich &#8220;deviene necesario dar curso inmediato a las gestiones administrativas pertinentes a efectos de la inscripci\u00f3n de la organizaci\u00f3n RAM en el RePet. Adem\u00e1s, en un anexo el ministerio repasa las 136 acciones de terrorismo llevadas a cabo por los mapuches extremistas desde 2010 hasta la actualidad, todas en las provincias de Chubut, R\u00edo Negro y Neuqu\u00e9n.<\/p>\n<\/div>\n<div class=\"sc-80531b6b-0 chRIGJ container-text text-embed\">\n<p>El Gobierno, en ese documento, define a la RAM como &#8220;un grupo etno-nacionalista que act\u00faa con extrema violencia, cuyos activistas cometen delitos contra la propiedad, contra la seguridad p\u00fablica, contra la naturaleza, contra el orden p\u00fablico, contra las personas y contra la infraestructura cr\u00edtica, infundiendo el temor en las zonas territoriales donde act\u00faan, con el objetivo de promover la lucha insurreccional contra el Estado argentino y la propiedad privada de la tierra&#8221;.<\/p>\n<\/div>\n<p><h2>El anticipo que hab\u00eda hecho el Gobierno este mes<\/h2>\n<\/p>\n<div class=\"sc-80531b6b-0 chRIGJ container-text text-embed\">\n<p>La declaraci\u00f3n de RAM como orgnizaci\u00f3n terrorista la hab\u00eda anunciado el vocero presidencial Manuel Adorni la semana pasada, el mi\u00e9rcoles 5, cuando se anunci\u00f3 que revoc\u00f3, a trav\u00e9s de un decreto en el Bolet\u00edn Oficial, la cesi\u00f3n de miles de hect\u00e1reas de tierras en Mendoza.<\/p>\n<\/div>\n<div class=\"sc-80531b6b-0 chRIGJ container-text text-embed\">\n<p>&#8220;Se va a declarar organizaci\u00f3n terrorista a la RAM. El Ministerio de Seguridad ya est\u00e1 trabajando en el expediente&#8221;, hab\u00eda adelantado el vocero presidencial, Manuel Adorni.<\/p>\n<\/div>\n<div class=\"sc-80531b6b-0 chRIGJ container-text text-embed\">\n<p>El portavoz le hab\u00eda puesto el foco aFacundo Jones Huala, el l\u00edder mapuche que d\u00edas atr\u00e1s hab\u00eda reivincado los incendios en la Patagonia, a quien defini\u00f3 en varias oportunidades como terrorista. Al repasar las declaraciones de Jones Huala, Adorni destac\u00f3 que &#8220;pintan de cuerpo entero al enemigo&#8221;.<\/p>\n<\/div>\n<div class=\"sc-80531b6b-0 chRIGJ container-text text-embed\">\n<p>Antes que Adorni, la ministra de Seguridad, Patricia Bullrich, hab\u00eda adelantado la decisi\u00f3n de su cartera de declarar a la RAM como una organizaci\u00f3n terrorista. Fue al mismo tiempo que confirm\u00f3 la presentaci\u00f3n de una denuncia penal contra el l\u00edder mapuche.<\/p>\n<\/div>\n<div class=\"sc-80531b6b-0 chRIGJ container-text text-embed\">\n<p>&#8220;La semana pasada lo dejaron suelto despu\u00e9s de intentar robar autos. Ahora, Jones Huala reivindica la lucha armada y los atentados cometidos contra particulares, as\u00ed como los incendios que destruyeron propiedades y le costaron la vida a un ciudadano en la zona de El Bols\u00f3n y Epuy\u00e9n&#8221;, sostuvo Bullrich al anunciar ambas medidas.<\/p>\n<\/div>\n<\/div>\n<p><br \/>\n<br \/><a href=\"https:\/\/www.clarin.com\/politica\/gobierno-declaro-organizacion-terrorista-organizacion-mapuche-ram-traves-decreto-boletin-oficial_0_7PfTLneSXH.html\">Fuente Clarin.com <\/a><\/p>\n","protected":false},"excerpt":{"rendered":"<p>El Gobierno public\u00f3 en las primeras horas de este viernes un decreto en el que decidi\u00f3 la inscripci\u00f3n de la organizaci\u00f3n Resistencia Ancentral Mapuche (RAM) en el Registro P\u00fablico de Personas y entidades vinculadas a actos de terrorismo y su financiameinto (RePet). El texto viene a modificar un decreto de 2012 y lleva la firma [&hellip;]<\/p>\n","protected":false},"author":1,"featured_media":4769,"comment_status":"open","ping_status":"open","sticky":false,"template":"","format":"standard","meta":{"footnotes":""},"categories":[2],"tags":[6811,278,656,71,6810,806,4080,4082,4081,2025],"class_list":["post-4803","post","type-post","status-publish","format-standard","has-post-thumbnail","hentry","category-ultimas-noticias","tag-boletin","tag-declaro","tag-decreto","tag-gobierno","tag-mapuche","tag-oficial","tag-organizacion","tag-ram","tag-terrorista","tag-traves"],"_links":{"self":[{"href":"https:\/\/13.com.ar\/index.php\/wp-json\/wp\/v2\/posts\/4803","targetHints":{"allow":["GET"]}}],"collection":[{"href":"https:\/\/13.com.ar\/index.php\/wp-json\/wp\/v2\/posts"}],"about":[{"href":"https:\/\/13.com.ar\/index.php\/wp-json\/wp\/v2\/types\/post"}],"author":[{"embeddable":true,"href":"https:\/\/13.com.ar\/index.php\/wp-json\/wp\/v2\/users\/1"}],"replies":[{"embeddable":true,"href":"https:\/\/13.com.ar\/index.php\/wp-json\/wp\/v2\/comments?post=4803"}],"version-history":[{"count":0,"href":"https:\/\/13.com.ar\/index.php\/wp-json\/wp\/v2\/posts\/4803\/revisions"}],"wp:featuredmedia":[{"embeddable":true,"href":"https:\/\/13.com.ar\/index.php\/wp-json\/wp\/v2\/media\/4769"}],"wp:attachment":[{"href":"https:\/\/13.com.ar\/index.php\/wp-json\/wp\/v2\/media?parent=4803"}],"wp:term":[{"taxonomy":"category","embeddable":true,"href":"https:\/\/13.com.ar\/index.php\/wp-json\/wp\/v2\/categories?post=4803"},{"taxonomy":"post_tag","embeddable":true,"href":"https:\/\/13.com.ar\/index.php\/wp-json\/wp\/v2\/tags?post=4803"}],"curies":[{"name":"wp","href":"https:\/\/api.w.org\/{rel}","templated":true}]}}