{"id":48003,"date":"2025-08-04T13:30:57","date_gmt":"2025-08-04T16:30:57","guid":{"rendered":"https:\/\/13.com.ar\/index.php\/que-significa-vetar-la-ley-de-discapacidad-y-a-que-hora-es-el-cacerolazo-contra-milei\/"},"modified":"2025-08-04T13:30:57","modified_gmt":"2025-08-04T16:30:57","slug":"que-significa-vetar-la-ley-de-discapacidad-y-a-que-hora-es-el-cacerolazo-contra-milei","status":"publish","type":"post","link":"https:\/\/13.com.ar\/index.php\/que-significa-vetar-la-ley-de-discapacidad-y-a-que-hora-es-el-cacerolazo-contra-milei\/","title":{"rendered":"Qu\u00e9 significa vetar la ley de discapacidad y a qu\u00e9 hora es el cacerolazo contra Milei"},"content":{"rendered":"<p> <br \/>\n<br \/><img decoding=\"async\" src=\"https:\/\/13.com.ar\/wp-content\/uploads\/2025\/08\/Que-significa-vetar-la-ley-de-discapacidad-y-a-que.jpg\" \/><\/p>\n<div id=\"element-body-0\">\n<p>El presidente <strong>Javier Milei vet\u00f3 tres leyes sancionadas<\/strong> por el Senado el pasado 10 de julio, seg\u00fan se public\u00f3 este lunes en el Bolet\u00edn Oficial. Las leyes vetadas consist\u00edan en el <strong>aumento para las jubilaciones<\/strong>, la restituci\u00f3n de la <strong>moratoria previsional<\/strong> y la aprobaci\u00f3n de<strong> Ley de Emergencia en Discapacidad. <\/strong><\/p>\n<\/div>\n<div id=\"element-body-1\">\n<p>Ante esta decisi\u00f3n, distintas organizaciones se autoconvocaron a un <strong>cacerolazo para esta noche a las 20.<\/strong><\/p>\n<\/div>\n<div id=\"element-body-3\">\n<p>La <strong>Ley de Emergencia en Discapacidad<\/strong> buscaba declarar la emergencia en todo el territorio nacional hasta el 31 de diciembre de 2027. Entre sus objetivos principales, la ley propon\u00eda regularizar pagos a prestadores de servicios, actualizar los aranceles, reformar el sistema de pensiones no contributivas, reforzar la Agencia Nacional de Discapacidad (ANDIS) y asegurar el cumplimiento del cupo laboral para personas con discapacidad.<\/p>\n<\/div>\n<div id=\"element-body-5\">\n<p>La<strong> extensi\u00f3n de la moratoria previsional<\/strong>, que caduc\u00f3 el 23 de marzo de 2025, previamente permit\u00eda a las personas que no cumpl\u00edan con los 30 a\u00f1os de aportes requeridos acceder a la Pensi\u00f3n Universal para el Adulto Mayor (PUAM), equivalente al 80% de la jubilaci\u00f3n m\u00ednima.<\/p>\n<\/div>\n<div id=\"element-body-6\">\n<p>En cuanto al aumento, la iniciativa implicaba un<strong> incremento para todas las jubilaciones y pensiones<\/strong> del 7,2% -excepto los reg\u00edmenes especiales- y un incremento para el bono, que pasar\u00eda de $ 70 mil a $ 110 mil y se actualizar\u00eda por inflaci\u00f3n. <\/p>\n<\/div>\n<div id=\"element-body-8\">\n<p>Seg\u00fan la Constituci\u00f3n, el <strong>Presidente puede vetar una ley de forma total o parcial.<\/strong> Esto significa que el mandatario tiene la potestad para poder bloquear un proyecto completo, aprobado por ambas C\u00e1maras, e impedir que sea ley.<\/p>\n<\/div>\n<div id=\"element-body-9\">\n<p>Para que una ley se promulgue, primero se debe presentar un proyecto de ley en la C\u00e1mara de Diputados o Senadores. All\u00ed, las <strong>c\u00e1maras debaten sobre su aprobaci\u00f3n<\/strong>, la cual debe tener el consenso de los dos tercios en ambas c\u00e1maras. Al finalizar este proceso<strong>, se sanciona un proyecto de ley, el cual pasa al Poder Ejecutivo,<\/strong> de acuerdo con la p\u00e1gina oficial del Congreso de la Naci\u00f3n.<\/p>\n<\/div>\n<div id=\"element-body-10\">\n<p>En ese momento, el <strong>Presidente puede aprobar y promulgar la ley<\/strong>, lo que completar\u00eda el proceso legislativo. Esto lo puede hacer por medio de un decreto o bien \u201cpromulgaci\u00f3n de hecho\u201d, ya que si el Presidente no se pronuncia pasados diez d\u00edas h\u00e1biles desde que se le comunic\u00f3 la norma se promulga autom\u00e1ticamente. En ambos casos, la ley se publica luego en el Bolet\u00edn Oficial y entra en vigencia de acuerdo con los plazos legales.<\/p>\n<\/div>\n<div id=\"element-body-12\">\n<p>Por otro lado, el primer<strong> mandatario puede vetar esa ley aprobada por las c\u00e1maras, <\/strong>ya sea de forma total o parcial. En caso de veto parcial, el Presidente veta parte del proyecto, uno o m\u00e1s art\u00edculos, y se promulgan las partes no vetadas, en tanto no se desvirt\u00fae el esp\u00edritu del proyecto sancionado por el Congreso.<\/p>\n<\/div>\n<div id=\"element-body-13\">\n<p>En caso de que <strong>el presidente vete la ley, el proyecto vuelve al Poder Legislativo, <\/strong>que puede aceptar el veto o insistir en su sanci\u00f3n. Si ambas c\u00e1maras cuentan con dos tercios de los votos para imponer su criterio inicial, la ley se promulga, aunque el presidente no est\u00e9 de acuerdo. Si no lo consiguen, se mantiene el veto presidencial y el proyecto no puede volver a tratarse en las sesiones de ese a\u00f1o, y tiene que volver a la primera C\u00e1mara en la que fue tratado, seg\u00fan el art\u00edculo 83 de la Constituci\u00f3n.<\/p>\n<\/div>\n<p><br \/>\n<br \/><a href=\"https:\/\/www.clarin.com\/informacion-general\/significa-vetar-ley-discapacidad-hora-cacerolazo-milei_0_zqYb4OLlwD.html\">Fuente Clarin.com <\/a><\/p>\n","protected":false},"excerpt":{"rendered":"<p>El presidente Javier Milei vet\u00f3 tres leyes sancionadas por el Senado el pasado 10 de julio, seg\u00fan se public\u00f3 este lunes en el Bolet\u00edn Oficial. Las leyes vetadas consist\u00edan en el aumento para las jubilaciones, la restituci\u00f3n de la moratoria previsional y la aprobaci\u00f3n de Ley de Emergencia en Discapacidad. Ante esta decisi\u00f3n, distintas organizaciones [&hellip;]<\/p>\n","protected":false},"author":1,"featured_media":48004,"comment_status":"open","ping_status":"open","sticky":false,"template":"","format":"standard","meta":{"footnotes":""},"categories":[2],"tags":[10211,835,9753,713,311,77,286,914,18909],"class_list":["post-48003","post","type-post","status-publish","format-standard","has-post-thumbnail","hentry","category-ultimas-noticias","tag-cacerolazo","tag-contra","tag-discapacidad","tag-hora","tag-ley","tag-milei","tag-que","tag-significa","tag-vetar"],"_links":{"self":[{"href":"https:\/\/13.com.ar\/index.php\/wp-json\/wp\/v2\/posts\/48003","targetHints":{"allow":["GET"]}}],"collection":[{"href":"https:\/\/13.com.ar\/index.php\/wp-json\/wp\/v2\/posts"}],"about":[{"href":"https:\/\/13.com.ar\/index.php\/wp-json\/wp\/v2\/types\/post"}],"author":[{"embeddable":true,"href":"https:\/\/13.com.ar\/index.php\/wp-json\/wp\/v2\/users\/1"}],"replies":[{"embeddable":true,"href":"https:\/\/13.com.ar\/index.php\/wp-json\/wp\/v2\/comments?post=48003"}],"version-history":[{"count":0,"href":"https:\/\/13.com.ar\/index.php\/wp-json\/wp\/v2\/posts\/48003\/revisions"}],"wp:featuredmedia":[{"embeddable":true,"href":"https:\/\/13.com.ar\/index.php\/wp-json\/wp\/v2\/media\/48004"}],"wp:attachment":[{"href":"https:\/\/13.com.ar\/index.php\/wp-json\/wp\/v2\/media?parent=48003"}],"wp:term":[{"taxonomy":"category","embeddable":true,"href":"https:\/\/13.com.ar\/index.php\/wp-json\/wp\/v2\/categories?post=48003"},{"taxonomy":"post_tag","embeddable":true,"href":"https:\/\/13.com.ar\/index.php\/wp-json\/wp\/v2\/tags?post=48003"}],"curies":[{"name":"wp","href":"https:\/\/api.w.org\/{rel}","templated":true}]}}