{"id":48001,"date":"2025-08-04T13:27:57","date_gmt":"2025-08-04T16:27:57","guid":{"rendered":"https:\/\/13.com.ar\/index.php\/que-productos-podrian-subir-y-cuanto\/"},"modified":"2025-08-04T13:27:57","modified_gmt":"2025-08-04T16:27:57","slug":"que-productos-podrian-subir-y-cuanto","status":"publish","type":"post","link":"https:\/\/13.com.ar\/index.php\/que-productos-podrian-subir-y-cuanto\/","title":{"rendered":"qu\u00e9 productos podr\u00edan subir y cu\u00e1nto"},"content":{"rendered":"<p> <br \/>\n<br \/><img decoding=\"async\" src=\"https:\/\/13.com.ar\/wp-content\/uploads\/2025\/08\/que-productos-podrian-subir-y-cuanto.jpg\" \/><\/p>\n<div id=\"element-body-0\">\n<p>Tras las nuevas listas que les enviaron las empresas de consumo masivo a los supermercados en el final de julio, <strong>arranca una semana clave de negociaciones para consensuar los aumentos de precios <\/strong>que finalmente se aplicar\u00e1n en las g\u00f3ndolas como consecuencia del salto del d\u00f3lar de casi 14% el mes pasado. <\/p>\n<\/div>\n<div id=\"element-body-1\">\n<p><strong>Alimenticias y compa\u00f1\u00edas de art\u00edculos de higiene y limpieza informaron su intenci\u00f3n de subir <\/strong>entre 2% y 9% en agosto. Entre ellos, fabricantes de productos de almac\u00e9n y de cuidado personal e higiene como dent\u00edfricos y desodorantes, repelentes, desinfectantes, papel higi\u00e9nico, rollos de cocina y aceites. <\/p>\n<\/div>\n<div id=\"element-body-2\">\n<p><strong>Ya hubo una lista de una multinacional que entr\u00f3 en vigencia<\/strong>. Argument\u00f3 que actualiz\u00f3 por inflaci\u00f3n luego de semanas en las que consider\u00f3 que ven\u00edan \u201catrasados\u201d y neg\u00f3 que tuviera relaci\u00f3n con la suba del d\u00f3lar. Apunt\u00f3 que estaba previsto de antemano y que \u201ces pol\u00edtica habitual darle al cliente 15 d\u00edas para que se acomode\u201d.<\/p>\n<\/div>\n<div id=\"element-body-3\">\n<p><strong>Los s\u00faper consideran que lo ideal ser\u00eda no trasladar los incrementos<\/strong> en un contexto en el que \u201cel mercado no est\u00e1 en condiciones de absorberlos\u201d, con un consumo que apenas se recuper\u00f3<strong> 0,4%<\/strong> en el primer semestre y la interrupci\u00f3n en junio de tres meses consecutivos de reactivaci\u00f3n, con una ca\u00edda interanual de casi <strong>1%<\/strong>, seg\u00fan <strong>Scentia<\/strong>.<\/p>\n<\/div>\n<div id=\"element-body-5\">\n<p>Pero<strong> reconocen que deber\u00e1n aceptar parte de esos aumentos<\/strong>, luego de semanas en las que casi no hubo ajustes a diferencia de lo que ocurri\u00f3 con el \u201cplan platita\u201d, cuando hab\u00eda aumentos preventivos de forma general para cubrirse de la devaluaci\u00f3n e inflaci\u00f3n. <\/p>\n<\/div>\n<div id=\"element-body-7\">\n<p>Por ahora, <strong>el traslado a precios ser\u00eda menor a la suba del d\u00f3lar<\/strong> en las \u00faltimas semanas. Sin embargo, adelantan que depender\u00e1 de cada caso: <strong>los art\u00edculos importados son los m\u00e1s susceptibles<\/strong> a un mayor aumento, mientras que <strong>los de fabricaci\u00f3n local siguen de cerca el alza de costos<\/strong> productivos y log\u00edsticos,<strong> y el valor de la nafta<\/strong>, que se encareci\u00f3 el fin de semana.<\/p>\n<\/div>\n<div id=\"element-body-8\">\n<p>\u201cSi lo analizamos en funci\u00f3n de la capacidad de absorci\u00f3n del mercado, <strong>el aumento tendr\u00eda que ser cero<\/strong>. Pero, de acuerdo a lo que piden los proveedores, <strong>lo l\u00f3gico ser\u00eda el \u00faltimo dato de inflaci\u00f3n como techo<\/strong>. Se abre una negociaci\u00f3n de unos cuantos d\u00edas\u201d, se\u00f1al\u00f3 una fuente cercana a las cadenas, el segmento m\u00e1s golpeado, que cay\u00f3 <strong>6,4%<\/strong> en junio y<strong> 5,4%<\/strong> en la primera mitad de 2025.<\/p>\n<\/div>\n<div id=\"element-body-10\">\n<p>\u201c<strong>Hay productos que tienen incidencia directa del d\u00f3lar y otros de los servicios<\/strong>. <strong>Llegaron listas de entre 2% y 8%<\/strong>. Las m\u00e1s altas son de limpieza, cosm\u00e9tica y cremas dentales. Caf\u00e9s y aceites tienen un fuerte componente dolarizado: <strong>85%<\/strong> de su valor se compone de insumos extranjeros. L\u00e1cteos, papeles higi\u00e9nicos y rollos de cocina siguen los aumentos de servicios y la nafta: cuando suben los costos de flete, aumentan sus precios\u201d, apunt\u00f3 <strong>Armando Eugenio Farina<\/strong>, vicepresidente de la <strong>C\u00e1mara Argentina de Distribuidores y Autoservicios Mayoristas <\/strong>(<strong>Cadam<\/strong>).<\/p>\n<\/div>\n<div id=\"element-body-11\">\n<p>Seg\u00fan los mayoristas, <strong>desde que se levant\u00f3 el cepo, el d\u00f3lar subi\u00f3 26%, mientras que ellos aumentaron apenas<\/strong> <strong>3%<\/strong>. \u201cLa industria absorbi\u00f3 bastante los aumentos. Esta semana ser\u00e1 fuerte en negociaci\u00f3n. <strong>La suba del d\u00f3lar, la nafta y los servicios ser\u00e1n clave<\/strong> para decidir el traslado parcial o total\u201d, anticip\u00f3 Farina. <\/p>\n<\/div>\n<div id=\"element-body-12\">\n<p>En su cuenta de X, el presidente <strong>Javier Milei<\/strong> <strong>ironiz\u00f3 sobre la suba de precios<\/strong>. \u201c<strong>Menger sale a la cancha<\/strong>\u201d, escribi\u00f3 al repostear a un usuario que public\u00f3: \u201cLas c\u00e1maras de supermercados y grandes superficies ya est\u00e1n rechazando los aumentos de las listas de precios de los proveedores. No convalidar\u00e1n aumentos en g\u00f3ndolas\u201d.<\/p>\n<\/div>\n<div id=\"element-body-13\">\n<p>As\u00ed, <strong>se repite la situaci\u00f3n que ocurri\u00f3 en la salida del cepo en abril<\/strong>, cuando creci\u00f3 la tensi\u00f3n entre proveedores que quer\u00edan que se apliquen las subas pretendidas y los comerciantes que se negaban a hacerlo. <\/p>\n<\/div>\n<div id=\"element-body-14\">\n<p>En ese entonces, fue tal la tensi\u00f3n que se gener\u00f3 que el ministro de Econom\u00eda, <strong>Luis Caputo<\/strong>, expuso en su cuenta de X a <strong>Molinos R\u00edo de la Plata<\/strong> y <strong>Unilever <\/strong>por su intenci\u00f3n de aumentar los precios. Tambi\u00e9n Milei los cruz\u00f3 en una entrevista televisiva, al se\u00f1alar que \u201c<strong>se van a tener que meter los productos en el o&#8230;<\/strong>\u201d.<\/p>\n<\/div>\n<div id=\"element-body-15\">\n<p>La estabilizaci\u00f3n del tipo de cambio en los d\u00edas posteriores y la presi\u00f3n del Gobierno llev\u00f3 a los fabricantes a revisar sus estrategias comerciales. Finalmente, <strong>dieron marcha atr\u00e1s con los aumentos que previeron<\/strong> para la segunda quincena de abril, frente a una devaluaci\u00f3n que con el transcurso de las jornadas se achic\u00f3.<\/p>\n<\/div>\n<p><br \/>\n<br \/><a href=\"https:\/\/www.clarin.com\/economia\/arranca-semana-clave-negociaciones-aumentos-productos-podrian-subir_0_ruGGt0xYIx.html\">Fuente Clarin.com <\/a><\/p>\n","protected":false},"excerpt":{"rendered":"<p>Tras las nuevas listas que les enviaron las empresas de consumo masivo a los supermercados en el final de julio, arranca una semana clave de negociaciones para consensuar los aumentos de precios que finalmente se aplicar\u00e1n en las g\u00f3ndolas como consecuencia del salto del d\u00f3lar de casi 14% el mes pasado. Alimenticias y compa\u00f1\u00edas de [&hellip;]<\/p>\n","protected":false},"author":1,"featured_media":48002,"comment_status":"open","ping_status":"open","sticky":false,"template":"","format":"standard","meta":{"footnotes":""},"categories":[2],"tags":[448,7148,3458,286,1417],"class_list":["post-48001","post","type-post","status-publish","format-standard","has-post-thumbnail","hentry","category-ultimas-noticias","tag-cuanto","tag-podrian","tag-productos","tag-que","tag-subir"],"_links":{"self":[{"href":"https:\/\/13.com.ar\/index.php\/wp-json\/wp\/v2\/posts\/48001","targetHints":{"allow":["GET"]}}],"collection":[{"href":"https:\/\/13.com.ar\/index.php\/wp-json\/wp\/v2\/posts"}],"about":[{"href":"https:\/\/13.com.ar\/index.php\/wp-json\/wp\/v2\/types\/post"}],"author":[{"embeddable":true,"href":"https:\/\/13.com.ar\/index.php\/wp-json\/wp\/v2\/users\/1"}],"replies":[{"embeddable":true,"href":"https:\/\/13.com.ar\/index.php\/wp-json\/wp\/v2\/comments?post=48001"}],"version-history":[{"count":0,"href":"https:\/\/13.com.ar\/index.php\/wp-json\/wp\/v2\/posts\/48001\/revisions"}],"wp:featuredmedia":[{"embeddable":true,"href":"https:\/\/13.com.ar\/index.php\/wp-json\/wp\/v2\/media\/48002"}],"wp:attachment":[{"href":"https:\/\/13.com.ar\/index.php\/wp-json\/wp\/v2\/media?parent=48001"}],"wp:term":[{"taxonomy":"category","embeddable":true,"href":"https:\/\/13.com.ar\/index.php\/wp-json\/wp\/v2\/categories?post=48001"},{"taxonomy":"post_tag","embeddable":true,"href":"https:\/\/13.com.ar\/index.php\/wp-json\/wp\/v2\/tags?post=48001"}],"curies":[{"name":"wp","href":"https:\/\/api.w.org\/{rel}","templated":true}]}}