{"id":47998,"date":"2025-08-04T13:21:57","date_gmt":"2025-08-04T16:21:57","guid":{"rendered":"https:\/\/13.com.ar\/index.php\/entra-en-el-mundo-de-los-suenos-y-conoce-el-mensaje-de-tu-inconsciente\/"},"modified":"2025-08-04T13:21:57","modified_gmt":"2025-08-04T16:21:57","slug":"entra-en-el-mundo-de-los-suenos-y-conoce-el-mensaje-de-tu-inconsciente","status":"publish","type":"post","link":"https:\/\/13.com.ar\/index.php\/entra-en-el-mundo-de-los-suenos-y-conoce-el-mensaje-de-tu-inconsciente\/","title":{"rendered":"Entr\u00e1 en el mundo de los sue\u00f1os y conoc\u00e9 el mensaje de tu inconsciente"},"content":{"rendered":"<p> <br \/>\n<br \/><img decoding=\"async\" src=\"https:\/\/13.com.ar\/wp-content\/uploads\/2025\/07\/Cuatro-ejercicios-que-te-ayudan-a-lograr-un-sueno-mas.jpg\" \/><\/p>\n<div id=\"element-body-0\">\n<p>Desde que el humano es humano se busca desentra\u00f1ar los misterios que se esconden en los <strong>sue\u00f1os<\/strong>, esos relatos on\u00edricos, a menudo fugaces y extra\u00f1os, que ya se sabe que no son simples fantas\u00edas. Seg\u00fan la psicolog\u00eda moderna, <strong>tienen un lado oculto<\/strong>: qu\u00e9 revela el inconsciente.<\/p>\n<\/div>\n<div id=\"element-body-1\">\n<p>Se sabe que los sue\u00f1os act\u00faan como una ventana directa a nuestro inconsciente, revelando aspectos de nuestra psiquis que desconocemos durante el estado de vigilia. Uno de los pioneros en la exploraci\u00f3n de este terreno, y de lo m\u00e1s conocido al respecto, fue <strong>Sigmund Freud.<\/strong> El creador del psicoan\u00e1lisis planteaba como una de las funciones del sue\u00f1o la de la simple realizaci\u00f3n de deseos.<\/p>\n<\/div>\n<div id=\"element-body-2\">\n<p>En su obra &#8220;<em>La interpretaci\u00f3n de los sue\u00f1os<\/em>&#8221; (1899), argument\u00f3 que el contenido manifiesto del sue\u00f1o (lo que recordamos) esconde un contenido latente, el verdadero significado, que puede ser descubierto a trav\u00e9s del an\u00e1lisis de s\u00edmbolos y asociaciones.<\/p>\n<\/div>\n<div id=\"element-body-4\">\n<p>Otro estudioso de los sue\u00f1os fue<strong> Carl Jung<\/strong>, disc\u00edpulo del propio Freud, quien indic\u00f3 que los sue\u00f1os son manifestaciones espont\u00e1neas del inconsciente, <strong>no meras fantas\u00edas o deseos reprimidos<\/strong>. Este ve\u00eda a los sue\u00f1os como un intento del inconsciente por comunicar mensajes importantes a la persona.<\/p>\n<\/div>\n<div id=\"element-body-6\">\n<p>M\u00e1s all\u00e1 de que los grandes fil\u00f3sofos y pensadores de la historia de la humanidad se dedicaran a este tema, ya <strong>en la Biblia se hablaba de los sue\u00f1os<\/strong> como premoniciones. Es que en un mundo donde el ser humano se jacta de ser quien domina las especies, quien tiene el saber absoluto; el sistema ps\u00edquico pone en jaque la omnipotencia del hombre.<\/p>\n<\/div>\n<div id=\"element-body-7\">\n<p>El psic\u00f3logo especialista en familias y adolescencia <strong>Alejandro Schujman<\/strong> <strong>escribi\u00f3 para Clar\u00edn<\/strong> que los sue\u00f1os nos dicen respecto de nuestro sentir, nuestro desear, de nuestros miedos, y fantas\u00edas m\u00e1s rec\u00f3nditas.<\/p>\n<\/div>\n<div id=\"element-body-8\">\n<p>Son <strong>la gran caja negra del ser humano<\/strong>. Se puede tratar de entender qu\u00e9 dicen los sue\u00f1os, pero hay un mundo desconocido dentro del ser, un universo tan complejo como maravilloso. &#8220;No se trata de la interpretaci\u00f3n lineal de los sue\u00f1os, cada sue\u00f1o es en el contexto de un so\u00f1ante&#8221;, explic\u00f3 el experto.<\/p>\n<\/div>\n<div id=\"element-body-10\">\n<p>&#8220;Viajando en taxi, en reuni\u00f3n de amigos, m\u00e1s de una vez quienes se dan por enterados de nuestra profesi\u00f3n nos dicen: \u00bfSab\u00e9s que so\u00f1\u00e9 con murci\u00e9lagos que me persegu\u00edan? \u00bfQu\u00e9 querr\u00e1 decir? La respuesta, depende\u2026 De la historia de quien la sue\u00f1a, del momento particular de su vida.<strong> Un sue\u00f1o tiene sentido dentro del contexto de la vida de quien lo gesta<\/strong>, y en el marco de un proceso anal\u00edtico podr\u00e1 ser develado&#8221;, asegura Schujman.<\/p>\n<\/div>\n<div id=\"element-body-11\">\n<p>No hay tales equivalencias que conforman esa especie de \u201cdiccionario de los sue\u00f1os\u201d en donde a cada cosa so\u00f1ada corresponde a un significado preciso y particular.<\/p>\n<\/div>\n<div id=\"element-body-12\">\n<p>En coincidencia, <strong>Luc\u00eda Crivelli<\/strong>, jefa de Neuropsicolog\u00eda en Adultos de Fleni y doctora en Psicolog\u00eda con orientaci\u00f3n en Neurociencia Cognitiva Aplicada, explic\u00f3 en Infobae. \u201cDurante el sue\u00f1o, se desactiva la corteza frontal dorsolateral, permitiendo que nuestras funciones cerebrales florezcan sin ser interrumpidas por la l\u00f3gica\u201d, detall\u00f3.<\/p>\n<\/div>\n<div id=\"element-body-14\">\n<p>Adem\u00e1s, defini\u00f3 a los sue\u00f1os como un &#8220;producto de las experiencias diarias y las emociones almacenadas en el cerebro&#8221;. A menudo, so\u00f1amos con momentos del d\u00eda anterior. Sin embargo, este contenido diurno solo <strong>representa un 2% del total<\/strong>, y el resto es una mezcla de recuerdos y emociones almacenadas en nuestro cerebro.<\/p>\n<\/div>\n<div id=\"element-body-15\">\n<p>Otro \u00edtem importante a se\u00f1alar es que <strong>se sue\u00f1a cada vez que se duerme<\/strong>. La gente suele afirmar que no so\u00f1\u00f3, pero el punto es que los sue\u00f1os se olvidan no bien se entra en contacto con la realidad, cuando se pasa del sue\u00f1o a la vigilia.<\/p>\n<\/div>\n<p><br \/>\n<br \/><a href=\"https:\/\/www.clarin.com\/internacional\/entra-mundo-suenos-conoce-mensaje-inconsciente_0_qY1ycpGk6X.html\">Fuente Clarin.com <\/a><\/p>\n","protected":false},"excerpt":{"rendered":"<p>Desde que el humano es humano se busca desentra\u00f1ar los misterios que se esconden en los sue\u00f1os, esos relatos on\u00edricos, a menudo fugaces y extra\u00f1os, que ya se sabe que no son simples fantas\u00edas. Seg\u00fan la psicolog\u00eda moderna, tienen un lado oculto: qu\u00e9 revela el inconsciente. Se sabe que los sue\u00f1os act\u00faan como una ventana [&hellip;]<\/p>\n","protected":false},"author":1,"featured_media":44093,"comment_status":"open","ping_status":"open","sticky":false,"template":"","format":"standard","meta":{"footnotes":""},"categories":[2],"tags":[2521,947,20714,28,211,143,7141],"class_list":["post-47998","post","type-post","status-publish","format-standard","has-post-thumbnail","hentry","category-ultimas-noticias","tag-conoce","tag-entra","tag-inconsciente","tag-los","tag-mensaje","tag-mundo","tag-suenos"],"_links":{"self":[{"href":"https:\/\/13.com.ar\/index.php\/wp-json\/wp\/v2\/posts\/47998","targetHints":{"allow":["GET"]}}],"collection":[{"href":"https:\/\/13.com.ar\/index.php\/wp-json\/wp\/v2\/posts"}],"about":[{"href":"https:\/\/13.com.ar\/index.php\/wp-json\/wp\/v2\/types\/post"}],"author":[{"embeddable":true,"href":"https:\/\/13.com.ar\/index.php\/wp-json\/wp\/v2\/users\/1"}],"replies":[{"embeddable":true,"href":"https:\/\/13.com.ar\/index.php\/wp-json\/wp\/v2\/comments?post=47998"}],"version-history":[{"count":0,"href":"https:\/\/13.com.ar\/index.php\/wp-json\/wp\/v2\/posts\/47998\/revisions"}],"wp:featuredmedia":[{"embeddable":true,"href":"https:\/\/13.com.ar\/index.php\/wp-json\/wp\/v2\/media\/44093"}],"wp:attachment":[{"href":"https:\/\/13.com.ar\/index.php\/wp-json\/wp\/v2\/media?parent=47998"}],"wp:term":[{"taxonomy":"category","embeddable":true,"href":"https:\/\/13.com.ar\/index.php\/wp-json\/wp\/v2\/categories?post=47998"},{"taxonomy":"post_tag","embeddable":true,"href":"https:\/\/13.com.ar\/index.php\/wp-json\/wp\/v2\/tags?post=47998"}],"curies":[{"name":"wp","href":"https:\/\/api.w.org\/{rel}","templated":true}]}}