{"id":47992,"date":"2025-08-04T13:12:55","date_gmt":"2025-08-04T16:12:55","guid":{"rendered":"https:\/\/13.com.ar\/index.php\/el-gobierno-de-israel-echa-a-la-fiscal-general-una-critica-de-benjamin-netanyahu\/"},"modified":"2025-08-04T13:12:55","modified_gmt":"2025-08-04T16:12:55","slug":"el-gobierno-de-israel-echa-a-la-fiscal-general-una-critica-de-benjamin-netanyahu","status":"publish","type":"post","link":"https:\/\/13.com.ar\/index.php\/el-gobierno-de-israel-echa-a-la-fiscal-general-una-critica-de-benjamin-netanyahu\/","title":{"rendered":"El gobierno de Israel echa a la fiscal general, una cr\u00edtica de Benjam\u00edn Netanyahu"},"content":{"rendered":"<p> <br \/>\n<br \/><img decoding=\"async\" src=\"https:\/\/13.com.ar\/wp-content\/uploads\/2025\/08\/El-gobierno-de-Israel-echa-a-la-fiscal-general-una.jpg\" \/><\/p>\n<div id=\"element-body-0\">\n<p>El gobierno israel\u00ed aprob\u00f3 por unanimidad la propuesta del ministro de Justicia, Yariv Levin, de<strong> destituir a la Fiscal General Gali Baharav-Miara <\/strong>el lunes por la tarde.<\/p>\n<\/div>\n<div id=\"element-body-1\">\n<p>La decisi\u00f3n a\u00fan debe ser sometida a revisi\u00f3n judicial, por lo que Baharav-Miara no ha sido oficialmente destituida de su cargo. Sin embargo, los ministros han declarado que dejar\u00e1n de invitarla a las audiencias gubernamentales y a las reuniones de los comit\u00e9s.<\/p>\n<\/div>\n<div id=\"element-body-2\">\n<p>Levin afirm\u00f3 que el gobierno ha llegado al l\u00edmite de sus posibilidades con la Fiscal General, al iniciar la reuni\u00f3n para destituirla, tras las multitudinarias protestas en torno al asunto.<\/p>\n<\/div>\n<div id=\"element-body-3\">\n<p>Seg\u00fan inform\u00f3 The Jerusalem Post, durante la reuni\u00f3n, Levin explic\u00f3 las razones para proceder con el despido, afirmando que &#8220;el gobierno llev\u00f3 a cabo un proceso muy largo antes de llegar a la discusi\u00f3n de hoy (por este lunes). Durante mucho tiempo, se intent\u00f3 cooperar con ella&#8221;.<\/p>\n<\/div>\n<div id=\"element-body-4\">\n<p>Durante todo el lunes se llevaron a cabo protestas frente a la reuni\u00f3n gubernamental. El domingo se realizaron <strong>protestas adicionales en Tel Aviv en apoyo a Baharav-Miara.<\/strong><\/p>\n<\/div>\n<div id=\"element-body-6\">\n<p>La destituci\u00f3n de Baharav-Miara es vista por la oposici\u00f3n como un intento de Netanyahu de consolidar su poder y debilitar el sistema de control y equilibrio del poder judicial.<\/p>\n<\/div>\n<div id=\"element-body-7\">\n<p>El presidente de los dem\u00f3cratas, el diputado Yair Golan, critic\u00f3 duramente al gobierno durante las protestas.<\/p>\n<\/div>\n<div id=\"element-body-8\">\n<p>\u201cJusto al otro lado de las vallas que rodean el edificio cercano, se est\u00e1 celebrando una reuni\u00f3n gubernamental; una reuni\u00f3n que<strong> no aborda la liberaci\u00f3n de los rehenes,<\/strong> el fin de la guerra, el reemplazo del gobierno de Hamas en Gaza, la seguridad de Israel, la rehabilitaci\u00f3n de las comunidades fronterizas de Gaza, el costo de la vida ni la recuperaci\u00f3n de nuestro sistema sanitario\u201d, declar\u00f3 Golan en la protesta.<\/p>\n<\/div>\n<div id=\"element-body-9\">\n<p>&#8220;Incluso en estos tiempos dif\u00edciles, <strong>el gobierno de Israel solo se centra en s\u00ed mismo<\/strong>\u201d, a\u00f1adi\u00f3 Golan.<\/p>\n<\/div>\n<div id=\"element-body-11\">\n<p>Antes de la esperada votaci\u00f3n final para sellar su destituci\u00f3n, Baharav-Miara escribi\u00f3 al gobierno que la forma en que la han destituido<strong> es ilegal <\/strong>y est\u00e1 plagada de motivaciones pol\u00edticas enga\u00f1osas.<\/p>\n<\/div>\n<div id=\"element-body-13\">\n<p>La disputa entre el gobierno de Netanyahu y Baharav-Miara es de <strong>larga data<\/strong> y no est\u00e1 directamente relacionada con la guerra en Gaza. Las tensiones comenzaron casi<strong> desde la formaci\u00f3n de la actual coalici\u00f3n de gobierno<\/strong> y se centran en los siguientes puntos:<\/p>\n<\/div>\n<div id=\"element-body-14\">\n<p>Baharav-Miara ha sostenido que Netanyahu tiene un conflicto de inter\u00e9s y no debe participar en ciertas decisiones, como el nombramiento del jefe del servicio de seguridad Shin Bet,<strong> debido a los procesos judiciales por corrupci\u00f3n que enfrenta el primer ministro.<\/strong><\/p>\n<\/div>\n<div id=\"element-body-15\">\n<p>La fiscal general se ha opuesto abiertamente a la controvertida reforma judicial propuesta por el gobierno, argumentando que <strong>socava la independencia del sistema legal y el equilibrio de poderes en Israel.<\/strong><\/p>\n<\/div>\n<div id=\"element-body-16\">\n<p>El gobierno de Netanyahu ha acusado a Baharav-Miara de <strong>bloquear sus pol\u00edticas e iniciativas legislativas <\/strong>de manera politizada y no profesional, y de conducir &#8220;cazas de brujas&#8221; por motivos pol\u00edticos.<\/p>\n<\/div>\n<div id=\"element-body-17\">\n<p>El gobierno ha modificado el procedimiento para destituir a un fiscal general, lo que ha sido criticado por Baharav-Miara y grupos de la oposici\u00f3n como un intento ilegal y pol\u00edticamente motivado de removerla de su cargo.<\/p>\n<\/div>\n<div id=\"element-body-18\">\n<p>Si bien la guerra en Gaza y la crisis de los rehenes no son la causa directa de la decisi\u00f3n de destituirla, algunos cr\u00edticos han argumentado que el momento elegido por el gobierno es <strong>una maniobra para desviar la atenci\u00f3n de la situaci\u00f3n en la guerra<\/strong> y de las presiones internas y externas que enfrenta Netanyahu.<\/p>\n<\/div>\n<div id=\"element-body-19\">\n<p><em>Con informaci\u00f3n de The Jerusalem Post<\/em><\/p>\n<\/div>\n<p><br \/>\n<br \/><a href=\"https:\/\/www.clarin.com\/mundo\/gobierno-israel-echa-fiscal-general-critica-benjamin-netanyahu_0_4OjIyHbTea.html\">Fuente Clarin.com <\/a><\/p>\n","protected":false},"excerpt":{"rendered":"<p>El gobierno israel\u00ed aprob\u00f3 por unanimidad la propuesta del ministro de Justicia, Yariv Levin, de destituir a la Fiscal General Gali Baharav-Miara el lunes por la tarde. La decisi\u00f3n a\u00fan debe ser sometida a revisi\u00f3n judicial, por lo que Baharav-Miara no ha sido oficialmente destituida de su cargo. Sin embargo, los ministros han declarado que [&hellip;]<\/p>\n","protected":false},"author":1,"featured_media":47993,"comment_status":"open","ping_status":"open","sticky":false,"template":"","format":"standard","meta":{"footnotes":""},"categories":[2],"tags":[1694,885,17635,3322,1239,71,22,3037,73],"class_list":["post-47992","post","type-post","status-publish","format-standard","has-post-thumbnail","hentry","category-ultimas-noticias","tag-benjamin","tag-critica","tag-echa","tag-fiscal","tag-general","tag-gobierno","tag-israel","tag-netanyahu","tag-una"],"_links":{"self":[{"href":"https:\/\/13.com.ar\/index.php\/wp-json\/wp\/v2\/posts\/47992","targetHints":{"allow":["GET"]}}],"collection":[{"href":"https:\/\/13.com.ar\/index.php\/wp-json\/wp\/v2\/posts"}],"about":[{"href":"https:\/\/13.com.ar\/index.php\/wp-json\/wp\/v2\/types\/post"}],"author":[{"embeddable":true,"href":"https:\/\/13.com.ar\/index.php\/wp-json\/wp\/v2\/users\/1"}],"replies":[{"embeddable":true,"href":"https:\/\/13.com.ar\/index.php\/wp-json\/wp\/v2\/comments?post=47992"}],"version-history":[{"count":0,"href":"https:\/\/13.com.ar\/index.php\/wp-json\/wp\/v2\/posts\/47992\/revisions"}],"wp:featuredmedia":[{"embeddable":true,"href":"https:\/\/13.com.ar\/index.php\/wp-json\/wp\/v2\/media\/47993"}],"wp:attachment":[{"href":"https:\/\/13.com.ar\/index.php\/wp-json\/wp\/v2\/media?parent=47992"}],"wp:term":[{"taxonomy":"category","embeddable":true,"href":"https:\/\/13.com.ar\/index.php\/wp-json\/wp\/v2\/categories?post=47992"},{"taxonomy":"post_tag","embeddable":true,"href":"https:\/\/13.com.ar\/index.php\/wp-json\/wp\/v2\/tags?post=47992"}],"curies":[{"name":"wp","href":"https:\/\/api.w.org\/{rel}","templated":true}]}}