{"id":47990,"date":"2025-08-04T13:09:57","date_gmt":"2025-08-04T16:09:57","guid":{"rendered":"https:\/\/13.com.ar\/index.php\/quedo-grabado-por-una-camara-de-seguridad\/"},"modified":"2025-08-04T13:09:57","modified_gmt":"2025-08-04T16:09:57","slug":"quedo-grabado-por-una-camara-de-seguridad","status":"publish","type":"post","link":"https:\/\/13.com.ar\/index.php\/quedo-grabado-por-una-camara-de-seguridad\/","title":{"rendered":"qued\u00f3 grabado por una c\u00e1mara de seguridad"},"content":{"rendered":"<p> <br \/>\n<br \/><img decoding=\"async\" src=\"https:\/\/13.com.ar\/wp-content\/uploads\/2025\/08\/quedo-grabado-por-una-camara-de-seguridad.jpg\" \/><\/p>\n<div id=\"element-body-0\">\n<p>Viernes por la noche, <strong>pleno barrio de Palermo<\/strong> y un delincuente aprovecha una distracci\u00f3n para entrar a un edificio sin forzar absolutamente nada. Con paciencia, <strong>recorre piso por piso <\/strong>buscando departamentos vac\u00edos; hasta que lo encuentra. El piso del golpe es el cuarto. Sin hacer mucho ruido, barretea la puerta y el lugar queda a su merced. Lo da vuelta. Toma un par de notebooks, dinero en efectivo. Y se va.<\/p>\n<\/div>\n<div id=\"element-body-1\">\n<p>Pero tiene <strong>un error que le puede costar caro<\/strong>: su cara qued\u00f3 registrada por una <strong>c\u00e1mara de seguridad<\/strong> que una vecina coloc\u00f3 en un pasillo. Se lo ve clarito, en plena b\u00fasqueda del departamento ideal para su golpe. Por estas horas lo busca la Polic\u00eda.<\/p>\n<\/div>\n<div id=\"element-body-2\">\n<p>El video es muy n\u00edtido. El hombre va por el pasillo y se acerca puerta por puerta para escuchar si hay movimiento de personas dentro. Desde la Comisar\u00eda Vecinal 14\u00aa de Polic\u00eda de la Ciudad le confirmaron a <strong>Clar\u00edn <\/strong>que las puertas del edificio, ubicado sobre calle Mansilla al 3.700, &#8220;no poseen signos de violencia&#8221;. Tambi\u00e9n aseguraron que &#8220;el acceso a uno de los departamentos fue violentado&#8221;. Fue la puerta que sufri\u00f3 los efectos de la barreta.<\/p>\n<\/div>\n<div id=\"element-body-3\">\n<p>Seg\u00fan la denuncia de la propietaria, el robo se produjo despu\u00e9s de las 21 del viernes cuando se ausent\u00f3 del departamento. En su regreso, el s\u00e1bado previo al mediod\u00eda, se encontr\u00f3 con un panorama desolador: su puerta rota, destrozos dentro del departamento y el robo de algunas <strong>alhajas de oro, dos notebooks<\/strong> <strong>y dinero<\/strong> en efectivo. Tambi\u00e9n faltaban los ahorros que ten\u00eda la due\u00f1a de casa <strong>para el viaje de egresados de su hija.<\/strong><\/p>\n<\/div>\n<div id=\"element-body-5\">\n<p>&#8220;El departamento estaba todo revuelto. Irreconocible. No dej\u00f3 nada de valor&#8221;, confirm\u00f3 Luc\u00eda, la v\u00edctima. Y luego de la mala experiencia, admiti\u00f3 &#8220;tener miedo&#8221;. <\/p>\n<\/div>\n<div id=\"element-body-6\">\n<p>Luc\u00eda cont\u00f3 que el ladr\u00f3n &#8220;parec\u00eda muy profesional&#8221; porque us\u00f3 &#8220;guantes y algo en las zapatillas para no hacer ruido&#8221;. En di\u00e1logo con <em>TN<\/em>, confirm\u00f3 que la Polic\u00eda &#8220;no pudo obtener huellas&#8221;.<\/p>\n<\/div>\n<div id=\"element-body-7\">\n<p>&#8220;Hay una <strong>\u00fanica c\u00e1mara en el pasillo<\/strong>, la del s\u00e9ptimo piso, porque la instal\u00f3 de manera privada una vecina luego de que pasara por una experiencia similar y eso es lo que pudimos ver. Qui\u00e9n es y c\u00f3mo se manejaba&#8221;, cont\u00f3 la v\u00edctima del robo.<\/p>\n<\/div>\n<div id=\"element-body-9\">\n<p>La mujer asegur\u00f3 que el delincuente rob\u00f3, pero adem\u00e1s destroz\u00f3 casi todo el departamento. <\/p>\n<\/div>\n<div id=\"element-body-10\">\n<p>&#8220;Rompi\u00f3 toda la puerta de entrada y revolvi\u00f3 todo. Rompi\u00f3 varias cosas. No entiendo bien porqu\u00e9 si era bronca o qu\u00e9 &#8211; lament\u00f3 Luc\u00eda -. Pero, la verdad es que ahora tengo miedo porque todo se volvi\u00f3 muy inseguro&#8221;, cerr\u00f3.<\/p>\n<\/div>\n<p><br \/>\n<br \/><a href=\"https:\/\/www.clarin.com\/policiales\/entro-edificio-palermo-forzar-puerta-busco-piso-piso-robo-departamento-vacio-quedo-grabado-camara-seguridad_0_y3UpqqKjvP.html\">Fuente Clarin.com <\/a><\/p>\n","protected":false},"excerpt":{"rendered":"<p>Viernes por la noche, pleno barrio de Palermo y un delincuente aprovecha una distracci\u00f3n para entrar a un edificio sin forzar absolutamente nada. Con paciencia, recorre piso por piso buscando departamentos vac\u00edos; hasta que lo encuentra. El piso del golpe es el cuarto. Sin hacer mucho ruido, barretea la puerta y el lugar queda a [&hellip;]<\/p>\n","protected":false},"author":1,"featured_media":47991,"comment_status":"open","ping_status":"open","sticky":false,"template":"","format":"standard","meta":{"footnotes":""},"categories":[2],"tags":[1788,17633,142,336,316,73],"class_list":["post-47990","post","type-post","status-publish","format-standard","has-post-thumbnail","hentry","category-ultimas-noticias","tag-camara","tag-grabado","tag-por","tag-quedo","tag-seguridad","tag-una"],"_links":{"self":[{"href":"https:\/\/13.com.ar\/index.php\/wp-json\/wp\/v2\/posts\/47990","targetHints":{"allow":["GET"]}}],"collection":[{"href":"https:\/\/13.com.ar\/index.php\/wp-json\/wp\/v2\/posts"}],"about":[{"href":"https:\/\/13.com.ar\/index.php\/wp-json\/wp\/v2\/types\/post"}],"author":[{"embeddable":true,"href":"https:\/\/13.com.ar\/index.php\/wp-json\/wp\/v2\/users\/1"}],"replies":[{"embeddable":true,"href":"https:\/\/13.com.ar\/index.php\/wp-json\/wp\/v2\/comments?post=47990"}],"version-history":[{"count":0,"href":"https:\/\/13.com.ar\/index.php\/wp-json\/wp\/v2\/posts\/47990\/revisions"}],"wp:featuredmedia":[{"embeddable":true,"href":"https:\/\/13.com.ar\/index.php\/wp-json\/wp\/v2\/media\/47991"}],"wp:attachment":[{"href":"https:\/\/13.com.ar\/index.php\/wp-json\/wp\/v2\/media?parent=47990"}],"wp:term":[{"taxonomy":"category","embeddable":true,"href":"https:\/\/13.com.ar\/index.php\/wp-json\/wp\/v2\/categories?post=47990"},{"taxonomy":"post_tag","embeddable":true,"href":"https:\/\/13.com.ar\/index.php\/wp-json\/wp\/v2\/tags?post=47990"}],"curies":[{"name":"wp","href":"https:\/\/api.w.org\/{rel}","templated":true}]}}