{"id":47983,"date":"2025-08-04T12:48:57","date_gmt":"2025-08-04T15:48:57","guid":{"rendered":"https:\/\/13.com.ar\/index.php\/el-gobierno-de-kicillof-va-a-la-corte-suprema-para-reclamarle-una-deuda-de-12-billones-a-nacion\/"},"modified":"2025-08-04T12:48:57","modified_gmt":"2025-08-04T15:48:57","slug":"el-gobierno-de-kicillof-va-a-la-corte-suprema-para-reclamarle-una-deuda-de-12-billones-a-nacion","status":"publish","type":"post","link":"https:\/\/13.com.ar\/index.php\/el-gobierno-de-kicillof-va-a-la-corte-suprema-para-reclamarle-una-deuda-de-12-billones-a-nacion\/","title":{"rendered":"El Gobierno de Kicillof va a la Corte Suprema para reclamarle una deuda de $12 billones a Naci\u00f3n"},"content":{"rendered":"<p> <br \/>\n<br \/><img decoding=\"async\" src=\"https:\/\/13.com.ar\/wp-content\/uploads\/2025\/08\/El-Gobierno-de-Kicillof-va-a-la-Corte-Suprema-para.jpg\" \/><\/p>\n<div id=\"element-body-0\">\n<p>El Gobierno de Axel Kicillof anunci\u00f3 este lunes que presentar\u00e1 ante la Corte Suprema de Justicia de la Naci\u00f3n un reclamo por los fondos previsionales que Naci\u00f3n le adeuda a la provincia de Buenos Aires. Aseguraron que el monto se eleva a <strong>12 billones de pesos.<\/strong><\/p>\n<\/div>\n<div id=\"element-body-1\">\n<p>&#8220;Hubo movimientos en otras causas similares que llevaron adelante otras provincias, pero no se han producido ning\u00fan tipo de movimiento en la causa que oportunamente en abril de 2024 present\u00f3 la provincia de Buenos Aires&#8221;, dijo Carlos Bianco, ministro de Gobierno bonaerense y mano derecha del mandatario provincial, enfrentado con Javier Milei.<\/p>\n<\/div>\n<div id=\"element-body-2\">\n<p>&#8220;En total lo que le est\u00e1 debiendo el Gobierno Nacional a la provincia de Buenos Aires son unos 12,1 billones de pesos en esta \u00faltima actualizaci\u00f3n que hicimos con datos a junio. A precios de julio, son 12 billones de pesos todo lo que le est\u00e1 debiendo el gobierno nacional a la provincia de Buenos Aires&#8221;, indic\u00f3 Bianco, en una conferencia de prensa en la que detall\u00f3 con filminas el desagregado del monto global.<\/p>\n<\/div>\n<div id=\"element-body-3\">\n<p>En pleno per\u00edodo de campa\u00f1a electoral, el funcionario bonaerense marc\u00f3 que lo que se le va a solicitar a la Corte Suprema es, en primer lugar, &#8220;que se expida sobre su competencia para entender en la causa&#8221; y adem\u00e1s que &#8220;fije una audiencia de partes, tal como hizo con las provincias de C\u00f3rdoba y Santa Fe&#8221;.<\/p>\n<\/div>\n<div id=\"element-body-5\">\n<p>Tambi\u00e9n<strong> Kicillof sali\u00f3 a reclamar esos 12,1 billones de pesos,<\/strong> en una publicaci\u00f3n que hizo m\u00e1s tarde en las redes sociales. &#8220;A pesar de que es una decisi\u00f3n pol\u00edtica con fines electorales, esta no es una deuda con un gobierno, es con el bienestar del pueblo de la provincia&#8221;, remarc\u00f3 el mandatario.<\/p>\n<\/div>\n<div id=\"element-body-6\">\n<p>En ese sentido, el gobernador afirm\u00f3 que &#8220;el dinero que Milei les est\u00e1 quitando a las y los bonaerenses ya suma 12,1 billones de pesos entre <strong>deuda directa, saldos de obras p\u00fablicas comprometidas por el Gobierno Nacional en la provincia y la deuda estimada por la discontinuidad o retrasos de programas nacionales&#8221;.<\/strong><\/p>\n<\/div>\n<div id=\"element-body-7\">\n<p>Al respecto, Bianco destac\u00f3 que &#8220;en total por deudas directas, el Gobierno nacional le debe 3 billones de pesos a los bonaerenses&#8221;, mientras que el saldo de obras p\u00fablicas comprometidas de &#8220;casi 7 billones de pesos&#8221; est\u00e1 conformado por 180 obras p\u00fablicas ejecutadas por Naci\u00f3n en Provincia, adem\u00e1s del <strong>programa Procrear<\/strong>, con &#8220;105 convenios para la construcci\u00f3n de 6578 casas proyectadas en 28 municipios&#8221;, m\u00e1s otras 900 obras de infraestructura y servicios p\u00fablicos, que incluyen <strong>nuevas escuelas, universidades nacionales, hospitales<\/strong>, entre otras cuestiones.<\/p>\n<\/div>\n<div id=\"element-body-8\">\n<p>Asimismo, hay 2,2 billones de pesos en deuda que corresponden a discontinuidad o retraso de programas nacionales como el fortalecimiento en materia de <strong>seguridad<\/strong>, el Fonid (Fondo de Incentivo Docente), <strong>alimentos <\/strong>para comedores comunitarios, programa de acompa\u00f1amiento a mujeres, <strong>transporte p\u00fablico, emergencias clim\u00e1ticas <\/strong>como el caso de Bah\u00eda Blanca, medicamentos, entre otros.<\/p>\n<\/div>\n<div id=\"element-body-9\">\n<blockquote class=\"twitter-tweet\">\n<p lang=\"es\" dir=\"ltr\">El dinero que Milei les est\u00e1 quitando a las y los bonaerenses ya suma 12,1 billones de pesos entre deuda directa, saldos de obras p\u00fablicas comprometidas por el Gobierno Nacional en la provincia y la deuda estimada por la discontinuidad o retrasos de programas nacionales.<\/p>\n<p>A pesar\u2026 <a rel=\"nofollow\" target=\"_blank\" href=\"https:\/\/t.co\/3OharkFdcA\">pic.twitter.com\/3OharkFdcA<\/a><\/p>\n<p>\u2014 Axel Kicillof (@Kicillofok) <a rel=\"nofollow\" target=\"_blank\" href=\"https:\/\/twitter.com\/Kicillofok\/status\/1952372242697892092?ref_src=twsrc%5Etfw\">August 4, 2025<\/a><\/p><\/blockquote>\n<\/div>\n<div id=\"element-body-10\">\n<p>&#8220;El freno de Milei a la obra p\u00fablica nacional es otra de las decisiones que buscan quebrar a las provincias. En la PBA se paralizaron 1000 obras en los 135 municipios; son escuelas sin terminar, hospitales sin refaccionar y rutas abandonadas que son cada vez m\u00e1s peligrosas&#8221;, denunci\u00f3 Kicillof en X.<\/p>\n<\/div>\n<div id=\"element-body-11\">\n<p>Y expres\u00f3: &#8220;Para nosotros la obra p\u00fablica es desarrollo y por eso no se detiene. El presupuesto en infraestructura para este a\u00f1o duplica al ejecutado en 2024, mientras continuamos reactivando obras abandonadas por Naci\u00f3n en rutas, universidades y barrios populares&#8221;.<\/p>\n<\/div>\n<div id=\"element-body-12\">\n<p>En esa l\u00ednea, llam\u00f3 a votar en las pr\u00f3ximas elecciones legislativas de septiembre al frente peronista: &#8220;Casi dos a\u00f1os de gobierno y Milei insiste en abandonar la inversi\u00f3n. Este 7S vamos a decirle que en la provincia de Buenos Aires<strong> queremos un futuro mejor con la boleta de Fuerza Patria&#8221;.<\/strong><\/p>\n<\/div>\n<div id=\"element-body-13\">\n<p>Asimismo, se refiri\u00f3 a las denuncias por los informes de la SIDE que indicar\u00edan que hay acciones de inteligencia sobre sindicatos y l\u00edderes de la oposici\u00f3n. <\/p>\n<\/div>\n<div id=\"element-body-14\">\n<p>&#8220;<strong>A la asfixia econ\u00f3mica se suma la persecuci\u00f3n pol\u00edtica. <\/strong>A ra\u00edz de un informe period\u00edstico publicado en los \u00faltimos d\u00edas estamos evaluando presentar una denuncia penal por el supuesto espionaje de la Secretar\u00eda de Inteligencia del Estado sobre dirigentes pol\u00edticos, sindicalistas, periodistas y otros sectores, en una clara violaci\u00f3n a la ley de Inteligencia Nacional&#8221;, se\u00f1al\u00f3 Kicillof.<\/p>\n<\/div>\n<div id=\"element-body-15\">\n<p>Y agreg\u00f3: &#8220;No vamos a permitir que estas pr\u00e1cticas se instalen como forma de gobernar la Argentina&#8221;. <\/p>\n<\/div>\n<p><script async src=\"\/\/platform.twitter.com\/widgets.js\" charset=\"utf-8\"><\/script><br \/>\n<br \/><br \/>\n<br \/><a href=\"https:\/\/www.clarin.com\/politica\/gobierno-kicillof-va-corte-suprema-reclamarle-deuda-12-billones-nacion_0_mG3rpNwkSm.html\">Fuente Clarin.com <\/a><\/p>\n","protected":false},"excerpt":{"rendered":"<p>El Gobierno de Axel Kicillof anunci\u00f3 este lunes que presentar\u00e1 ante la Corte Suprema de Justicia de la Naci\u00f3n un reclamo por los fondos previsionales que Naci\u00f3n le adeuda a la provincia de Buenos Aires. Aseguraron que el monto se eleva a 12 billones de pesos. &#8220;Hubo movimientos en otras causas similares que llevaron adelante [&hellip;]<\/p>\n","protected":false},"author":1,"featured_media":47984,"comment_status":"open","ping_status":"open","sticky":false,"template":"","format":"standard","meta":{"footnotes":""},"categories":[2],"tags":[17101,297,3259,71,488,1240,16,25326,2357,73],"class_list":["post-47983","post","type-post","status-publish","format-standard","has-post-thumbnail","hentry","category-ultimas-noticias","tag-billones","tag-corte","tag-deuda","tag-gobierno","tag-kicillof","tag-nacion","tag-para","tag-reclamarle","tag-suprema","tag-una"],"_links":{"self":[{"href":"https:\/\/13.com.ar\/index.php\/wp-json\/wp\/v2\/posts\/47983","targetHints":{"allow":["GET"]}}],"collection":[{"href":"https:\/\/13.com.ar\/index.php\/wp-json\/wp\/v2\/posts"}],"about":[{"href":"https:\/\/13.com.ar\/index.php\/wp-json\/wp\/v2\/types\/post"}],"author":[{"embeddable":true,"href":"https:\/\/13.com.ar\/index.php\/wp-json\/wp\/v2\/users\/1"}],"replies":[{"embeddable":true,"href":"https:\/\/13.com.ar\/index.php\/wp-json\/wp\/v2\/comments?post=47983"}],"version-history":[{"count":0,"href":"https:\/\/13.com.ar\/index.php\/wp-json\/wp\/v2\/posts\/47983\/revisions"}],"wp:featuredmedia":[{"embeddable":true,"href":"https:\/\/13.com.ar\/index.php\/wp-json\/wp\/v2\/media\/47984"}],"wp:attachment":[{"href":"https:\/\/13.com.ar\/index.php\/wp-json\/wp\/v2\/media?parent=47983"}],"wp:term":[{"taxonomy":"category","embeddable":true,"href":"https:\/\/13.com.ar\/index.php\/wp-json\/wp\/v2\/categories?post=47983"},{"taxonomy":"post_tag","embeddable":true,"href":"https:\/\/13.com.ar\/index.php\/wp-json\/wp\/v2\/tags?post=47983"}],"curies":[{"name":"wp","href":"https:\/\/api.w.org\/{rel}","templated":true}]}}