{"id":47979,"date":"2025-08-04T12:42:57","date_gmt":"2025-08-04T15:42:57","guid":{"rendered":"https:\/\/13.com.ar\/index.php\/las-razones-por-las-que-el-precio-del-dolar-le-sirve-a-la-industria-y-al-gobierno\/"},"modified":"2025-08-04T12:42:57","modified_gmt":"2025-08-04T15:42:57","slug":"las-razones-por-las-que-el-precio-del-dolar-le-sirve-a-la-industria-y-al-gobierno","status":"publish","type":"post","link":"https:\/\/13.com.ar\/index.php\/las-razones-por-las-que-el-precio-del-dolar-le-sirve-a-la-industria-y-al-gobierno\/","title":{"rendered":"Las razones por las que el precio del d\u00f3lar le sirve a la industria y al Gobierno"},"content":{"rendered":"<p> <br \/>\n<br \/><img decoding=\"async\" src=\"https:\/\/13.com.ar\/wp-content\/uploads\/2025\/08\/Las-razones-por-las-que-el-precio-del-dolar-le.jpg\" \/><\/p>\n<div id=\"element-body-0\">\n<p><strong>Hay temas econ\u00f3micos que son culturales.<\/strong> El mejor ejemplo es el d\u00f3lar. De hecho, <strong>el argentino compra d\u00f3lares cuando est\u00e1n baratos porque cree que pueden subir y tambi\u00e9n los compra cuando est\u00e1n caros porque piensa que pueden seguir subiendo<\/strong>.<\/p>\n<\/div>\n<div id=\"element-body-1\">\n<p>Otra variante de la l\u00f3gica aplicada de los argentinos con<strong> el d\u00f3lar est\u00e1 vinculada al ahorro<\/strong>. En el primer mes completo sin cepo m\u00e1s de<strong> un mill\u00f3n de personas compraron d\u00f3lares.<\/strong> Por esta v\u00eda, solo en mayo pasado se fueron m\u00e1s de US$ 2.000 millones. Y si a este dato se suma el turismo, otra variante local de un d\u00f3lar accesible, la cifra es mucho mayor.<\/p>\n<\/div>\n<div id=\"element-body-2\">\n<p><strong>Tambi\u00e9n es cierto que la propia recuperaci\u00f3n de la econom\u00eda demanda m\u00e1s d\u00f3lares<\/strong>. Este a\u00f1o la econom\u00eda de la Argentina, m\u00e1s all\u00e1 del rebote de un 2024 de fuerte ca\u00edda, subir\u00e1 con fuerza. <strong>Seg\u00fan el Fondo Monetario Internacional (FMI), el pa\u00eds aumentar\u00e1 5,5% su Producto Bruto Interno (PBI<\/strong>), cifra que convertir\u00e1 a la Argentina en el segundo pa\u00eds que m\u00e1s crecer\u00e1 del mundo, s\u00f3lo superado por la India y por encima de Brasil, M\u00e9xico y China. <\/p>\n<\/div>\n<div id=\"element-body-4\">\n<p><strong>En la semana pasada el d\u00f3lar tuvo el salto que la industria esperaba<\/strong>. <strong>En el \u00faltimo d\u00eda de julio subi\u00f3 55 pesos <\/strong>y en el mes un 13,6%. El d\u00f3lar pas\u00f3 a ser m\u00e1s competitivo para la producci\u00f3n, al menos por ahora. <\/p>\n<\/div>\n<div id=\"element-body-5\">\n<p>Con los nuevos n\u00fameros el d\u00f3lar qued\u00f3 muy cerca del techo de la banda que dise\u00f1\u00f3 el Gobierno y en la cual flota el tipo de cambio. <strong>El presidente del Banco Central, Santiago Bausili,<\/strong> dijo que el &#8220;movimiento de los \u00faltimos d\u00edas en realidad es un tema de bancos internacionales que tienen un costo de capital asociado con la exposici\u00f3n que tienen los distintos pa\u00edses y ese costo de capital se mide seg\u00fan la foto de exposici\u00f3n al \u00faltimo d\u00eda del mes&#8221;.<\/p>\n<\/div>\n<div id=\"element-body-6\">\n<p>Si bien el Gobierno se puede beneficiar de la suba del d\u00f3lar, hay datos para tener en cuenta.<strong> La mini corrida tiene como origen el desarme de las Letras Fiscales de Liquidez (LEFI)<\/strong>, que eran instrumentos emitidos por el Tesoro con el objetivo de absorber pesos que ten\u00edan los bancos. Ese desarme provoc\u00f3 que se volcaran al mercado millones de pesos. Una parte de esos pesos se fue al d\u00f3lar.<\/p>\n<\/div>\n<div id=\"element-body-7\">\n<p><strong>En principio, el aumento es ideal para el Gobierno. B\u00e1sicamente porque es devaluar sin decir que se est\u00e1 devaluando.<\/strong> El precio lo est\u00e1 poniendo el mercado, todo dentro de la regla.<\/p>\n<\/div>\n<div id=\"element-body-8\">\n<p><strong>Las causas, <\/strong>m\u00e1s all\u00e1 de la conveniencia, est\u00e1n ancladas en<strong> la propia recuperaci\u00f3n de la econom\u00eda, en la finalizaci\u00f3n de la liquidaci\u00f3n fuerte de la cosecha gruesa, en el desarme de las LEFI, en el d\u00f3lar ahorro y en la balanza de turismo.<\/strong> <\/p>\n<\/div>\n<div id=\"element-body-9\">\n<p><strong>Todo ese combo implica que lo que faltan son precisamente d\u00f3lares<\/strong> entre los que se necesitan y los que se producen. Eso s\u00ed, esa falta de d\u00f3lares de desbalance no implica que el Gobierno no tenga herramientas para contener la divisa estadounidense. <strong>La espalda para enfrentar cualquier corrida se refugia en los US$ 12.000 millones que tiene el Banco Central v\u00eda cr\u00e9dito del FMI<\/strong>.  Hay m\u00e1s: en la semana tambi\u00e9n el Fondo confirm\u00f3 y gir\u00f3 US$ 2.000 millones (entraron hoy) que son parte del acuerdo con Argentina.<\/p>\n<\/div>\n<div id=\"element-body-10\">\n<p>Sin embargo, y m\u00e1s all\u00e1 que<strong> <\/strong>la devaluaci\u00f3n del peso de los \u00faltimos d\u00edas se convierte en un tipo de cambio m\u00e1s competitivo, la situaci\u00f3n se puede complicar si la suba del d\u00f3lar se traslada a los precios. De hecho, <strong>en los supermercados ya llegaron listas con aumentos. Otros sectores, como el automotriz, ya aumentaron o analizan hacerlo.<\/strong> En el caso de la venta de autos se piensa en n\u00fameros dispares que van del 2% al 10% seg\u00fan el modelo.<\/p>\n<\/div>\n<div id=\"element-body-11\">\n<p><strong>\u00bfHay margen para aumentar los precios y vender?<\/strong> La respuesta es dispar. Hay economistas que creen que hay sectores que no van a tener margen para aumentar los precios porque o no van a vender. En el Gobierno, agregan, que los productos importados le ponen un freno a la suba de precios.<\/p>\n<\/div>\n<div id=\"element-body-12\">\n<p>&#8220;<strong>Respecto al traslado a precios de la reciente suba del tipo de cambio, estimamos que deber\u00eda ser bajo en t\u00e9rminos relativos a la historia reciente<\/strong>, en un contexto en el que buena parte de la actividad asociada al mercado interno a\u00fan est\u00e1 fr\u00eda y en el que los precios de los granos en el mercado internacional han disminuido en el mercado internacional&#8221;, asegura el informe de la consultora SurAmericana<\/p>\n<\/div>\n<div id=\"element-body-13\">\n<p>El aumento de la importaci\u00f3n puso una alarma en la industria.<strong> El presidente de la Uni\u00f3n Industrial Argentina (UIA), Mart\u00edn Rappallini, alert\u00f3 sobre la destrucci\u00f3n del empleo que est\u00e1 sufriendo el sector<\/strong>. El empresario dijo que la actividad est\u00e1 amesetada desde abril y advirti\u00f3 sobre el impacto en el mercado laboral. <strong>\u201cVemos que mes a mes hay una p\u00e9rdida de 1.000 a 1.500 puestos de trabajo promedio en la industria<\/strong>. Eso viene desde marzo en adelante\u201d, dijo<strong> Rappallini<\/strong>.<\/p>\n<\/div>\n<div id=\"element-body-14\">\n<p><strong>En el \u00faltimo informe industrial de la UIA<\/strong>, donde se anticipan los datos del mes de julio, indican una recuperaci\u00f3n interanual (en gran medida debido al bajo nivel de 2024), pero con un desempe\u00f1o heterog\u00e9neo al interior de la industria si se compara respecto al mes anterior y en comparaci\u00f3n al mismo per\u00edodo de 2023.<strong>&#8220;La importaci\u00f3n impacta, pero estamos m\u00e1s preocupados por la actividad. En algunos casos, como materiales de construcci\u00f3n la ca\u00edda es mayor al 30%. En textil y calzados es lo mismo&#8221;,<\/strong> asegur\u00f3 Rappallini.<\/p>\n<\/div>\n<p><br \/>\n<br \/><a href=\"https:\/\/www.clarin.com\/economia\/razones-precio-dolar-sirve-industria-gobierno_0_YAVejiRRNk.html\">Fuente Clarin.com <\/a><\/p>\n","protected":false},"excerpt":{"rendered":"<p>Hay temas econ\u00f3micos que son culturales. El mejor ejemplo es el d\u00f3lar. De hecho, el argentino compra d\u00f3lares cuando est\u00e1n baratos porque cree que pueden subir y tambi\u00e9n los compra cuando est\u00e1n caros porque piensa que pueden seguir subiendo. Otra variante de la l\u00f3gica aplicada de los argentinos con el d\u00f3lar est\u00e1 vinculada al ahorro. [&hellip;]<\/p>\n","protected":false},"author":1,"featured_media":47980,"comment_status":"open","ping_status":"open","sticky":false,"template":"","format":"standard","meta":{"footnotes":""},"categories":[2],"tags":[100,3068,71,5007,48,142,866,2228,2107],"class_list":["post-47979","post","type-post","status-publish","format-standard","has-post-thumbnail","hentry","category-ultimas-noticias","tag-del","tag-dolar","tag-gobierno","tag-industria","tag-las","tag-por","tag-precio","tag-razones","tag-sirve"],"_links":{"self":[{"href":"https:\/\/13.com.ar\/index.php\/wp-json\/wp\/v2\/posts\/47979","targetHints":{"allow":["GET"]}}],"collection":[{"href":"https:\/\/13.com.ar\/index.php\/wp-json\/wp\/v2\/posts"}],"about":[{"href":"https:\/\/13.com.ar\/index.php\/wp-json\/wp\/v2\/types\/post"}],"author":[{"embeddable":true,"href":"https:\/\/13.com.ar\/index.php\/wp-json\/wp\/v2\/users\/1"}],"replies":[{"embeddable":true,"href":"https:\/\/13.com.ar\/index.php\/wp-json\/wp\/v2\/comments?post=47979"}],"version-history":[{"count":0,"href":"https:\/\/13.com.ar\/index.php\/wp-json\/wp\/v2\/posts\/47979\/revisions"}],"wp:featuredmedia":[{"embeddable":true,"href":"https:\/\/13.com.ar\/index.php\/wp-json\/wp\/v2\/media\/47980"}],"wp:attachment":[{"href":"https:\/\/13.com.ar\/index.php\/wp-json\/wp\/v2\/media?parent=47979"}],"wp:term":[{"taxonomy":"category","embeddable":true,"href":"https:\/\/13.com.ar\/index.php\/wp-json\/wp\/v2\/categories?post=47979"},{"taxonomy":"post_tag","embeddable":true,"href":"https:\/\/13.com.ar\/index.php\/wp-json\/wp\/v2\/tags?post=47979"}],"curies":[{"name":"wp","href":"https:\/\/api.w.org\/{rel}","templated":true}]}}