{"id":47977,"date":"2025-08-04T12:40:00","date_gmt":"2025-08-04T15:40:00","guid":{"rendered":"https:\/\/13.com.ar\/index.php\/atenas-otras-ciudad-historica-que-se-canso-del-turismo-excesivo\/"},"modified":"2025-08-04T12:40:00","modified_gmt":"2025-08-04T15:40:00","slug":"atenas-otras-ciudad-historica-que-se-canso-del-turismo-excesivo","status":"publish","type":"post","link":"https:\/\/13.com.ar\/index.php\/atenas-otras-ciudad-historica-que-se-canso-del-turismo-excesivo\/","title":{"rendered":"Atenas, otras ciudad hist\u00f3rica que se cans\u00f3 del turismo excesivo"},"content":{"rendered":"<p> <br \/>\n<\/p>\n<div id=\"cuerpo\">\n<div class=\"sc-45461e9c-0 eqiBeF container-text text-embed \" id=\"element-body-0\">\n<p>Giorgos Zafeiriou ya no reconoce su barrio, el centro hist\u00f3rico de Atenas, con sus veredas invadidas por mesas de restaurantes, el ir y venir de valijas con ruedas que circulan en medio de basureros desbordados y el estruendo de la m\u00fasica.<\/p>\n<\/div>\n<div class=\"sc-45461e9c-0 eqiBeF container-text text-embed \" id=\"element-body-1\">\n<p>El <strong>distrito Plaka<\/strong> de la capital griega &#8220;est\u00e1 amenazada por el sobreturismo&#8221;, lamenta Zafeiriou, quien vive en esta zona desde hace m\u00e1s de tres d\u00e9cadas y encabeza su asociaci\u00f3n de residentes.<\/p>\n<\/div>\n<div class=\"sc-98b114a2-0 bkqiHH image-embed  image-embed \" id=\"element-body-2\"><picture class=\"sc-98b114a2-1 jRUlDm\"><source media=\"(min-width: 975px)\" width=\"720\" height=\"480\" \/><img fetchpriority=\"high\" alt=\"El distrito Plaka de la capital griega &quot;est\u00e1 amenazada por el sobreturismo&quot;. Foto: Louisa Gouliamak AFP\" loading=\"eager\" width=\"720\" height=\"480\" decoding=\"async\" data-nimg=\"1\" style=\"color:transparent\" src=\"https:\/\/13.com.ar\/wp-content\/uploads\/2025\/08\/Atenas-otras-ciudad-historica-que-se-canso-del-turismo-excesivo.jpg\"\/><span class=\"epigraphe\">El distrito Plaka de la capital griega &#8220;est\u00e1 amenazada por el sobreturismo&#8221;. Foto: Louisa Gouliamak AFP<\/span><span class=\"picture-open\"><button class=\"open-image\" aria-label=\"Open Image\"\/><\/span><\/picture><\/div>\n<div class=\"sc-45461e9c-0 eqiBeF container-text text-embed \" id=\"element-body-3\">\n<p>Este a\u00f1o se esperan <strong>10 millones de visitantes en Atenas,<\/strong> dos millones m\u00e1s que en 2024, lo que refleja la creciente popularidad de la ciudad como destino tur\u00edstico desde el fin de la pandemia del covid-19.<\/p>\n<\/div>\n<div class=\"sc-45461e9c-0 eqiBeF container-text text-embed \" id=\"element-body-4\">\n<p>Considerada la cuna de la civilizaci\u00f3n occidental<strong>, Atenas ante era vista como una escala<\/strong> entre el aeropuerto y el puerto de Pireo, desde donde los turistas exploran las pintorescas islas griegas.<\/p>\n<\/div>\n<div class=\"sc-45461e9c-0 eqiBeF container-text text-embed \" id=\"element-body-5\">\n<p>Plaka est\u00e1 ubicada <strong>bajo la antigua colina de Acr\u00f3polis,<\/strong> un sitio patrimonio mundial donde se encuentra el milenario templo del Parten\u00f3n, y que el a\u00f1o pasado recibi\u00f3 a casi 4,5 millones de visitantes.<\/p>\n<\/div>\n<div class=\"sc-98b114a2-0 bkqiHH image-embed  image-embed \" id=\"element-body-6\"><picture class=\"sc-98b114a2-1 jRUlDm\"><source media=\"(min-width: 975px)\" width=\"720\" height=\"480\" \/><img alt=\"El milenario templo del Parten\u00f3n. Foto: ARIS MESSINIS \/ AFP\" loading=\"eager\" width=\"720\" height=\"480\" decoding=\"async\" data-nimg=\"1\" style=\"color:transparent\" src=\"https:\/\/13.com.ar\/wp-content\/uploads\/2025\/08\/1754322000_168_Atenas-otras-ciudad-historica-que-se-canso-del-turismo-excesivo.jpg\"\/><span class=\"epigraphe\">El milenario templo del Parten\u00f3n. Foto: ARIS MESSINIS \/ AFP<\/span><span class=\"picture-open\"><button class=\"open-image\" aria-label=\"Open Image\"\/><\/span><\/picture><\/div>\n<div class=\"sc-45461e9c-0 eqiBeF container-text text-embed \" id=\"element-body-7\">\n<p>Plaka est\u00e1 repleta de turistas que navegan<strong> sus calles estrechas <\/strong>bordeadas de caf\u00e9s, tabernas, tiendas de souvenirs, peque\u00f1os templos bizantinos y<strong> reliquias de la Antig\u00fcedad y la era Otomana.<\/strong><\/p>\n<\/div>\n<div class=\"sc-45461e9c-0 eqiBeF container-text text-embed \" id=\"element-body-8\">\n<p>Plaka &#8220;es el barrio m\u00e1s antiguo de Europa y ha sido habitado constantemente desde la Antig\u00fcedad&#8221;, se\u00f1al\u00f3 Lydia Carras, quien encabeza la asociaci\u00f3n Ellet de preservaci\u00f3n del medio ambiente y la herencia cultural.<\/p>\n<\/div>\n<div class=\"sc-45461e9c-0 eqiBeF container-text text-embed \" id=\"element-body-9\">\n<p>&#8220;<strong>No podemos dejar que pierda su alma<\/strong>&#8220;, agreg\u00f3.<\/p>\n<\/div>\n<div class=\"sc-45461e9c-0 eqiBeF container-text text-embed \" id=\"element-body-10\">\n<p>El turismo es un pilar de la econom\u00eda griega, que ha enfrentado <strong>a\u00f1os de austeridad<\/strong> tras la crisis financiera global de 2008, y la posterior crisis de la deuda en la eurozona.<\/p>\n<\/div>\n<div class=\"sc-45461e9c-0 eqiBeF container-text text-embed \" id=\"element-body-11\">\n<p>Para Konstantinos Marinakis, un vendedor de souvenirs, &#8220;a Grecia finalmente <strong>le va mejor gracias al turismo<\/strong>, que ha permitido a la econom\u00eda recuperarse y crear empleos&#8221;.<\/p>\n<\/div>\n<div class=\"sc-98b114a2-0 bkqiHH image-embed  image-embed \" id=\"element-body-12\"><picture class=\"sc-98b114a2-1 jRUlDm\"><source media=\"(min-width: 975px)\" width=\"720\" height=\"480\" \/><img alt=\"La econom\u00eda griega, que ha enfrentado a\u00f1os de austeridad. Foto: Reuters\" loading=\"eager\" width=\"720\" height=\"480\" decoding=\"async\" data-nimg=\"1\" style=\"color:transparent\" src=\"https:\/\/13.com.ar\/wp-content\/uploads\/2025\/08\/1754322000_462_Atenas-otras-ciudad-historica-que-se-canso-del-turismo-excesivo.jpg\"\/><span class=\"epigraphe\">La econom\u00eda griega, que ha enfrentado a\u00f1os de austeridad. Foto: Reuters<\/span><span class=\"picture-open\"><button class=\"open-image\" aria-label=\"Open Image\"\/><\/span><\/picture><\/div>\n<div class=\"sc-45461e9c-0 eqiBeF container-text text-embed \" id=\"element-body-13\">\n<p>Pero la actividad<strong> ha generado rechazo entre los pobladores<\/strong> de los sitios m\u00e1s buscados de Europa, que reclaman por los crecientes precios de la vivienda y el impacto en sus barrios.<\/p>\n<\/div>\n<p><h2>El caso de Barcelona<\/h2>\n<\/p>\n<div class=\"sc-45461e9c-0 eqiBeF container-text text-embed \" id=\"element-body-15\">\n<p>En Barcelona, manifestantes<strong> han atacado a turistas con pistolas de agua <\/strong>mientras la italiana Venecia impuso un cobro para controlar el n\u00famero de visitantes.<\/p>\n<\/div>\n<div class=\"sc-45461e9c-0 eqiBeF container-text text-embed \" id=\"element-body-16\">\n<p>El alcalde Haris Doukas coment\u00f3 a la AFP que Atenas es ahora <strong>una de las 10 ciudades m\u00e1s visitadas del mundo,<\/strong> pero reconoci\u00f3 que &#8220;zonas como Plaka est\u00e1n saturadas de turistas&#8221;.<\/p>\n<\/div>\n<div class=\"sc-45461e9c-0 eqiBeF container-text text-embed \" id=\"element-body-17\">\n<p>&#8220;No hemos llegado al nivel de Barcelona, pero debemos hacer algo antes de que sea demasiado tarde&#8221;, dijo.<\/p>\n<\/div>\n<div class=\"sc-98b114a2-0 bkqiHH image-embed  image-embed \" id=\"element-body-18\"><picture class=\"sc-98b114a2-1 jRUlDm\"><source media=\"(min-width: 975px)\" width=\"720\" height=\"480\" \/><img alt=\"Turistas en Barcelona. Foto: PAU BARRENA \/ AFP\" loading=\"eager\" width=\"720\" height=\"480\" decoding=\"async\" data-nimg=\"1\" style=\"color:transparent\" src=\"https:\/\/13.com.ar\/wp-content\/uploads\/2025\/08\/1754322000_294_Atenas-otras-ciudad-historica-que-se-canso-del-turismo-excesivo.jpg\"\/><span class=\"epigraphe\">Turistas en Barcelona. Foto: PAU BARRENA \/ AFP<\/span><span class=\"picture-open\"><button class=\"open-image\" aria-label=\"Open Image\"\/><\/span><\/picture><\/div>\n<div class=\"sc-45461e9c-0 eqiBeF container-text text-embed \" id=\"element-body-19\">\n<p>Ante ello, fue creada una &#8220;unidad de intervenci\u00f3n&#8221; para Plaka a fin de aplicar las reglas con apoyo de la polic\u00eda municipal.<\/p>\n<\/div>\n<div class=\"sc-45461e9c-0 eqiBeF container-text text-embed \" id=\"element-body-20\">\n<p>Si un residente ve que la terraza de alg\u00fan restaurante invade el espacio p\u00fablico o que hay veh\u00edculos estacionados en la acera, <strong>puede denunciarlo<\/strong> a este equipo municipal.<\/p>\n<\/div>\n<div class=\"sc-45461e9c-0 eqiBeF container-text text-embed \" id=\"element-body-21\">\n<p>Entre 1960 y 1980, Plaka estaba llena de discotecas y<em> bouzoukias <\/em>(club de m\u00fasica griega)&#8221; y &#8220;muchos pobladores se alejaron&#8221;, cont\u00f3 Carras.<\/p>\n<\/div>\n<div class=\"sc-45461e9c-0 eqiBeF container-text text-embed \" id=\"element-body-22\">\n<p>Los clubes fueron cerrados por un decreto presidencial de 1993, que protegi\u00f3 las casas y precis\u00f3 el uso de cada inmueble del barrio, donde s\u00f3lo se permiten hoteles en ciertas calles.<\/p>\n<\/div>\n<div class=\"sc-45461e9c-0 eqiBeF container-text text-embed \" id=\"element-body-23\">\n<p>Pero &#8220;esas reglas han sido ignoradas&#8221;, con <strong>&#8220;casas enteras convertidas en varios apartamentos&#8221;<\/strong> anunciados en plataformas de arriendo de corto plazo, asegur\u00f3 <strong>Dimitris Melissas, un abogado especializado en planificaci\u00f3n urbana.<\/strong><\/p>\n<\/div>\n<div class=\"sc-98b114a2-0 bkqiHH image-embed  image-embed \" id=\"element-body-24\"><picture class=\"sc-98b114a2-1 jRUlDm\"><source media=\"(min-width: 975px)\" width=\"720\" height=\"480\" \/><img alt=\"Turistas, en mesas al aire libre en Plaka. Foto: EFE\" loading=\"eager\" width=\"720\" height=\"480\" decoding=\"async\" data-nimg=\"1\" style=\"color:transparent\" src=\"https:\/\/13.com.ar\/wp-content\/uploads\/2025\/08\/1754322000_339_Atenas-otras-ciudad-historica-que-se-canso-del-turismo-excesivo.jpg\"\/><span class=\"epigraphe\">Turistas, en mesas al aire libre en Plaka. Foto: EFE<\/span><span class=\"picture-open\"><button class=\"open-image\" aria-label=\"Open Image\"\/><\/span><\/picture><\/div>\n<div class=\"sc-45461e9c-0 eqiBeF container-text text-embed \" id=\"element-body-25\">\n<p>Plaka tiene <strong>una poblaci\u00f3n de 2.000 personas<\/strong>, pero en el verano puede recibir cuatro veces esa cifra, seg\u00fan Melissas.<\/p>\n<\/div>\n<div class=\"sc-45461e9c-0 eqiBeF container-text text-embed \" id=\"element-body-26\">\n<p>El abogado llev\u00f3 un caso sobre la legalidad de 16 edificios convertidos enteramente en alquileres estacionales al Consejo de Estado, principal corte administrativa de Grecia.<\/p>\n<\/div>\n<div class=\"sc-45461e9c-0 eqiBeF container-text text-embed \" id=\"element-body-27\">\n<p>Dice que son<strong> hoteles disfrazados<\/strong> porque tienen recepci\u00f3n o sirven desayuno en las terrazas. Se espera una decisi\u00f3n para finales de septiembre y podr\u00eda marcar un importante antecedente legal.<\/p>\n<\/div>\n<div class=\"sc-45461e9c-0 eqiBeF container-text text-embed \" id=\"element-body-28\">\n<p>El gobierno conservador <strong>prohibi\u00f3 el registros de departamentos en plataformas de alquiler <\/strong>de corto plazo por al menos un a\u00f1o en el centro de Atenas, donde hab\u00eda al menos<strong> 12.000 de estos arriendos<\/strong> en 2024, lo que provoc\u00f3 un encarecimiento de los alquileres.<\/p>\n<\/div>\n<div class=\"sc-45461e9c-0 eqiBeF container-text text-embed \" id=\"element-body-29\">\n<p>&#8220;Pero todav\u00eda leo anuncios en diarios para invertir en departamentos que pueden ser convertidos en Airbnb, dudo de la efectividad de esta medida&#8221;, expres\u00f3 Melissas.<\/p>\n<\/div>\n<div class=\"sc-45461e9c-0 eqiBeF container-text text-embed \" id=\"element-body-30\">\n<p>&#8220;El problema en Grecia no es la aprobaci\u00f3n de leyes, sino su aplicaci\u00f3n&#8221;, concluy\u00f3.<\/p>\n<\/div>\n<\/div>\n<p><br \/>\n<br \/><a href=\"https:\/\/www.clarin.com\/mundo\/atenas-ciudad-historica-canso-turismo-excesivo_0_h0SCBMx9SA.html\">Fuente Clarin.com <\/a><\/p>\n","protected":false},"excerpt":{"rendered":"<p>Giorgos Zafeiriou ya no reconoce su barrio, el centro hist\u00f3rico de Atenas, con sus veredas invadidas por mesas de restaurantes, el ir y venir de valijas con ruedas que circulan en medio de basureros desbordados y el estruendo de la m\u00fasica. El distrito Plaka de la capital griega &#8220;est\u00e1 amenazada por el sobreturismo&#8221;, lamenta Zafeiriou, [&hellip;]<\/p>\n","protected":false},"author":1,"featured_media":47978,"comment_status":"open","ping_status":"open","sticky":false,"template":"","format":"standard","meta":{"footnotes":""},"categories":[2],"tags":[25324,6590,984,100,25325,3719,3699,6414],"class_list":["post-47977","post","type-post","status-publish","format-standard","has-post-thumbnail","hentry","category-ultimas-noticias","tag-atenas","tag-canso","tag-ciudad","tag-del","tag-excesivo","tag-historica","tag-otras","tag-turismo"],"_links":{"self":[{"href":"https:\/\/13.com.ar\/index.php\/wp-json\/wp\/v2\/posts\/47977","targetHints":{"allow":["GET"]}}],"collection":[{"href":"https:\/\/13.com.ar\/index.php\/wp-json\/wp\/v2\/posts"}],"about":[{"href":"https:\/\/13.com.ar\/index.php\/wp-json\/wp\/v2\/types\/post"}],"author":[{"embeddable":true,"href":"https:\/\/13.com.ar\/index.php\/wp-json\/wp\/v2\/users\/1"}],"replies":[{"embeddable":true,"href":"https:\/\/13.com.ar\/index.php\/wp-json\/wp\/v2\/comments?post=47977"}],"version-history":[{"count":0,"href":"https:\/\/13.com.ar\/index.php\/wp-json\/wp\/v2\/posts\/47977\/revisions"}],"wp:featuredmedia":[{"embeddable":true,"href":"https:\/\/13.com.ar\/index.php\/wp-json\/wp\/v2\/media\/47978"}],"wp:attachment":[{"href":"https:\/\/13.com.ar\/index.php\/wp-json\/wp\/v2\/media?parent=47977"}],"wp:term":[{"taxonomy":"category","embeddable":true,"href":"https:\/\/13.com.ar\/index.php\/wp-json\/wp\/v2\/categories?post=47977"},{"taxonomy":"post_tag","embeddable":true,"href":"https:\/\/13.com.ar\/index.php\/wp-json\/wp\/v2\/tags?post=47977"}],"curies":[{"name":"wp","href":"https:\/\/api.w.org\/{rel}","templated":true}]}}