{"id":47976,"date":"2025-08-04T12:36:57","date_gmt":"2025-08-04T15:36:57","guid":{"rendered":"https:\/\/13.com.ar\/index.php\/bajo-control-de-santiago-caputo-el-fondo-fueguino-zafo-de-la-motosierra-de-javier-milei\/"},"modified":"2025-08-04T12:36:57","modified_gmt":"2025-08-04T15:36:57","slug":"bajo-control-de-santiago-caputo-el-fondo-fueguino-zafo-de-la-motosierra-de-javier-milei","status":"publish","type":"post","link":"https:\/\/13.com.ar\/index.php\/bajo-control-de-santiago-caputo-el-fondo-fueguino-zafo-de-la-motosierra-de-javier-milei\/","title":{"rendered":"Bajo control de Santiago Caputo, el fondo fueguino zaf\u00f3 de la motosierra de Javier Milei"},"content":{"rendered":"<p> <br \/>\n<br \/><img decoding=\"async\" src=\"https:\/\/13.com.ar\/wp-content\/uploads\/2025\/07\/la-contundente-respuesta-a-Karina-Milei-de-un-troll-libertario.jpg\" \/><\/p>\n<div id=\"element-body-0\">\n<p>Uno de los siete <strong>fondos fiduciarios que zafaron de la motosierra <\/strong>alimentada por las facultades delegadas del Ejecutivo, que vencieron el pasado 8 de julio, es el <strong>Fondo para la Ampliaci\u00f3n de la Matriz Productiva Fueguina (FAMP)<\/strong> que si bien ha visto reducido a casi la mitad su patrimonio -hoy estimado en unos $100 mil millones-, sigue con desembolsos para fi<strong>nanciar dos grandes obras en marcha<\/strong>: una generadora el\u00e9ctrica en Ushuaia y un parque industrial en Tolhuin, la tercera ciudad en importancia de la provincia austral.<\/p>\n<\/div>\n<div id=\"element-body-1\">\n<p>Pero en paralelo a la p\u00e9rdida de poder de fuego de este fiduciario, que se alimenta con los aportes de las empresas beneficiadas con el r\u00e9gimen impositivo especial de esa provincia, se produjo un cambio de roles de la presidenta de su directorio, <strong>Noelia Ruiz, <\/strong>una ex diputada del PRO que reporta a <strong>Santiago Caputo<\/strong>. Si bien desempe\u00f1a este cargo &#8220;ad honorem&#8221;, hasta principios de julio revisti\u00f3 como directora de Arsat y luego pas\u00f3 a desempe\u00f1arse como <strong>vicepresidente del ORSNA, el entre regulador del sistema nacional de aeropuertos <\/strong>que, entre otras tareas, autoriza las obras en cada una de las aerostaciones.<\/p>\n<\/div>\n<div id=\"element-body-2\">\n<p>El dato no s\u00f3lo confirma<strong> la influencia del asesor presidencial en el \u00e1rea de Transporte<\/strong> sino que en un sector del oficialismo genera suspicacias luego de la pol\u00e9mica por el arribo del avi\u00f3n Bombardier Global 5000, propiedad del empresario <strong>Leonardo Scatturice<\/strong>, organizador de la CPAC en Argentina y con v\u00ednculos con el joven consultor, que qued\u00f3 en la mira de la Fiscal\u00eda de Investigaciones Administrativas por haber trasladado desde Miami valijas que supuestamente no fueron controladas adecuadamente por el personal de la Aduana argentina.<\/p>\n<\/div>\n<div id=\"element-body-3\">\n<p>Como sea, <strong>la delegada de Caputo sigue liderando el directorio del FAMP,<\/strong> pero fuentes fuentes oficiales y de la oposici\u00f3n consultadas aseguran que el mismo podr\u00eda liquidarse en 2026 producto de una calculada asfixia financiera. En mayo, el Ministerio de Econom\u00eda anunci\u00f3 una reducci\u00f3n los aranceles para importar celulares y una baja de impuestos internos para producir en la provincia y un r\u00e9gimen simplificado para comprar a las ensambladoras beneficiadas con el hist\u00f3rico r\u00e9gimen fueguino. Esta semana, de hecho, se publicar\u00eda en el Bolet\u00edn Oficial una &#8220;correcci\u00f3n&#8221; a los cambios en los tributos internos en Tierra del Fuego.<\/p>\n<\/div>\n<div id=\"element-body-4\">\n<div class=\"sc-c2c2a3c6-1 kQhBlc videoText videoText\">\n<h2>Video<\/h2>\n<p>El esc\u00e1ndalo de las diez valijas sin controlo que incomoda a Milei<\/p>\n<\/div>\n<\/div>\n<div id=\"element-body-5\">\n<p>En el Palacio de Hacienda uno los promotores del cierre del FAMP es el secretario de Hacienda,<strong> Oscar Guberman<\/strong>, que responde al ministro Luis &#8220;Toto&#8221; Caputo. La iniciativa se podr\u00eda concretar con un DNU que reemplace al mismo que cre\u00f3 el fondo en 2021 por impulso del entonces ministro <strong>Mat\u00edas Kulfas <\/strong>(Producci\u00f3n). Pero a\u00fan no hay confirmaci\u00f3n oficial de su eventual eliminaci\u00f3n.<\/p>\n<\/div>\n<div id=\"element-body-6\">\n<p>Sin embargo, el fondo fiduciario tiene iniciativas aprobadas en marcha. Las grandes ensambladoras de la provincia, una propiedad de &#8220;Nicky&#8221; Caputo y otra de Rub\u00e9n Cher\u00f1ajovsky cuentan con proyectos &#8220;aprobados&#8221; para la construcci\u00f3n de hoteles en Ushuaia o el desarrollo de la acuicultura con la exportaci\u00f3n de moluscos y mejillones mientras esperan la autorizaci\u00f3n para producir salm\u00f3nidos. &#8220;A las propias empresas ya no les sirve el fondo en medio del achique general. Para qu\u00e9 hacer aportes para emprender algo nuevo cuando deben proteger sus industrias de base&#8221;, conjetur\u00f3 un funcionario consultado.<\/p>\n<\/div>\n<div id=\"element-body-7\">\n<p>Mientras tanto, el gobernador fueguino Gustavo Melella acus\u00f3 a Javier Milei de repartir dinero &#8220;para los amigos&#8221;. Por ejemplo, en concepto de Aportes al Tesoro Nacional (ATN), uno de los rubros que tensiona el v\u00ednculo del Ejecutivo con los gobernadores, en julio fueron beneficiados con transferencias de $3500 millones distritos como Catamarca, Salta o Tucum\u00e1n, que suelen acompa\u00f1ar al oficialismo en el Congreso.<\/p>\n<\/div>\n<div id=\"element-body-8\">\n<p>Melella tambi\u00e9n se refiri\u00f3 a la eliminaci\u00f3n de aranceles para la importaci\u00f3n de celulares, que hab\u00eda encendido alarmas en la provincia austral. &#8220;Estamos trabajando con el Gobierno nacional, los trabajadores y las empresas para ser m\u00e1s competitivos. Lo positivo es que ahora se puede vender directamente desde la isla al resto del pa\u00eds y eso abarata los precios&#8221;, explic\u00f3.  <\/p>\n<\/div>\n<p><br \/>\n<br \/><a href=\"https:\/\/www.clarin.com\/politica\/control-santiago-caputo-fondo-fueguino-zafo-motosierra-javier-milei_0_eVVV1Eka1K.html\">Fuente Clarin.com <\/a><\/p>\n","protected":false},"excerpt":{"rendered":"<p>Uno de los siete fondos fiduciarios que zafaron de la motosierra alimentada por las facultades delegadas del Ejecutivo, que vencieron el pasado 8 de julio, es el Fondo para la Ampliaci\u00f3n de la Matriz Productiva Fueguina (FAMP) que si bien ha visto reducido a casi la mitad su patrimonio -hoy estimado en unos $100 mil [&hellip;]<\/p>\n","protected":false},"author":1,"featured_media":44831,"comment_status":"open","ping_status":"open","sticky":false,"template":"","format":"standard","meta":{"footnotes":""},"categories":[2],"tags":[1063,45,645,1244,10564,273,77,8332,414,16214],"class_list":["post-47976","post","type-post","status-publish","format-standard","has-post-thumbnail","hentry","category-ultimas-noticias","tag-bajo","tag-caputo","tag-control","tag-fondo","tag-fueguino","tag-javier","tag-milei","tag-motosierra","tag-santiago","tag-zafo"],"_links":{"self":[{"href":"https:\/\/13.com.ar\/index.php\/wp-json\/wp\/v2\/posts\/47976","targetHints":{"allow":["GET"]}}],"collection":[{"href":"https:\/\/13.com.ar\/index.php\/wp-json\/wp\/v2\/posts"}],"about":[{"href":"https:\/\/13.com.ar\/index.php\/wp-json\/wp\/v2\/types\/post"}],"author":[{"embeddable":true,"href":"https:\/\/13.com.ar\/index.php\/wp-json\/wp\/v2\/users\/1"}],"replies":[{"embeddable":true,"href":"https:\/\/13.com.ar\/index.php\/wp-json\/wp\/v2\/comments?post=47976"}],"version-history":[{"count":0,"href":"https:\/\/13.com.ar\/index.php\/wp-json\/wp\/v2\/posts\/47976\/revisions"}],"wp:featuredmedia":[{"embeddable":true,"href":"https:\/\/13.com.ar\/index.php\/wp-json\/wp\/v2\/media\/44831"}],"wp:attachment":[{"href":"https:\/\/13.com.ar\/index.php\/wp-json\/wp\/v2\/media?parent=47976"}],"wp:term":[{"taxonomy":"category","embeddable":true,"href":"https:\/\/13.com.ar\/index.php\/wp-json\/wp\/v2\/categories?post=47976"},{"taxonomy":"post_tag","embeddable":true,"href":"https:\/\/13.com.ar\/index.php\/wp-json\/wp\/v2\/tags?post=47976"}],"curies":[{"name":"wp","href":"https:\/\/api.w.org\/{rel}","templated":true}]}}